{"id":1022,"date":"2019-06-26T10:37:38","date_gmt":"2019-06-26T10:37:38","guid":{"rendered":"https:\/\/www.andorra-advisors.com\/ca\/?p=1022"},"modified":"2019-06-26T10:37:38","modified_gmt":"2019-06-26T10:37:38","slug":"jove-nega-acord-marc","status":"publish","type":"post","link":"https:\/\/www.andorra-advisors.com\/ca\/blog\/jove-nega-acord-marc\/","title":{"rendered":"El ministre Jover nega que la Uni\u00f3 Europea tingui l&#8217;acord Marc"},"content":{"rendered":"<p style=\"text-align: justify;\">El ministre portaveu Eric Jover ha negat en la primera roda de premsa posterior al Consell de Ministres que la Uni\u00f3 Europea hagi col\u00b7locat sobre la taula l&#8217;anomenat acord Marc on possiblement es constru\u00efen les l\u00ednies principals de la negociaci\u00f3 del contracte d&#8217;associaci\u00f3, aix\u00ed com tamb\u00e9 les seves l\u00ednies vermelles.\u00a0La Comissi\u00f3 Europea havia fet un comunicat p\u00fablic on expressaven que el document es signaria en aquest mes de juny.\u00a0El Govern d&#8217;Andorra ha mostrat voluntat per &#8220;continuar amb les negociacions&#8221; encara que no ha volgut marcar un calendari.<\/p>\n<p style=\"text-align: justify;\">Les confessions de Jover desperten confusi\u00f3 pel que fa als missatges que aquest dissabte passat va indicar Xavier Espot, cap de Govern, que assegurava l&#8217;exist\u00e8ncia del document.\u00a0D&#8217;acord amb el fet, Espot havia proposat no signar l&#8217;acord si no es respectaven tots els punts assenyalats que exigeix \u200b\u200bel Principat.<\/p>\n<p style=\"text-align: justify;\">Jover ha deixat clar que &#8220;no hi ha document ni hem tingut acc\u00e9s a aix\u00f2&#8221;.\u00a0El portaveu va recon\u00e8ixer que la Comissi\u00f3 Europea havia realitzat declaracions on parlaven de l&#8217;acord marc, per\u00f2 va afirmar que aquest assumpte no est\u00e0 a l&#8217;ordre del dia per a la propera ronda negociadora que s&#8217;efectuar\u00e0 la setmana que ve.<\/p>\n<p style=\"text-align: justify;\">&#8220;Les especificacions del document i la intenci\u00f3 que hi havia darrere no les sabem&#8221;, ha tornat a recalcar Jover, que no s&#8217;ha atrevit a dir si era simplement un conjunt de criteris dels que ja s&#8217;havien acordat fins al moment o havia de mostrar la via a seguir des d&#8217;ara.\u00a0&#8220;Si arriba a les nostres mans el document el valorarem i mirarem si ens conv\u00e9 o si considerem pertinent ratificar-&#8220;, ha tancat el ministre.<\/p>\n<p style=\"text-align: justify;\">No obstant aix\u00f2, Jover va voler aclarir que la voluntat de l&#8217;Executiu romandre en el cam\u00ed proposat en 2015 per aconseguir un bon conveni d&#8217;associaci\u00f3, ja que \u00e9s una ocasi\u00f3 important per a la naci\u00f3.\u00a0Ha deixat molt en clar que &#8220;el nou Govern seguir\u00e0 negociant tenint en compte les qualitats espec\u00edfiques per buscar el millor encaix del pa\u00eds en el mercat interior&#8221;.<\/p>\n<p style=\"text-align: justify;\">D&#8217;aquesta manera, en el primer consell de ministres on Espot va avisar que presentaria l&#8217;acord d&#8217;associaci\u00f3, Landry Riba, secretari d&#8217;Estat d&#8217;Afers Europeus, ha mostrat davant l&#8217;Executiu les l\u00ednies d&#8217;acci\u00f3 i el posicionament d&#8217;Andorra en conjunt amb els negociadors europeus i la documentaci\u00f3 de la seg\u00fcent ronda negociadora estimada per a la setmana del 3 de juny, que es concentrar\u00e0 en l&#8217;avan\u00e7 del marc institucional.<\/p>\n<p style=\"text-align: justify;\">Igualment, s&#8217;ha conformat l&#8217;estructura de la delegaci\u00f3 negociadora que estar\u00e0 desenvolupada de manera permanent pel propi Riba per un actor del copr\u00edncep franc\u00e8s i un del copr\u00edncep episcopal, per la representant d&#8217;Andorra davant la Uni\u00f3 Europea, Esther Rabasa, i per un t\u00e8cnic adjuntat a la secretaria d&#8217;Estat.<\/p>\n<p style=\"text-align: justify;\">La resta de la comissi\u00f3 la completaran un assessor de la secretaria d&#8217;Estat d&#8217;Afers Europeus competent, referents sectorials de diferents ministeris, un diplom\u00e0tic de l&#8217;ambaixada i, si escau, un conseller elegit per cada ministeri competent.<\/p>\n<h2 style=\"text-align: justify;\">Convocats els 1,1 milions d&#8217;euros d&#8217;ajudes per a l&#8217;estudi<\/h2>\n<p style=\"text-align: justify;\">La trobada ministerial de la mateixa manera ha servit per aprovar l&#8217;obertura dels decrets d&#8217;ajudes per a l&#8217;aprenentatge superior de cara al proper curs.\u00a0El Govern contribuir\u00e0 en un total de 1.100.000 euros per a les beques dels estudiants, on no hi ha cap modificaci\u00f3 dels requisits requerits per poder accedir.\u00a0Els estudiants interessats poden sol\u00b7licitar un suport a l&#8217;estudi del 30 de maig al 28 de juny del el 2019.<\/p>\n<p style=\"text-align: justify;\">Igualment s&#8217;ha aprovat un nou ordre de quota general per a les autoritzacions d&#8217;immigraci\u00f3 de resid\u00e8ncia i treball per compte propi, on s&#8217;observen un total de 250 aprovacions noves.\u00a0D&#8217;aquest total, 200 s\u00f3n per a sup\u00f2sits de resid\u00e8ncia i treball per compte propi i 50 estan reservats per a professionals liberals.\u00a0L&#8217;executiu ha discutit aquesta nova emissi\u00f3 de quotes ja que gaireb\u00e9 s&#8217;han esgotat tots els permisos previstos en l&#8217;\u00faltima sol\u00b7licitaci\u00f3, el que aprova, i argumenta la necessitat que existia de regular aquest nou tipus d&#8217;autoritzaci\u00f3 relacionada amb la inversi\u00f3 estrangera.<\/p>\n","protected":false},"excerpt":{"rendered":"<p>El ministre portaveu Eric Jover ha negat en la primera roda de premsa posterior al Consell de Ministres que la Uni\u00f3 Europea hagi col\u00b7locat sobre la taula l&#8217;anomenat acord Marc on possiblement es constru\u00efen les l\u00ednies principals de la negociaci\u00f3 del contracte d&#8217;associaci\u00f3, aix\u00ed com tamb\u00e9 les seves l\u00ednies vermelles.\u00a0La Comissi\u00f3 Europea havia fet un [&hellip;]<\/p>\n","protected":false},"author":1,"featured_media":1024,"comment_status":"open","ping_status":"open","sticky":false,"template":"","format":"standard","meta":{"_acf_changed":false,"footnotes":""},"categories":[70],"tags":[66,4,5,67,68,69,19,71],"class_list":["post-1022","post","type-post","status-publish","format-standard","has-post-thumbnail","hentry","category-govern","tag-acord","tag-andorra","tag-autonoms","tag-beques","tag-comissio-europea","tag-estudis","tag-europa","tag-residencia"],"acf":[],"yoast_head":"<!-- This site is optimized with the Yoast SEO plugin v24.6 - https:\/\/yoast.com\/wordpress\/plugins\/seo\/ -->\n<title>El ministre Jover nega que la Uni\u00f3 Europea tingui l&#039;acord Marc<\/title>\n<meta name=\"description\" content=\"Andorra obre les seves portes a l&#039;\u00fas i extracci\u00f3 de cryptomonedas al seu territori. Actualment ja treballen en un marc regulador per a monedes virtuals.\" \/>\n<meta name=\"robots\" content=\"index, follow, max-snippet:-1, max-image-preview:large, max-video-preview:-1\" \/>\n<link rel=\"canonical\" href=\"https:\/\/www.andorra-advisors.com\/ca\/blog\/jove-nega-acord-marc\/\" \/>\n<meta property=\"og:locale\" content=\"ca_ES\" \/>\n<meta property=\"og:type\" content=\"article\" \/>\n<meta property=\"og:title\" content=\"El ministre Jover nega que la Uni\u00f3 Europea tingui l&#039;acord Marc\" \/>\n<meta property=\"og:description\" content=\"Andorra obre les seves portes a l&#039;\u00fas i extracci\u00f3 de cryptomonedas al seu territori. Actualment ja treballen en un marc regulador per a monedes virtuals.\" \/>\n<meta property=\"og:url\" content=\"https:\/\/www.andorra-advisors.com\/ca\/blog\/jove-nega-acord-marc\/\" \/>\n<meta property=\"og:site_name\" content=\"Andorra Advisors\" \/>\n<meta property=\"article:published_time\" content=\"2019-06-26T10:37:38+00:00\" \/>\n<meta property=\"og:image\" content=\"https:\/\/www.andorra-advisors.com\/ca\/wp-content\/uploads\/2019\/06\/El-ministre-Jover-nega-que-la-Uni\u00f3-Europea-tingui-lacord-marc.jpg\" \/>\n\t<meta property=\"og:image:width\" content=\"614\" \/>\n\t<meta property=\"og:image:height\" content=\"393\" \/>\n\t<meta property=\"og:image:type\" content=\"image\/jpeg\" \/>\n<meta name=\"author\" content=\"Cristina L\u00f3pez Morales\" \/>\n<meta name=\"twitter:card\" content=\"summary_large_image\" \/>\n<meta name=\"twitter:label1\" content=\"Escrit per\" \/>\n\t<meta name=\"twitter:data1\" content=\"Cristina L\u00f3pez Morales\" \/>\n\t<meta name=\"twitter:label2\" content=\"Temps estimat de lectura\" \/>\n\t<meta name=\"twitter:data2\" content=\"3 minuts\" \/>\n<script type=\"application\/ld+json\" class=\"yoast-schema-graph\">{\"@context\":\"https:\/\/schema.org\",\"@graph\":[{\"@type\":\"WebPage\",\"@id\":\"https:\/\/www.andorra-advisors.com\/ca\/blog\/jove-nega-acord-marc\/\",\"url\":\"https:\/\/www.andorra-advisors.com\/ca\/blog\/jove-nega-acord-marc\/\",\"name\":\"El ministre Jover nega que la Uni\u00f3 Europea tingui l'acord Marc\",\"isPartOf\":{\"@id\":\"https:\/\/www.andorra-advisors.com\/ca\/#website\"},\"primaryImageOfPage\":{\"@id\":\"https:\/\/www.andorra-advisors.com\/ca\/blog\/jove-nega-acord-marc\/#primaryimage\"},\"image\":{\"@id\":\"https:\/\/www.andorra-advisors.com\/ca\/blog\/jove-nega-acord-marc\/#primaryimage\"},\"thumbnailUrl\":\"https:\/\/www.andorra-advisors.com\/ca\/wp-content\/uploads\/2019\/06\/El-ministre-Jover-nega-que-la-Uni\u00f3-Europea-tingui-lacord-marc.jpg\",\"datePublished\":\"2019-06-26T10:37:38+00:00\",\"author\":{\"@id\":\"https:\/\/www.andorra-advisors.com\/ca\/#\/schema\/person\/de736d5ace974a427a41d6034f082942\"},\"description\":\"Andorra obre les seves portes a l'\u00fas i extracci\u00f3 de cryptomonedas al seu territori. Actualment ja treballen en un marc regulador per a monedes virtuals.\",\"breadcrumb\":{\"@id\":\"https:\/\/www.andorra-advisors.com\/ca\/blog\/jove-nega-acord-marc\/#breadcrumb\"},\"inLanguage\":\"ca\",\"potentialAction\":[{\"@type\":\"ReadAction\",\"target\":[\"https:\/\/www.andorra-advisors.com\/ca\/blog\/jove-nega-acord-marc\/\"]}]},{\"@type\":\"ImageObject\",\"inLanguage\":\"ca\",\"@id\":\"https:\/\/www.andorra-advisors.com\/ca\/blog\/jove-nega-acord-marc\/#primaryimage\",\"url\":\"https:\/\/www.andorra-advisors.com\/ca\/wp-content\/uploads\/2019\/06\/El-ministre-Jover-nega-que-la-Uni\u00f3-Europea-tingui-lacord-marc.jpg\",\"contentUrl\":\"https:\/\/www.andorra-advisors.com\/ca\/wp-content\/uploads\/2019\/06\/El-ministre-Jover-nega-que-la-Uni\u00f3-Europea-tingui-lacord-marc.jpg\",\"width\":614,\"height\":393,\"caption\":\"El ministre Jover nega que la Uni\u00f3 Europea tingui l'acord marc\"},{\"@type\":\"BreadcrumbList\",\"@id\":\"https:\/\/www.andorra-advisors.com\/ca\/blog\/jove-nega-acord-marc\/#breadcrumb\",\"itemListElement\":[{\"@type\":\"ListItem\",\"position\":1,\"name\":\"Inici\",\"item\":\"https:\/\/www.andorra-advisors.com\/ca\/\"},{\"@type\":\"ListItem\",\"position\":2,\"name\":\"El ministre Jover nega que la Uni\u00f3 Europea tingui l&#8217;acord Marc\"}]},{\"@type\":\"WebSite\",\"@id\":\"https:\/\/www.andorra-advisors.com\/ca\/#website\",\"url\":\"https:\/\/www.andorra-advisors.com\/ca\/\",\"name\":\"Andorra Advisors\",\"description\":\"\",\"potentialAction\":[{\"@type\":\"SearchAction\",\"target\":{\"@type\":\"EntryPoint\",\"urlTemplate\":\"https:\/\/www.andorra-advisors.com\/ca\/?s={search_term_string}\"},\"query-input\":{\"@type\":\"PropertyValueSpecification\",\"valueRequired\":true,\"valueName\":\"search_term_string\"}}],\"inLanguage\":\"ca\"},{\"@type\":\"Person\",\"@id\":\"https:\/\/www.andorra-advisors.com\/ca\/#\/schema\/person\/de736d5ace974a427a41d6034f082942\",\"name\":\"Cristina L\u00f3pez Morales\",\"image\":{\"@type\":\"ImageObject\",\"inLanguage\":\"ca\",\"@id\":\"https:\/\/www.andorra-advisors.com\/ca\/#\/schema\/person\/image\/\",\"url\":\"https:\/\/secure.gravatar.com\/avatar\/fedd1bd1f5793d622244afd8f03c6ec9?s=96&d=mm&r=g\",\"contentUrl\":\"https:\/\/secure.gravatar.com\/avatar\/fedd1bd1f5793d622244afd8f03c6ec9?s=96&d=mm&r=g\",\"caption\":\"Cristina L\u00f3pez Morales\"},\"description\":\"Llicenciada en Administraci\u00f3 i Direcci\u00f3 d'empreses. Passi\u00f3 per les finances i per la comunicaci\u00f3. Aprenent i formant-me en el m\u00f3n de l'empresa di\u00e0riament. Col\u00b7laboro amb Andorra Advisors en la creaci\u00f3 de continguts relacionats amb la creaci\u00f3 d'empreses i fiscalitat a Andorra.\",\"sameAs\":[\"admin\"],\"url\":\"https:\/\/www.andorra-advisors.com\/ca\/author\/cristina-lopez\/\"}]}<\/script>\n<!-- \/ Yoast SEO plugin. -->","yoast_head_json":{"title":"El ministre Jover nega que la Uni\u00f3 Europea tingui l'acord Marc","description":"Andorra obre les seves portes a l'\u00fas i extracci\u00f3 de cryptomonedas al seu territori. Actualment ja treballen en un marc regulador per a monedes virtuals.","robots":{"index":"index","follow":"follow","max-snippet":"max-snippet:-1","max-image-preview":"max-image-preview:large","max-video-preview":"max-video-preview:-1"},"canonical":"https:\/\/www.andorra-advisors.com\/ca\/blog\/jove-nega-acord-marc\/","og_locale":"ca_ES","og_type":"article","og_title":"El ministre Jover nega que la Uni\u00f3 Europea tingui l'acord Marc","og_description":"Andorra obre les seves portes a l'\u00fas i extracci\u00f3 de cryptomonedas al seu territori. Actualment ja treballen en un marc regulador per a monedes virtuals.","og_url":"https:\/\/www.andorra-advisors.com\/ca\/blog\/jove-nega-acord-marc\/","og_site_name":"Andorra Advisors","article_published_time":"2019-06-26T10:37:38+00:00","og_image":[{"width":614,"height":393,"url":"https:\/\/www.andorra-advisors.com\/ca\/wp-content\/uploads\/2019\/06\/El-ministre-Jover-nega-que-la-Uni\u00f3-Europea-tingui-lacord-marc.jpg","type":"image\/jpeg"}],"author":"Cristina L\u00f3pez Morales","twitter_card":"summary_large_image","twitter_misc":{"Escrit per":"Cristina L\u00f3pez Morales","Temps estimat de lectura":"3 minuts"},"schema":{"@context":"https:\/\/schema.org","@graph":[{"@type":"WebPage","@id":"https:\/\/www.andorra-advisors.com\/ca\/blog\/jove-nega-acord-marc\/","url":"https:\/\/www.andorra-advisors.com\/ca\/blog\/jove-nega-acord-marc\/","name":"El ministre Jover nega que la Uni\u00f3 Europea tingui l'acord Marc","isPartOf":{"@id":"https:\/\/www.andorra-advisors.com\/ca\/#website"},"primaryImageOfPage":{"@id":"https:\/\/www.andorra-advisors.com\/ca\/blog\/jove-nega-acord-marc\/#primaryimage"},"image":{"@id":"https:\/\/www.andorra-advisors.com\/ca\/blog\/jove-nega-acord-marc\/#primaryimage"},"thumbnailUrl":"https:\/\/www.andorra-advisors.com\/ca\/wp-content\/uploads\/2019\/06\/El-ministre-Jover-nega-que-la-Uni\u00f3-Europea-tingui-lacord-marc.jpg","datePublished":"2019-06-26T10:37:38+00:00","author":{"@id":"https:\/\/www.andorra-advisors.com\/ca\/#\/schema\/person\/de736d5ace974a427a41d6034f082942"},"description":"Andorra obre les seves portes a l'\u00fas i extracci\u00f3 de cryptomonedas al seu territori. Actualment ja treballen en un marc regulador per a monedes virtuals.","breadcrumb":{"@id":"https:\/\/www.andorra-advisors.com\/ca\/blog\/jove-nega-acord-marc\/#breadcrumb"},"inLanguage":"ca","potentialAction":[{"@type":"ReadAction","target":["https:\/\/www.andorra-advisors.com\/ca\/blog\/jove-nega-acord-marc\/"]}]},{"@type":"ImageObject","inLanguage":"ca","@id":"https:\/\/www.andorra-advisors.com\/ca\/blog\/jove-nega-acord-marc\/#primaryimage","url":"https:\/\/www.andorra-advisors.com\/ca\/wp-content\/uploads\/2019\/06\/El-ministre-Jover-nega-que-la-Uni\u00f3-Europea-tingui-lacord-marc.jpg","contentUrl":"https:\/\/www.andorra-advisors.com\/ca\/wp-content\/uploads\/2019\/06\/El-ministre-Jover-nega-que-la-Uni\u00f3-Europea-tingui-lacord-marc.jpg","width":614,"height":393,"caption":"El ministre Jover nega que la Uni\u00f3 Europea tingui l'acord marc"},{"@type":"BreadcrumbList","@id":"https:\/\/www.andorra-advisors.com\/ca\/blog\/jove-nega-acord-marc\/#breadcrumb","itemListElement":[{"@type":"ListItem","position":1,"name":"Inici","item":"https:\/\/www.andorra-advisors.com\/ca\/"},{"@type":"ListItem","position":2,"name":"El ministre Jover nega que la Uni\u00f3 Europea tingui l&#8217;acord Marc"}]},{"@type":"WebSite","@id":"https:\/\/www.andorra-advisors.com\/ca\/#website","url":"https:\/\/www.andorra-advisors.com\/ca\/","name":"Andorra Advisors","description":"","potentialAction":[{"@type":"SearchAction","target":{"@type":"EntryPoint","urlTemplate":"https:\/\/www.andorra-advisors.com\/ca\/?s={search_term_string}"},"query-input":{"@type":"PropertyValueSpecification","valueRequired":true,"valueName":"search_term_string"}}],"inLanguage":"ca"},{"@type":"Person","@id":"https:\/\/www.andorra-advisors.com\/ca\/#\/schema\/person\/de736d5ace974a427a41d6034f082942","name":"Cristina L\u00f3pez Morales","image":{"@type":"ImageObject","inLanguage":"ca","@id":"https:\/\/www.andorra-advisors.com\/ca\/#\/schema\/person\/image\/","url":"https:\/\/secure.gravatar.com\/avatar\/fedd1bd1f5793d622244afd8f03c6ec9?s=96&d=mm&r=g","contentUrl":"https:\/\/secure.gravatar.com\/avatar\/fedd1bd1f5793d622244afd8f03c6ec9?s=96&d=mm&r=g","caption":"Cristina L\u00f3pez Morales"},"description":"Llicenciada en Administraci\u00f3 i Direcci\u00f3 d'empreses. Passi\u00f3 per les finances i per la comunicaci\u00f3. Aprenent i formant-me en el m\u00f3n de l'empresa di\u00e0riament. Col\u00b7laboro amb Andorra Advisors en la creaci\u00f3 de continguts relacionats amb la creaci\u00f3 d'empreses i fiscalitat a Andorra.","sameAs":["admin"],"url":"https:\/\/www.andorra-advisors.com\/ca\/author\/cristina-lopez\/"}]}},"_links":{"self":[{"href":"https:\/\/www.andorra-advisors.com\/ca\/wp-json\/wp\/v2\/posts\/1022","targetHints":{"allow":["GET"]}}],"collection":[{"href":"https:\/\/www.andorra-advisors.com\/ca\/wp-json\/wp\/v2\/posts"}],"about":[{"href":"https:\/\/www.andorra-advisors.com\/ca\/wp-json\/wp\/v2\/types\/post"}],"author":[{"embeddable":true,"href":"https:\/\/www.andorra-advisors.com\/ca\/wp-json\/wp\/v2\/users\/1"}],"replies":[{"embeddable":true,"href":"https:\/\/www.andorra-advisors.com\/ca\/wp-json\/wp\/v2\/comments?post=1022"}],"version-history":[{"count":0,"href":"https:\/\/www.andorra-advisors.com\/ca\/wp-json\/wp\/v2\/posts\/1022\/revisions"}],"wp:featuredmedia":[{"embeddable":true,"href":"https:\/\/www.andorra-advisors.com\/ca\/wp-json\/wp\/v2\/media\/1024"}],"wp:attachment":[{"href":"https:\/\/www.andorra-advisors.com\/ca\/wp-json\/wp\/v2\/media?parent=1022"}],"wp:term":[{"taxonomy":"category","embeddable":true,"href":"https:\/\/www.andorra-advisors.com\/ca\/wp-json\/wp\/v2\/categories?post=1022"},{"taxonomy":"post_tag","embeddable":true,"href":"https:\/\/www.andorra-advisors.com\/ca\/wp-json\/wp\/v2\/tags?post=1022"}],"curies":[{"name":"wp","href":"https:\/\/api.w.org\/{rel}","templated":true}]}}