{"id":1069,"date":"2019-07-11T12:02:46","date_gmt":"2019-07-11T12:02:46","guid":{"rendered":"https:\/\/www.andorra-advisors.com\/ca\/?p=1069"},"modified":"2019-07-11T12:02:46","modified_gmt":"2019-07-11T12:02:46","slug":"unicef-baixa-natalitat-andorra","status":"publish","type":"post","link":"https:\/\/www.andorra-advisors.com\/ca\/blog\/unicef-baixa-natalitat-andorra\/","title":{"rendered":"Unicef \u200b\u200bdemana prendre mesures contra la baixa taxa de fecunditat a Andorra"},"content":{"rendered":"<p style=\"text-align: justify;\">Unicef \u200b\u200bAndorra exigeix \u200b\u200bque s&#8217;incrementin els permisos de maternitat i paternitat fins als 12 mesos amb retribucions salarials.\u00a0Aix\u00f2 amb la intenci\u00f3 de millorar la taxa de fecunditat, ja que els naixements han disminu\u00eft un 38%.\u00a0La proposta s&#8217;ha fet a l&#8217;Observatori de la Inf\u00e0ncia d&#8217;Andorra.<\/p>\n<p style=\"text-align: justify;\">Unicef \u200b\u200bi el Centre de Recerca Sociol\u00f2gica han fet p\u00fablics alguns dels seus dades en on es veuen reflectit que els naixements al pa\u00eds han disminu\u00eft un 38% en nom\u00e9s una d\u00e8cada, i la taxa de fecunditat \u00e9s de l&#8217;1 Xifres que es troba molt per sota de la mitjana europea considerant que pa\u00efsos com Fran\u00e7a i Irlanda es localitzen al voltant de 1,90.<\/p>\n<p style=\"text-align: justify;\">La taxa de fecunditat \u00e9s una de les mesures de la relaci\u00f3 que hi ha entre el nombre de naixements ocorreguts en un cert per\u00edode i la quantitat de poblaci\u00f3 femenina en edat f\u00e8rtil en el mateix per\u00edode de temps.<\/p>\n<p style=\"text-align: justify;\">Les dades subministrades tamb\u00e9 se li afegeixen el percentatge de la poblaci\u00f3 menor als 18 anys, la qual Andorra posseeix 16,6%.\u00a0La mitjana actual de tot Europa es troba en 18,7%.<\/p>\n<p style=\"text-align: justify;\">La taxa de fecunditat de l&#8217;1 \u00e9s molt baixa, quan es considera que per substituir les generacions per creixement natural hi ha un \u00edndex del 2,1.<\/p>\n<p style=\"text-align: justify;\">Per aquests motius, Unicef \u200b\u200ben conjunt amb el CRES, demana prendre mesures d&#8217;emerg\u00e8ncia com l&#8217;ampliaci\u00f3 dels permisos de maternitat i paternitat fins a un any amb remuneracions salarials al voltant del 67 i el 80%, i sense distingir entre mare i pare.\u00a0A m\u00e9s, pactar horaris flexibles per proveir la conformitat, bonificacions per als fills i llars d&#8217;infants gratu\u00eftes, entre d&#8217;altres facilitats.<\/p>\n<p style=\"text-align: justify;\">L&#8217;informe al seu torn ressalta una millora en l&#8217;educaci\u00f3, per\u00f2 tamb\u00e9 fa \u00e8mfasi en els indicadors sobre menors que pateixen viol\u00e8ncia en l&#8217;\u00e0mbit familiar (14), adolescents v\u00edctimes de viol\u00e8ncia psicol\u00f2gica (8) i sobre els menors v\u00edctimes de delictes contra la llibertat sexual (12), sent aquesta \u00faltima dada l&#8217;\u00fanic nombre que s&#8217;ha incrementat respecte a l&#8217;any 2017.<\/p>\n","protected":false},"excerpt":{"rendered":"<p>Unicef \u200b\u200bAndorra exigeix \u200b\u200bque s&#8217;incrementin els permisos de maternitat i paternitat fins als 12 mesos amb retribucions salarials.\u00a0Aix\u00f2 amb la intenci\u00f3 de millorar la taxa de fecunditat, ja que els naixements han disminu\u00eft un 38%.\u00a0La proposta s&#8217;ha fet a l&#8217;Observatori de la Inf\u00e0ncia d&#8217;Andorra. Unicef \u200b\u200bi el Centre de Recerca Sociol\u00f2gica han fet p\u00fablics alguns [&hellip;]<\/p>\n","protected":false},"author":1,"featured_media":1071,"comment_status":"open","ping_status":"open","sticky":false,"template":"","format":"standard","meta":{"_acf_changed":false,"footnotes":""},"categories":[23],"tags":[4,89,90,91,92,22,93],"class_list":["post-1069","post","type-post","status-publish","format-standard","has-post-thumbnail","hentry","category-sistema-sanitari","tag-andorra","tag-bonificacions","tag-fecunditat","tag-maternitat","tag-paternitat","tag-salut","tag-unicef"],"acf":[],"yoast_head":"<!-- This site is optimized with the Yoast SEO plugin v24.6 - https:\/\/yoast.com\/wordpress\/plugins\/seo\/ -->\n<title>Unicef \u200b\u200bdemana prendre mesures contra la baixa taxa de fecunditat a Andorra<\/title>\n<meta name=\"description\" content=\"Unicef \u200b\u200bdemana millores en els permisos de paternitat i maternitat amb la finalitat de millorar la taxa de natalitat d&#039;Andorra.\" \/>\n<meta name=\"robots\" content=\"index, follow, max-snippet:-1, max-image-preview:large, max-video-preview:-1\" \/>\n<link rel=\"canonical\" href=\"https:\/\/www.andorra-advisors.com\/ca\/blog\/unicef-baixa-natalitat-andorra\/\" \/>\n<meta property=\"og:locale\" content=\"ca_ES\" \/>\n<meta property=\"og:type\" content=\"article\" \/>\n<meta property=\"og:title\" content=\"Unicef \u200b\u200bdemana prendre mesures contra la baixa taxa de fecunditat a Andorra\" \/>\n<meta property=\"og:description\" content=\"Unicef \u200b\u200bdemana millores en els permisos de paternitat i maternitat amb la finalitat de millorar la taxa de natalitat d&#039;Andorra.\" \/>\n<meta property=\"og:url\" content=\"https:\/\/www.andorra-advisors.com\/ca\/blog\/unicef-baixa-natalitat-andorra\/\" \/>\n<meta property=\"og:site_name\" content=\"Andorra Advisors\" \/>\n<meta property=\"article:published_time\" content=\"2019-07-11T12:02:46+00:00\" \/>\n<meta property=\"og:image\" content=\"https:\/\/www.andorra-advisors.com\/ca\/wp-content\/uploads\/2019\/07\/Unicef-demana-prendre-mesures-contra-la-baixa-taxa-de-fecunditat-a-Andorra.jpg\" \/>\n\t<meta property=\"og:image:width\" content=\"283\" \/>\n\t<meta property=\"og:image:height\" content=\"188\" \/>\n\t<meta property=\"og:image:type\" content=\"image\/jpeg\" \/>\n<meta name=\"author\" content=\"Cristina L\u00f3pez Morales\" \/>\n<meta name=\"twitter:card\" content=\"summary_large_image\" \/>\n<meta name=\"twitter:label1\" content=\"Escrit per\" \/>\n\t<meta name=\"twitter:data1\" content=\"Cristina L\u00f3pez Morales\" \/>\n\t<meta name=\"twitter:label2\" content=\"Temps estimat de lectura\" \/>\n\t<meta name=\"twitter:data2\" content=\"2 minuts\" \/>\n<script type=\"application\/ld+json\" class=\"yoast-schema-graph\">{\"@context\":\"https:\/\/schema.org\",\"@graph\":[{\"@type\":\"WebPage\",\"@id\":\"https:\/\/www.andorra-advisors.com\/ca\/blog\/unicef-baixa-natalitat-andorra\/\",\"url\":\"https:\/\/www.andorra-advisors.com\/ca\/blog\/unicef-baixa-natalitat-andorra\/\",\"name\":\"Unicef \u200b\u200bdemana prendre mesures contra la baixa taxa de fecunditat a Andorra\",\"isPartOf\":{\"@id\":\"https:\/\/www.andorra-advisors.com\/ca\/#website\"},\"primaryImageOfPage\":{\"@id\":\"https:\/\/www.andorra-advisors.com\/ca\/blog\/unicef-baixa-natalitat-andorra\/#primaryimage\"},\"image\":{\"@id\":\"https:\/\/www.andorra-advisors.com\/ca\/blog\/unicef-baixa-natalitat-andorra\/#primaryimage\"},\"thumbnailUrl\":\"https:\/\/www.andorra-advisors.com\/ca\/wp-content\/uploads\/2019\/07\/Unicef-demana-prendre-mesures-contra-la-baixa-taxa-de-fecunditat-a-Andorra.jpg\",\"datePublished\":\"2019-07-11T12:02:46+00:00\",\"author\":{\"@id\":\"https:\/\/www.andorra-advisors.com\/ca\/#\/schema\/person\/de736d5ace974a427a41d6034f082942\"},\"description\":\"Unicef \u200b\u200bdemana millores en els permisos de paternitat i maternitat amb la finalitat de millorar la taxa de natalitat d'Andorra.\",\"breadcrumb\":{\"@id\":\"https:\/\/www.andorra-advisors.com\/ca\/blog\/unicef-baixa-natalitat-andorra\/#breadcrumb\"},\"inLanguage\":\"ca\",\"potentialAction\":[{\"@type\":\"ReadAction\",\"target\":[\"https:\/\/www.andorra-advisors.com\/ca\/blog\/unicef-baixa-natalitat-andorra\/\"]}]},{\"@type\":\"ImageObject\",\"inLanguage\":\"ca\",\"@id\":\"https:\/\/www.andorra-advisors.com\/ca\/blog\/unicef-baixa-natalitat-andorra\/#primaryimage\",\"url\":\"https:\/\/www.andorra-advisors.com\/ca\/wp-content\/uploads\/2019\/07\/Unicef-demana-prendre-mesures-contra-la-baixa-taxa-de-fecunditat-a-Andorra.jpg\",\"contentUrl\":\"https:\/\/www.andorra-advisors.com\/ca\/wp-content\/uploads\/2019\/07\/Unicef-demana-prendre-mesures-contra-la-baixa-taxa-de-fecunditat-a-Andorra.jpg\",\"width\":283,\"height\":188,\"caption\":\"Unicef demana prendre mesures contra la baixa taxa de fecunditat a Andorra\"},{\"@type\":\"BreadcrumbList\",\"@id\":\"https:\/\/www.andorra-advisors.com\/ca\/blog\/unicef-baixa-natalitat-andorra\/#breadcrumb\",\"itemListElement\":[{\"@type\":\"ListItem\",\"position\":1,\"name\":\"Inici\",\"item\":\"https:\/\/www.andorra-advisors.com\/ca\/\"},{\"@type\":\"ListItem\",\"position\":2,\"name\":\"Unicef \u200b\u200bdemana prendre mesures contra la baixa taxa de fecunditat a Andorra\"}]},{\"@type\":\"WebSite\",\"@id\":\"https:\/\/www.andorra-advisors.com\/ca\/#website\",\"url\":\"https:\/\/www.andorra-advisors.com\/ca\/\",\"name\":\"Andorra Advisors\",\"description\":\"\",\"potentialAction\":[{\"@type\":\"SearchAction\",\"target\":{\"@type\":\"EntryPoint\",\"urlTemplate\":\"https:\/\/www.andorra-advisors.com\/ca\/?s={search_term_string}\"},\"query-input\":{\"@type\":\"PropertyValueSpecification\",\"valueRequired\":true,\"valueName\":\"search_term_string\"}}],\"inLanguage\":\"ca\"},{\"@type\":\"Person\",\"@id\":\"https:\/\/www.andorra-advisors.com\/ca\/#\/schema\/person\/de736d5ace974a427a41d6034f082942\",\"name\":\"Cristina L\u00f3pez Morales\",\"image\":{\"@type\":\"ImageObject\",\"inLanguage\":\"ca\",\"@id\":\"https:\/\/www.andorra-advisors.com\/ca\/#\/schema\/person\/image\/\",\"url\":\"https:\/\/secure.gravatar.com\/avatar\/fedd1bd1f5793d622244afd8f03c6ec9?s=96&d=mm&r=g\",\"contentUrl\":\"https:\/\/secure.gravatar.com\/avatar\/fedd1bd1f5793d622244afd8f03c6ec9?s=96&d=mm&r=g\",\"caption\":\"Cristina L\u00f3pez Morales\"},\"description\":\"Llicenciada en Administraci\u00f3 i Direcci\u00f3 d'empreses. Passi\u00f3 per les finances i per la comunicaci\u00f3. Aprenent i formant-me en el m\u00f3n de l'empresa di\u00e0riament. Col\u00b7laboro amb Andorra Advisors en la creaci\u00f3 de continguts relacionats amb la creaci\u00f3 d'empreses i fiscalitat a Andorra.\",\"sameAs\":[\"admin\"],\"url\":\"https:\/\/www.andorra-advisors.com\/ca\/author\/cristina-lopez\/\"}]}<\/script>\n<!-- \/ Yoast SEO plugin. -->","yoast_head_json":{"title":"Unicef \u200b\u200bdemana prendre mesures contra la baixa taxa de fecunditat a Andorra","description":"Unicef \u200b\u200bdemana millores en els permisos de paternitat i maternitat amb la finalitat de millorar la taxa de natalitat d'Andorra.","robots":{"index":"index","follow":"follow","max-snippet":"max-snippet:-1","max-image-preview":"max-image-preview:large","max-video-preview":"max-video-preview:-1"},"canonical":"https:\/\/www.andorra-advisors.com\/ca\/blog\/unicef-baixa-natalitat-andorra\/","og_locale":"ca_ES","og_type":"article","og_title":"Unicef \u200b\u200bdemana prendre mesures contra la baixa taxa de fecunditat a Andorra","og_description":"Unicef \u200b\u200bdemana millores en els permisos de paternitat i maternitat amb la finalitat de millorar la taxa de natalitat d'Andorra.","og_url":"https:\/\/www.andorra-advisors.com\/ca\/blog\/unicef-baixa-natalitat-andorra\/","og_site_name":"Andorra Advisors","article_published_time":"2019-07-11T12:02:46+00:00","og_image":[{"width":283,"height":188,"url":"https:\/\/www.andorra-advisors.com\/ca\/wp-content\/uploads\/2019\/07\/Unicef-demana-prendre-mesures-contra-la-baixa-taxa-de-fecunditat-a-Andorra.jpg","type":"image\/jpeg"}],"author":"Cristina L\u00f3pez Morales","twitter_card":"summary_large_image","twitter_misc":{"Escrit per":"Cristina L\u00f3pez Morales","Temps estimat de lectura":"2 minuts"},"schema":{"@context":"https:\/\/schema.org","@graph":[{"@type":"WebPage","@id":"https:\/\/www.andorra-advisors.com\/ca\/blog\/unicef-baixa-natalitat-andorra\/","url":"https:\/\/www.andorra-advisors.com\/ca\/blog\/unicef-baixa-natalitat-andorra\/","name":"Unicef \u200b\u200bdemana prendre mesures contra la baixa taxa de fecunditat a Andorra","isPartOf":{"@id":"https:\/\/www.andorra-advisors.com\/ca\/#website"},"primaryImageOfPage":{"@id":"https:\/\/www.andorra-advisors.com\/ca\/blog\/unicef-baixa-natalitat-andorra\/#primaryimage"},"image":{"@id":"https:\/\/www.andorra-advisors.com\/ca\/blog\/unicef-baixa-natalitat-andorra\/#primaryimage"},"thumbnailUrl":"https:\/\/www.andorra-advisors.com\/ca\/wp-content\/uploads\/2019\/07\/Unicef-demana-prendre-mesures-contra-la-baixa-taxa-de-fecunditat-a-Andorra.jpg","datePublished":"2019-07-11T12:02:46+00:00","author":{"@id":"https:\/\/www.andorra-advisors.com\/ca\/#\/schema\/person\/de736d5ace974a427a41d6034f082942"},"description":"Unicef \u200b\u200bdemana millores en els permisos de paternitat i maternitat amb la finalitat de millorar la taxa de natalitat d'Andorra.","breadcrumb":{"@id":"https:\/\/www.andorra-advisors.com\/ca\/blog\/unicef-baixa-natalitat-andorra\/#breadcrumb"},"inLanguage":"ca","potentialAction":[{"@type":"ReadAction","target":["https:\/\/www.andorra-advisors.com\/ca\/blog\/unicef-baixa-natalitat-andorra\/"]}]},{"@type":"ImageObject","inLanguage":"ca","@id":"https:\/\/www.andorra-advisors.com\/ca\/blog\/unicef-baixa-natalitat-andorra\/#primaryimage","url":"https:\/\/www.andorra-advisors.com\/ca\/wp-content\/uploads\/2019\/07\/Unicef-demana-prendre-mesures-contra-la-baixa-taxa-de-fecunditat-a-Andorra.jpg","contentUrl":"https:\/\/www.andorra-advisors.com\/ca\/wp-content\/uploads\/2019\/07\/Unicef-demana-prendre-mesures-contra-la-baixa-taxa-de-fecunditat-a-Andorra.jpg","width":283,"height":188,"caption":"Unicef demana prendre mesures contra la baixa taxa de fecunditat a Andorra"},{"@type":"BreadcrumbList","@id":"https:\/\/www.andorra-advisors.com\/ca\/blog\/unicef-baixa-natalitat-andorra\/#breadcrumb","itemListElement":[{"@type":"ListItem","position":1,"name":"Inici","item":"https:\/\/www.andorra-advisors.com\/ca\/"},{"@type":"ListItem","position":2,"name":"Unicef \u200b\u200bdemana prendre mesures contra la baixa taxa de fecunditat a Andorra"}]},{"@type":"WebSite","@id":"https:\/\/www.andorra-advisors.com\/ca\/#website","url":"https:\/\/www.andorra-advisors.com\/ca\/","name":"Andorra Advisors","description":"","potentialAction":[{"@type":"SearchAction","target":{"@type":"EntryPoint","urlTemplate":"https:\/\/www.andorra-advisors.com\/ca\/?s={search_term_string}"},"query-input":{"@type":"PropertyValueSpecification","valueRequired":true,"valueName":"search_term_string"}}],"inLanguage":"ca"},{"@type":"Person","@id":"https:\/\/www.andorra-advisors.com\/ca\/#\/schema\/person\/de736d5ace974a427a41d6034f082942","name":"Cristina L\u00f3pez Morales","image":{"@type":"ImageObject","inLanguage":"ca","@id":"https:\/\/www.andorra-advisors.com\/ca\/#\/schema\/person\/image\/","url":"https:\/\/secure.gravatar.com\/avatar\/fedd1bd1f5793d622244afd8f03c6ec9?s=96&d=mm&r=g","contentUrl":"https:\/\/secure.gravatar.com\/avatar\/fedd1bd1f5793d622244afd8f03c6ec9?s=96&d=mm&r=g","caption":"Cristina L\u00f3pez Morales"},"description":"Llicenciada en Administraci\u00f3 i Direcci\u00f3 d'empreses. Passi\u00f3 per les finances i per la comunicaci\u00f3. Aprenent i formant-me en el m\u00f3n de l'empresa di\u00e0riament. Col\u00b7laboro amb Andorra Advisors en la creaci\u00f3 de continguts relacionats amb la creaci\u00f3 d'empreses i fiscalitat a Andorra.","sameAs":["admin"],"url":"https:\/\/www.andorra-advisors.com\/ca\/author\/cristina-lopez\/"}]}},"_links":{"self":[{"href":"https:\/\/www.andorra-advisors.com\/ca\/wp-json\/wp\/v2\/posts\/1069","targetHints":{"allow":["GET"]}}],"collection":[{"href":"https:\/\/www.andorra-advisors.com\/ca\/wp-json\/wp\/v2\/posts"}],"about":[{"href":"https:\/\/www.andorra-advisors.com\/ca\/wp-json\/wp\/v2\/types\/post"}],"author":[{"embeddable":true,"href":"https:\/\/www.andorra-advisors.com\/ca\/wp-json\/wp\/v2\/users\/1"}],"replies":[{"embeddable":true,"href":"https:\/\/www.andorra-advisors.com\/ca\/wp-json\/wp\/v2\/comments?post=1069"}],"version-history":[{"count":0,"href":"https:\/\/www.andorra-advisors.com\/ca\/wp-json\/wp\/v2\/posts\/1069\/revisions"}],"wp:featuredmedia":[{"embeddable":true,"href":"https:\/\/www.andorra-advisors.com\/ca\/wp-json\/wp\/v2\/media\/1071"}],"wp:attachment":[{"href":"https:\/\/www.andorra-advisors.com\/ca\/wp-json\/wp\/v2\/media?parent=1069"}],"wp:term":[{"taxonomy":"category","embeddable":true,"href":"https:\/\/www.andorra-advisors.com\/ca\/wp-json\/wp\/v2\/categories?post=1069"},{"taxonomy":"post_tag","embeddable":true,"href":"https:\/\/www.andorra-advisors.com\/ca\/wp-json\/wp\/v2\/tags?post=1069"}],"curies":[{"name":"wp","href":"https:\/\/api.w.org\/{rel}","templated":true}]}}