{"id":1103,"date":"2019-08-06T10:42:37","date_gmt":"2019-08-06T10:42:37","guid":{"rendered":"https:\/\/www.andorra-advisors.com\/ca\/?p=1103"},"modified":"2019-08-06T10:42:37","modified_gmt":"2019-08-06T10:42:37","slug":"forum-economic-acord-cooperacio","status":"publish","type":"post","link":"https:\/\/www.andorra-advisors.com\/ca\/blog\/forum-economic-acord-cooperacio\/","title":{"rendered":"El primer f\u00f2rum econ\u00f2mic dels Petits Estats va ser testimoni de la signatura d&#8217;acord de cooperaci\u00f3"},"content":{"rendered":"<p style=\"text-align: justify;\">La Cambres de Comer\u00e7 dels Petits Estats van signar un acord per millorar la participaci\u00f3 econ\u00f2mica i incentivar la contribuci\u00f3 en inversi\u00f3, comercialitzaci\u00f3 i cultura.<\/p>\n<p style=\"text-align: justify;\">La Cambra de Comer\u00e7, Ind\u00fastria i Serveis d&#8217;Andorra, en conjunt amb l&#8217;empresa Actua van participar en el primer F\u00f2rum Econ\u00f2mic dels Petits Estats, el qual va tenir lloc a Montenegro el 29 i 30 de maig.<\/p>\n<p style=\"text-align: justify;\">Els punts a tractar en aquesta trobada van ser donar a con\u00e8ixer les oportunitats de negoci que es troben a Andorra i establir relacions empresarials, econ\u00f2miques i institucionals amb pa\u00efsos ve\u00efns.<\/p>\n<p style=\"text-align: justify;\">A m\u00e9s, aquest conveni es va centrar en assumptes per millorar la participaci\u00f3 i els intercanvis entre els pa\u00efsos en els \u00e0mbits de tecnologia, negocis, projectes en com\u00fa, educaci\u00f3 i altres formes de connectivitat.<\/p>\n<p style=\"text-align: justify;\">La Cambra de Comer\u00e7 i Actua participaran en el F\u00f2rum per donar a con\u00e8ixer les oportunitats de negoci a Andorra i establir lla\u00e7os econ\u00f2mics, empresarials i institucionals amb els altres pa\u00efsos.<\/p>\n<p style=\"text-align: justify;\">Aquesta cimera, organitzada per la Cambra de Comer\u00e7, es realitzar\u00e0 en els pa\u00efsos que acullin els Jocs dels Petits Estats d&#8217;Europa.<\/p>\n<p style=\"text-align: justify;\">Andorra ser\u00e0 l&#8217;amfitriona d&#8217;aquest esdeveniment en 2021, que ser\u00e0 la propera edici\u00f3 de la trobada econ\u00f2mic.<\/p>\n","protected":false},"excerpt":{"rendered":"<p>La Cambres de Comer\u00e7 dels Petits Estats van signar un acord per millorar la participaci\u00f3 econ\u00f2mica i incentivar la contribuci\u00f3 en inversi\u00f3, comercialitzaci\u00f3 i cultura. La Cambra de Comer\u00e7, Ind\u00fastria i Serveis d&#8217;Andorra, en conjunt amb l&#8217;empresa Actua van participar en el primer F\u00f2rum Econ\u00f2mic dels Petits Estats, el qual va tenir lloc a Montenegro [&hellip;]<\/p>\n","protected":false},"author":1,"featured_media":1104,"comment_status":"open","ping_status":"open","sticky":false,"template":"","format":"standard","meta":{"_acf_changed":false,"footnotes":""},"categories":[96],"tags":[4,94,18,95,19,61,49],"class_list":["post-1103","post","type-post","status-publish","format-standard","has-post-thumbnail","hentry","category-inversio","tag-andorra","tag-cambra-de-comerc","tag-empreses","tag-estats","tag-europa","tag-iniciativa-actua","tag-negocis"],"acf":[],"yoast_head":"<!-- This site is optimized with the Yoast SEO plugin v24.6 - https:\/\/yoast.com\/wordpress\/plugins\/seo\/ -->\n<title>El f\u00f2rum econ\u00f2mic dels Petits Estats signa un acord de cooperaci\u00f3<\/title>\n<meta name=\"description\" content=\"El portaveu del govern nega qualsevol tipus d&#039;acord amb la Uni\u00f3 Europea. Des del govern asseguren estar treballant per arribar a un acord.\" \/>\n<meta name=\"robots\" content=\"index, follow, max-snippet:-1, max-image-preview:large, max-video-preview:-1\" \/>\n<link rel=\"canonical\" href=\"https:\/\/www.andorra-advisors.com\/ca\/blog\/forum-economic-acord-cooperacio\/\" \/>\n<meta property=\"og:locale\" content=\"ca_ES\" \/>\n<meta property=\"og:type\" content=\"article\" \/>\n<meta property=\"og:title\" content=\"El f\u00f2rum econ\u00f2mic dels Petits Estats signa un acord de cooperaci\u00f3\" \/>\n<meta property=\"og:description\" content=\"El portaveu del govern nega qualsevol tipus d&#039;acord amb la Uni\u00f3 Europea. Des del govern asseguren estar treballant per arribar a un acord.\" \/>\n<meta property=\"og:url\" content=\"https:\/\/www.andorra-advisors.com\/ca\/blog\/forum-economic-acord-cooperacio\/\" \/>\n<meta property=\"og:site_name\" content=\"Andorra Advisors\" \/>\n<meta property=\"article:published_time\" content=\"2019-08-06T10:42:37+00:00\" \/>\n<meta property=\"og:image\" content=\"https:\/\/www.andorra-advisors.com\/ca\/wp-content\/uploads\/2019\/08\/El-primer-f\u00f2rum-econ\u00f2mic-dels-Petits-Estats-va-ser-testimoni-de-la-signatura-dacord-de-cooperaci\u00f3.jpg\" \/>\n\t<meta property=\"og:image:width\" content=\"350\" \/>\n\t<meta property=\"og:image:height\" content=\"300\" \/>\n\t<meta property=\"og:image:type\" content=\"image\/jpeg\" \/>\n<meta name=\"author\" content=\"Cristina L\u00f3pez Morales\" \/>\n<meta name=\"twitter:card\" content=\"summary_large_image\" \/>\n<meta name=\"twitter:label1\" content=\"Escrit per\" \/>\n\t<meta name=\"twitter:data1\" content=\"Cristina L\u00f3pez Morales\" \/>\n\t<meta name=\"twitter:label2\" content=\"Temps estimat de lectura\" \/>\n\t<meta name=\"twitter:data2\" content=\"1 minut\" \/>\n<script type=\"application\/ld+json\" class=\"yoast-schema-graph\">{\"@context\":\"https:\/\/schema.org\",\"@graph\":[{\"@type\":\"WebPage\",\"@id\":\"https:\/\/www.andorra-advisors.com\/ca\/blog\/forum-economic-acord-cooperacio\/\",\"url\":\"https:\/\/www.andorra-advisors.com\/ca\/blog\/forum-economic-acord-cooperacio\/\",\"name\":\"El f\u00f2rum econ\u00f2mic dels Petits Estats signa un acord de cooperaci\u00f3\",\"isPartOf\":{\"@id\":\"https:\/\/www.andorra-advisors.com\/ca\/#website\"},\"primaryImageOfPage\":{\"@id\":\"https:\/\/www.andorra-advisors.com\/ca\/blog\/forum-economic-acord-cooperacio\/#primaryimage\"},\"image\":{\"@id\":\"https:\/\/www.andorra-advisors.com\/ca\/blog\/forum-economic-acord-cooperacio\/#primaryimage\"},\"thumbnailUrl\":\"https:\/\/www.andorra-advisors.com\/ca\/wp-content\/uploads\/2019\/08\/El-primer-f\u00f2rum-econ\u00f2mic-dels-Petits-Estats-va-ser-testimoni-de-la-signatura-dacord-de-cooperaci\u00f3.jpg\",\"datePublished\":\"2019-08-06T10:42:37+00:00\",\"author\":{\"@id\":\"https:\/\/www.andorra-advisors.com\/ca\/#\/schema\/person\/de736d5ace974a427a41d6034f082942\"},\"description\":\"El portaveu del govern nega qualsevol tipus d'acord amb la Uni\u00f3 Europea. Des del govern asseguren estar treballant per arribar a un acord.\",\"breadcrumb\":{\"@id\":\"https:\/\/www.andorra-advisors.com\/ca\/blog\/forum-economic-acord-cooperacio\/#breadcrumb\"},\"inLanguage\":\"ca\",\"potentialAction\":[{\"@type\":\"ReadAction\",\"target\":[\"https:\/\/www.andorra-advisors.com\/ca\/blog\/forum-economic-acord-cooperacio\/\"]}]},{\"@type\":\"ImageObject\",\"inLanguage\":\"ca\",\"@id\":\"https:\/\/www.andorra-advisors.com\/ca\/blog\/forum-economic-acord-cooperacio\/#primaryimage\",\"url\":\"https:\/\/www.andorra-advisors.com\/ca\/wp-content\/uploads\/2019\/08\/El-primer-f\u00f2rum-econ\u00f2mic-dels-Petits-Estats-va-ser-testimoni-de-la-signatura-dacord-de-cooperaci\u00f3.jpg\",\"contentUrl\":\"https:\/\/www.andorra-advisors.com\/ca\/wp-content\/uploads\/2019\/08\/El-primer-f\u00f2rum-econ\u00f2mic-dels-Petits-Estats-va-ser-testimoni-de-la-signatura-dacord-de-cooperaci\u00f3.jpg\",\"width\":350,\"height\":300,\"caption\":\"El primer f\u00f2rum econ\u00f2mic dels Petits Estats va ser testimoni de la signatura d'acord de cooperaci\u00f3\"},{\"@type\":\"BreadcrumbList\",\"@id\":\"https:\/\/www.andorra-advisors.com\/ca\/blog\/forum-economic-acord-cooperacio\/#breadcrumb\",\"itemListElement\":[{\"@type\":\"ListItem\",\"position\":1,\"name\":\"Inici\",\"item\":\"https:\/\/www.andorra-advisors.com\/ca\/\"},{\"@type\":\"ListItem\",\"position\":2,\"name\":\"El primer f\u00f2rum econ\u00f2mic dels Petits Estats va ser testimoni de la signatura d&#8217;acord de cooperaci\u00f3\"}]},{\"@type\":\"WebSite\",\"@id\":\"https:\/\/www.andorra-advisors.com\/ca\/#website\",\"url\":\"https:\/\/www.andorra-advisors.com\/ca\/\",\"name\":\"Andorra Advisors\",\"description\":\"\",\"potentialAction\":[{\"@type\":\"SearchAction\",\"target\":{\"@type\":\"EntryPoint\",\"urlTemplate\":\"https:\/\/www.andorra-advisors.com\/ca\/?s={search_term_string}\"},\"query-input\":{\"@type\":\"PropertyValueSpecification\",\"valueRequired\":true,\"valueName\":\"search_term_string\"}}],\"inLanguage\":\"ca\"},{\"@type\":\"Person\",\"@id\":\"https:\/\/www.andorra-advisors.com\/ca\/#\/schema\/person\/de736d5ace974a427a41d6034f082942\",\"name\":\"Cristina L\u00f3pez Morales\",\"image\":{\"@type\":\"ImageObject\",\"inLanguage\":\"ca\",\"@id\":\"https:\/\/www.andorra-advisors.com\/ca\/#\/schema\/person\/image\/\",\"url\":\"https:\/\/secure.gravatar.com\/avatar\/fedd1bd1f5793d622244afd8f03c6ec9?s=96&d=mm&r=g\",\"contentUrl\":\"https:\/\/secure.gravatar.com\/avatar\/fedd1bd1f5793d622244afd8f03c6ec9?s=96&d=mm&r=g\",\"caption\":\"Cristina L\u00f3pez Morales\"},\"description\":\"Llicenciada en Administraci\u00f3 i Direcci\u00f3 d'empreses. Passi\u00f3 per les finances i per la comunicaci\u00f3. Aprenent i formant-me en el m\u00f3n de l'empresa di\u00e0riament. Col\u00b7laboro amb Andorra Advisors en la creaci\u00f3 de continguts relacionats amb la creaci\u00f3 d'empreses i fiscalitat a Andorra.\",\"sameAs\":[\"admin\"],\"url\":\"https:\/\/www.andorra-advisors.com\/ca\/author\/cristina-lopez\/\"}]}<\/script>\n<!-- \/ Yoast SEO plugin. -->","yoast_head_json":{"title":"El f\u00f2rum econ\u00f2mic dels Petits Estats signa un acord de cooperaci\u00f3","description":"El portaveu del govern nega qualsevol tipus d'acord amb la Uni\u00f3 Europea. Des del govern asseguren estar treballant per arribar a un acord.","robots":{"index":"index","follow":"follow","max-snippet":"max-snippet:-1","max-image-preview":"max-image-preview:large","max-video-preview":"max-video-preview:-1"},"canonical":"https:\/\/www.andorra-advisors.com\/ca\/blog\/forum-economic-acord-cooperacio\/","og_locale":"ca_ES","og_type":"article","og_title":"El f\u00f2rum econ\u00f2mic dels Petits Estats signa un acord de cooperaci\u00f3","og_description":"El portaveu del govern nega qualsevol tipus d'acord amb la Uni\u00f3 Europea. Des del govern asseguren estar treballant per arribar a un acord.","og_url":"https:\/\/www.andorra-advisors.com\/ca\/blog\/forum-economic-acord-cooperacio\/","og_site_name":"Andorra Advisors","article_published_time":"2019-08-06T10:42:37+00:00","og_image":[{"width":350,"height":300,"url":"https:\/\/www.andorra-advisors.com\/ca\/wp-content\/uploads\/2019\/08\/El-primer-f\u00f2rum-econ\u00f2mic-dels-Petits-Estats-va-ser-testimoni-de-la-signatura-dacord-de-cooperaci\u00f3.jpg","type":"image\/jpeg"}],"author":"Cristina L\u00f3pez Morales","twitter_card":"summary_large_image","twitter_misc":{"Escrit per":"Cristina L\u00f3pez Morales","Temps estimat de lectura":"1 minut"},"schema":{"@context":"https:\/\/schema.org","@graph":[{"@type":"WebPage","@id":"https:\/\/www.andorra-advisors.com\/ca\/blog\/forum-economic-acord-cooperacio\/","url":"https:\/\/www.andorra-advisors.com\/ca\/blog\/forum-economic-acord-cooperacio\/","name":"El f\u00f2rum econ\u00f2mic dels Petits Estats signa un acord de cooperaci\u00f3","isPartOf":{"@id":"https:\/\/www.andorra-advisors.com\/ca\/#website"},"primaryImageOfPage":{"@id":"https:\/\/www.andorra-advisors.com\/ca\/blog\/forum-economic-acord-cooperacio\/#primaryimage"},"image":{"@id":"https:\/\/www.andorra-advisors.com\/ca\/blog\/forum-economic-acord-cooperacio\/#primaryimage"},"thumbnailUrl":"https:\/\/www.andorra-advisors.com\/ca\/wp-content\/uploads\/2019\/08\/El-primer-f\u00f2rum-econ\u00f2mic-dels-Petits-Estats-va-ser-testimoni-de-la-signatura-dacord-de-cooperaci\u00f3.jpg","datePublished":"2019-08-06T10:42:37+00:00","author":{"@id":"https:\/\/www.andorra-advisors.com\/ca\/#\/schema\/person\/de736d5ace974a427a41d6034f082942"},"description":"El portaveu del govern nega qualsevol tipus d'acord amb la Uni\u00f3 Europea. Des del govern asseguren estar treballant per arribar a un acord.","breadcrumb":{"@id":"https:\/\/www.andorra-advisors.com\/ca\/blog\/forum-economic-acord-cooperacio\/#breadcrumb"},"inLanguage":"ca","potentialAction":[{"@type":"ReadAction","target":["https:\/\/www.andorra-advisors.com\/ca\/blog\/forum-economic-acord-cooperacio\/"]}]},{"@type":"ImageObject","inLanguage":"ca","@id":"https:\/\/www.andorra-advisors.com\/ca\/blog\/forum-economic-acord-cooperacio\/#primaryimage","url":"https:\/\/www.andorra-advisors.com\/ca\/wp-content\/uploads\/2019\/08\/El-primer-f\u00f2rum-econ\u00f2mic-dels-Petits-Estats-va-ser-testimoni-de-la-signatura-dacord-de-cooperaci\u00f3.jpg","contentUrl":"https:\/\/www.andorra-advisors.com\/ca\/wp-content\/uploads\/2019\/08\/El-primer-f\u00f2rum-econ\u00f2mic-dels-Petits-Estats-va-ser-testimoni-de-la-signatura-dacord-de-cooperaci\u00f3.jpg","width":350,"height":300,"caption":"El primer f\u00f2rum econ\u00f2mic dels Petits Estats va ser testimoni de la signatura d'acord de cooperaci\u00f3"},{"@type":"BreadcrumbList","@id":"https:\/\/www.andorra-advisors.com\/ca\/blog\/forum-economic-acord-cooperacio\/#breadcrumb","itemListElement":[{"@type":"ListItem","position":1,"name":"Inici","item":"https:\/\/www.andorra-advisors.com\/ca\/"},{"@type":"ListItem","position":2,"name":"El primer f\u00f2rum econ\u00f2mic dels Petits Estats va ser testimoni de la signatura d&#8217;acord de cooperaci\u00f3"}]},{"@type":"WebSite","@id":"https:\/\/www.andorra-advisors.com\/ca\/#website","url":"https:\/\/www.andorra-advisors.com\/ca\/","name":"Andorra Advisors","description":"","potentialAction":[{"@type":"SearchAction","target":{"@type":"EntryPoint","urlTemplate":"https:\/\/www.andorra-advisors.com\/ca\/?s={search_term_string}"},"query-input":{"@type":"PropertyValueSpecification","valueRequired":true,"valueName":"search_term_string"}}],"inLanguage":"ca"},{"@type":"Person","@id":"https:\/\/www.andorra-advisors.com\/ca\/#\/schema\/person\/de736d5ace974a427a41d6034f082942","name":"Cristina L\u00f3pez Morales","image":{"@type":"ImageObject","inLanguage":"ca","@id":"https:\/\/www.andorra-advisors.com\/ca\/#\/schema\/person\/image\/","url":"https:\/\/secure.gravatar.com\/avatar\/fedd1bd1f5793d622244afd8f03c6ec9?s=96&d=mm&r=g","contentUrl":"https:\/\/secure.gravatar.com\/avatar\/fedd1bd1f5793d622244afd8f03c6ec9?s=96&d=mm&r=g","caption":"Cristina L\u00f3pez Morales"},"description":"Llicenciada en Administraci\u00f3 i Direcci\u00f3 d'empreses. Passi\u00f3 per les finances i per la comunicaci\u00f3. Aprenent i formant-me en el m\u00f3n de l'empresa di\u00e0riament. Col\u00b7laboro amb Andorra Advisors en la creaci\u00f3 de continguts relacionats amb la creaci\u00f3 d'empreses i fiscalitat a Andorra.","sameAs":["admin"],"url":"https:\/\/www.andorra-advisors.com\/ca\/author\/cristina-lopez\/"}]}},"_links":{"self":[{"href":"https:\/\/www.andorra-advisors.com\/ca\/wp-json\/wp\/v2\/posts\/1103","targetHints":{"allow":["GET"]}}],"collection":[{"href":"https:\/\/www.andorra-advisors.com\/ca\/wp-json\/wp\/v2\/posts"}],"about":[{"href":"https:\/\/www.andorra-advisors.com\/ca\/wp-json\/wp\/v2\/types\/post"}],"author":[{"embeddable":true,"href":"https:\/\/www.andorra-advisors.com\/ca\/wp-json\/wp\/v2\/users\/1"}],"replies":[{"embeddable":true,"href":"https:\/\/www.andorra-advisors.com\/ca\/wp-json\/wp\/v2\/comments?post=1103"}],"version-history":[{"count":0,"href":"https:\/\/www.andorra-advisors.com\/ca\/wp-json\/wp\/v2\/posts\/1103\/revisions"}],"wp:featuredmedia":[{"embeddable":true,"href":"https:\/\/www.andorra-advisors.com\/ca\/wp-json\/wp\/v2\/media\/1104"}],"wp:attachment":[{"href":"https:\/\/www.andorra-advisors.com\/ca\/wp-json\/wp\/v2\/media?parent=1103"}],"wp:term":[{"taxonomy":"category","embeddable":true,"href":"https:\/\/www.andorra-advisors.com\/ca\/wp-json\/wp\/v2\/categories?post=1103"},{"taxonomy":"post_tag","embeddable":true,"href":"https:\/\/www.andorra-advisors.com\/ca\/wp-json\/wp\/v2\/tags?post=1103"}],"curies":[{"name":"wp","href":"https:\/\/api.w.org\/{rel}","templated":true}]}}