{"id":1339,"date":"2019-10-10T10:30:48","date_gmt":"2019-10-10T10:30:48","guid":{"rendered":"https:\/\/www.andorra-advisors.com\/ca\/?p=1339"},"modified":"2019-10-10T10:30:48","modified_gmt":"2019-10-10T10:30:48","slug":"esperanca-vida-andorra","status":"publish","type":"post","link":"https:\/\/www.andorra-advisors.com\/ca\/blog\/esperanca-vida-andorra\/","title":{"rendered":"Esperan\u00e7a de vida a Andorra"},"content":{"rendered":"<p style=\"text-align: justify;\">Andorra se situa en la posici\u00f3 n\u00famero 1 en el r\u00e0nquing dels pa\u00efsos amb major expectativa de vida.\u00a0Amb estad\u00edstiques envejables, Andorra es mant\u00e9 entre els primers llocs d&#8217;aquest r\u00e0nquing des de fa diversos anys consecutius.\u00a0L&#8217;esperan\u00e7a de vida actual general al Principat \u00e9s de 84,5 anys, una xifra que situa a Andorra al podi per sobre d&#8217;Espanya, Jap\u00f3, i altres pa\u00efsos amb expectatives de vida for\u00e7a elevades.<\/p>\n<p style=\"text-align: justify;\">L&#8217;expectativa de vida \u00e9s una mesura que es realitza en una poblaci\u00f3 determinada per con\u00e8ixer m\u00e9s sobre el seu estil de vida.\u00a0Tot i que no est\u00e0 cient\u00edficament comprovat el perqu\u00e8 algunes poblacions tenen m\u00e9s esperan\u00e7a de vida que d&#8217;altres, si s&#8217;ha registrat diversos factors que influeixen en la longevitat d&#8217;una regi\u00f3 o pa\u00eds.\u00a0Al Principat Andorr\u00e0 hi ha alguns factors que influeixen en la poblaci\u00f3 perqu\u00e8 aquesta tinguin una esperan\u00e7a de vida m\u00e9s llarga que la d&#8217;altres nacions, aquestes poden ser el seu sistema sanitari, el qual est\u00e0 entre els millors d&#8217;Europa i el m\u00f3n, l&#8217;ambient net , el poc estr\u00e8s que es viu en el dia a dia dels andorrans, la seguretat, ia gran qualitat de vida que tenen els residents del Principat.<\/p>\n<h2 style=\"text-align: justify;\">Sistema sanitari a Andorra<\/h2>\n<p style=\"text-align: justify;\">Andorra t\u00e9 un dels millors sistemes sanitaris de la Uni\u00f3 Europea i el m\u00f3n, encap\u00e7alant el r\u00e0nquing mundial.\u00a0Aquest sistema \u00e9s p\u00fablic, de manera que tots els pobladors del Principat tenen acc\u00e9s a aquest.\u00a0Segons l&#8217;Institut d&#8217;Avaluaci\u00f3 i M\u00e8trica de la Universitat de Washington, dicta que la taxa de mortalitat per malalties que es poden combatre amb assist\u00e8ncia m\u00e8dica \u00e9s molt baixa, el que fa que el sistema m\u00e8dic d&#8217;Andorra aquest entre els millors.\u00a0A m\u00e9s, amb els plans nacionals de salut que es realitzen al Principat i l&#8217;acc\u00e9s general als ciutadans a l&#8217;atenci\u00f3 m\u00e8dica, s\u00f3n factors que multipliquen les possibilitats dels residents andorrans d&#8217;arribar a edats molt avan\u00e7ades.<\/p>\n<p style=\"text-align: justify;\">Per\u00f2 el sistema sanitari no \u00e9s l&#8217;\u00fanic responsable que els andorrans puguin viure m\u00e9s.\u00a0El baix estr\u00e8s que tenen els ciutadans d&#8217;Andorra tamb\u00e9 pot ajudar a que els pobladors d&#8217;Andorra tinguin una vida m\u00e9s prolongada.\u00a0Aqu\u00ed tamb\u00e9 se li afegeix que al Principat hi ha moltes \u00e0rees naturals que propicien una disminuci\u00f3 en les malalties respirat\u00f2ries i un ambient m\u00e9s net, el que es tradueix a una vida m\u00e9s sana i m\u00e9s duradora.<\/p>\n<h2 style=\"text-align: justify;\">Altres punts clau<\/h2>\n<p style=\"text-align: justify;\">Entre el conjunt de claus aplicada a Andorra perqu\u00e8 els seus ciutadans tinguin una vida m\u00e9s perllonga hi ha el foment a la bona alimentaci\u00f3 i l&#8217;exercici, majorment aplicat pels adults grans.\u00a0Al Principat hi ha infinitats d&#8217;activitats recreatives per a exercitar a la poblaci\u00f3, un exemple pot ser les caminades per les \u00e0rees verdes, m\u00faltiples \u00e0rees d&#8217;exercicis, i en l&#8217;\u00e8poca de neu, activitats com esquiar.\u00a0No hi ha excusa per no realitzar activitat f\u00edsica al Principat, de manera que la poblaci\u00f3 es mant\u00e9 en forma, saludable i alegre, i segons experts, aquesta \u00e9s una de les f\u00f3rmules per viure m\u00e9s anys.<\/p>\n<p style=\"text-align: justify;\">Per la seva banda, tamb\u00e9 destaca la seguretat.\u00a0El Principat andorr\u00e0 se situa entre els pa\u00efsos m\u00e9s segurs de tot el m\u00f3n.\u00a0Un dels factors m\u00e9s importants per a una poblaci\u00f3 o per a aquells que van de visita al Principat, \u00e9s la sensaci\u00f3 de seguretat, la qual es mant\u00e9 a qualsevol hora del dia i de la nit en tots els punts de pa\u00eds.\u00a0D&#8217;aquesta manera es redueix clarament l&#8217;estr\u00e8s i es dispara la qualitat de vida, i en conseq\u00fc\u00e8ncia, generant m\u00e9s anys de vida per a la poblaci\u00f3.<\/p>\n<p style=\"text-align: justify;\">Aquests i altres factors culturals, socials i altres, proporcionen una millora en la vida dels residents andorrans, al que porta a una vida m\u00e9s prolongada, plaent i sana.<\/p>\n","protected":false},"excerpt":{"rendered":"<p>Andorra se situa en la posici\u00f3 n\u00famero 1 en el r\u00e0nquing dels pa\u00efsos amb major expectativa de vida.\u00a0Amb estad\u00edstiques envejables, Andorra es mant\u00e9 entre els primers llocs d&#8217;aquest r\u00e0nquing des de fa diversos anys consecutius.\u00a0L&#8217;esperan\u00e7a de vida actual general al Principat \u00e9s de 84,5 anys, una xifra que situa a Andorra al podi per sobre [&hellip;]<\/p>\n","protected":false},"author":1,"featured_media":1340,"comment_status":"open","ping_status":"open","sticky":false,"template":"","format":"standard","meta":{"_acf_changed":false,"footnotes":""},"categories":[23],"tags":[4,19,22,143,144],"class_list":["post-1339","post","type-post","status-publish","format-standard","has-post-thumbnail","hentry","category-sistema-sanitari","tag-andorra","tag-europa","tag-salut","tag-seguretat","tag-vida"],"acf":[],"yoast_head":"<!-- This site is optimized with the Yoast SEO plugin v24.6 - https:\/\/yoast.com\/wordpress\/plugins\/seo\/ -->\n<title>Andorra aconsegueix el n\u00famero 1 a esperan\u00e7a de vida a nivell mundial<\/title>\n<meta name=\"description\" content=\"La inversi\u00f3 estrangera creix a Andorra al voltant d&#039;un 85% amb un augment de la diversificaci\u00f3 de les inversions arribant als 152 milions d&#039;euros.\" \/>\n<meta name=\"robots\" content=\"index, follow, max-snippet:-1, max-image-preview:large, max-video-preview:-1\" \/>\n<link rel=\"canonical\" href=\"https:\/\/www.andorra-advisors.com\/ca\/blog\/esperanca-vida-andorra\/\" \/>\n<meta property=\"og:locale\" content=\"ca_ES\" \/>\n<meta property=\"og:type\" content=\"article\" \/>\n<meta property=\"og:title\" content=\"Andorra aconsegueix el n\u00famero 1 a esperan\u00e7a de vida a nivell mundial\" \/>\n<meta property=\"og:description\" content=\"La inversi\u00f3 estrangera creix a Andorra al voltant d&#039;un 85% amb un augment de la diversificaci\u00f3 de les inversions arribant als 152 milions d&#039;euros.\" \/>\n<meta property=\"og:url\" content=\"https:\/\/www.andorra-advisors.com\/ca\/blog\/esperanca-vida-andorra\/\" \/>\n<meta property=\"og:site_name\" content=\"Andorra Advisors\" \/>\n<meta property=\"article:published_time\" content=\"2019-10-10T10:30:48+00:00\" \/>\n<meta property=\"og:image\" content=\"https:\/\/www.andorra-advisors.com\/ca\/wp-content\/uploads\/2019\/10\/esperan\u00e7a-vida-Andorra.png\" \/>\n\t<meta property=\"og:image:width\" content=\"360\" \/>\n\t<meta property=\"og:image:height\" content=\"240\" \/>\n\t<meta property=\"og:image:type\" content=\"image\/png\" \/>\n<meta name=\"author\" content=\"Cristina L\u00f3pez Morales\" \/>\n<meta name=\"twitter:card\" content=\"summary_large_image\" \/>\n<meta name=\"twitter:label1\" content=\"Escrit per\" \/>\n\t<meta name=\"twitter:data1\" content=\"Cristina L\u00f3pez Morales\" \/>\n\t<meta name=\"twitter:label2\" content=\"Temps estimat de lectura\" \/>\n\t<meta name=\"twitter:data2\" content=\"3 minuts\" \/>\n<script type=\"application\/ld+json\" class=\"yoast-schema-graph\">{\"@context\":\"https:\/\/schema.org\",\"@graph\":[{\"@type\":\"WebPage\",\"@id\":\"https:\/\/www.andorra-advisors.com\/ca\/blog\/esperanca-vida-andorra\/\",\"url\":\"https:\/\/www.andorra-advisors.com\/ca\/blog\/esperanca-vida-andorra\/\",\"name\":\"Andorra aconsegueix el n\u00famero 1 a esperan\u00e7a de vida a nivell mundial\",\"isPartOf\":{\"@id\":\"https:\/\/www.andorra-advisors.com\/ca\/#website\"},\"primaryImageOfPage\":{\"@id\":\"https:\/\/www.andorra-advisors.com\/ca\/blog\/esperanca-vida-andorra\/#primaryimage\"},\"image\":{\"@id\":\"https:\/\/www.andorra-advisors.com\/ca\/blog\/esperanca-vida-andorra\/#primaryimage\"},\"thumbnailUrl\":\"https:\/\/www.andorra-advisors.com\/ca\/wp-content\/uploads\/2019\/10\/esperan\u00e7a-vida-Andorra.png\",\"datePublished\":\"2019-10-10T10:30:48+00:00\",\"author\":{\"@id\":\"https:\/\/www.andorra-advisors.com\/ca\/#\/schema\/person\/de736d5ace974a427a41d6034f082942\"},\"description\":\"La inversi\u00f3 estrangera creix a Andorra al voltant d'un 85% amb un augment de la diversificaci\u00f3 de les inversions arribant als 152 milions d'euros.\",\"breadcrumb\":{\"@id\":\"https:\/\/www.andorra-advisors.com\/ca\/blog\/esperanca-vida-andorra\/#breadcrumb\"},\"inLanguage\":\"ca\",\"potentialAction\":[{\"@type\":\"ReadAction\",\"target\":[\"https:\/\/www.andorra-advisors.com\/ca\/blog\/esperanca-vida-andorra\/\"]}]},{\"@type\":\"ImageObject\",\"inLanguage\":\"ca\",\"@id\":\"https:\/\/www.andorra-advisors.com\/ca\/blog\/esperanca-vida-andorra\/#primaryimage\",\"url\":\"https:\/\/www.andorra-advisors.com\/ca\/wp-content\/uploads\/2019\/10\/esperan\u00e7a-vida-Andorra.png\",\"contentUrl\":\"https:\/\/www.andorra-advisors.com\/ca\/wp-content\/uploads\/2019\/10\/esperan\u00e7a-vida-Andorra.png\",\"width\":360,\"height\":240,\"caption\":\"esperan\u00e7a vida Andorra\"},{\"@type\":\"BreadcrumbList\",\"@id\":\"https:\/\/www.andorra-advisors.com\/ca\/blog\/esperanca-vida-andorra\/#breadcrumb\",\"itemListElement\":[{\"@type\":\"ListItem\",\"position\":1,\"name\":\"Inici\",\"item\":\"https:\/\/www.andorra-advisors.com\/ca\/\"},{\"@type\":\"ListItem\",\"position\":2,\"name\":\"Esperan\u00e7a de vida a Andorra\"}]},{\"@type\":\"WebSite\",\"@id\":\"https:\/\/www.andorra-advisors.com\/ca\/#website\",\"url\":\"https:\/\/www.andorra-advisors.com\/ca\/\",\"name\":\"Andorra Advisors\",\"description\":\"\",\"potentialAction\":[{\"@type\":\"SearchAction\",\"target\":{\"@type\":\"EntryPoint\",\"urlTemplate\":\"https:\/\/www.andorra-advisors.com\/ca\/?s={search_term_string}\"},\"query-input\":{\"@type\":\"PropertyValueSpecification\",\"valueRequired\":true,\"valueName\":\"search_term_string\"}}],\"inLanguage\":\"ca\"},{\"@type\":\"Person\",\"@id\":\"https:\/\/www.andorra-advisors.com\/ca\/#\/schema\/person\/de736d5ace974a427a41d6034f082942\",\"name\":\"Cristina L\u00f3pez Morales\",\"image\":{\"@type\":\"ImageObject\",\"inLanguage\":\"ca\",\"@id\":\"https:\/\/www.andorra-advisors.com\/ca\/#\/schema\/person\/image\/\",\"url\":\"https:\/\/secure.gravatar.com\/avatar\/fedd1bd1f5793d622244afd8f03c6ec9?s=96&d=mm&r=g\",\"contentUrl\":\"https:\/\/secure.gravatar.com\/avatar\/fedd1bd1f5793d622244afd8f03c6ec9?s=96&d=mm&r=g\",\"caption\":\"Cristina L\u00f3pez Morales\"},\"description\":\"Llicenciada en Administraci\u00f3 i Direcci\u00f3 d'empreses. Passi\u00f3 per les finances i per la comunicaci\u00f3. Aprenent i formant-me en el m\u00f3n de l'empresa di\u00e0riament. Col\u00b7laboro amb Andorra Advisors en la creaci\u00f3 de continguts relacionats amb la creaci\u00f3 d'empreses i fiscalitat a Andorra.\",\"sameAs\":[\"admin\"],\"url\":\"https:\/\/www.andorra-advisors.com\/ca\/author\/cristina-lopez\/\"}]}<\/script>\n<!-- \/ Yoast SEO plugin. -->","yoast_head_json":{"title":"Andorra aconsegueix el n\u00famero 1 a esperan\u00e7a de vida a nivell mundial","description":"La inversi\u00f3 estrangera creix a Andorra al voltant d'un 85% amb un augment de la diversificaci\u00f3 de les inversions arribant als 152 milions d'euros.","robots":{"index":"index","follow":"follow","max-snippet":"max-snippet:-1","max-image-preview":"max-image-preview:large","max-video-preview":"max-video-preview:-1"},"canonical":"https:\/\/www.andorra-advisors.com\/ca\/blog\/esperanca-vida-andorra\/","og_locale":"ca_ES","og_type":"article","og_title":"Andorra aconsegueix el n\u00famero 1 a esperan\u00e7a de vida a nivell mundial","og_description":"La inversi\u00f3 estrangera creix a Andorra al voltant d'un 85% amb un augment de la diversificaci\u00f3 de les inversions arribant als 152 milions d'euros.","og_url":"https:\/\/www.andorra-advisors.com\/ca\/blog\/esperanca-vida-andorra\/","og_site_name":"Andorra Advisors","article_published_time":"2019-10-10T10:30:48+00:00","og_image":[{"width":360,"height":240,"url":"https:\/\/www.andorra-advisors.com\/ca\/wp-content\/uploads\/2019\/10\/esperan\u00e7a-vida-Andorra.png","type":"image\/png"}],"author":"Cristina L\u00f3pez Morales","twitter_card":"summary_large_image","twitter_misc":{"Escrit per":"Cristina L\u00f3pez Morales","Temps estimat de lectura":"3 minuts"},"schema":{"@context":"https:\/\/schema.org","@graph":[{"@type":"WebPage","@id":"https:\/\/www.andorra-advisors.com\/ca\/blog\/esperanca-vida-andorra\/","url":"https:\/\/www.andorra-advisors.com\/ca\/blog\/esperanca-vida-andorra\/","name":"Andorra aconsegueix el n\u00famero 1 a esperan\u00e7a de vida a nivell mundial","isPartOf":{"@id":"https:\/\/www.andorra-advisors.com\/ca\/#website"},"primaryImageOfPage":{"@id":"https:\/\/www.andorra-advisors.com\/ca\/blog\/esperanca-vida-andorra\/#primaryimage"},"image":{"@id":"https:\/\/www.andorra-advisors.com\/ca\/blog\/esperanca-vida-andorra\/#primaryimage"},"thumbnailUrl":"https:\/\/www.andorra-advisors.com\/ca\/wp-content\/uploads\/2019\/10\/esperan\u00e7a-vida-Andorra.png","datePublished":"2019-10-10T10:30:48+00:00","author":{"@id":"https:\/\/www.andorra-advisors.com\/ca\/#\/schema\/person\/de736d5ace974a427a41d6034f082942"},"description":"La inversi\u00f3 estrangera creix a Andorra al voltant d'un 85% amb un augment de la diversificaci\u00f3 de les inversions arribant als 152 milions d'euros.","breadcrumb":{"@id":"https:\/\/www.andorra-advisors.com\/ca\/blog\/esperanca-vida-andorra\/#breadcrumb"},"inLanguage":"ca","potentialAction":[{"@type":"ReadAction","target":["https:\/\/www.andorra-advisors.com\/ca\/blog\/esperanca-vida-andorra\/"]}]},{"@type":"ImageObject","inLanguage":"ca","@id":"https:\/\/www.andorra-advisors.com\/ca\/blog\/esperanca-vida-andorra\/#primaryimage","url":"https:\/\/www.andorra-advisors.com\/ca\/wp-content\/uploads\/2019\/10\/esperan\u00e7a-vida-Andorra.png","contentUrl":"https:\/\/www.andorra-advisors.com\/ca\/wp-content\/uploads\/2019\/10\/esperan\u00e7a-vida-Andorra.png","width":360,"height":240,"caption":"esperan\u00e7a vida Andorra"},{"@type":"BreadcrumbList","@id":"https:\/\/www.andorra-advisors.com\/ca\/blog\/esperanca-vida-andorra\/#breadcrumb","itemListElement":[{"@type":"ListItem","position":1,"name":"Inici","item":"https:\/\/www.andorra-advisors.com\/ca\/"},{"@type":"ListItem","position":2,"name":"Esperan\u00e7a de vida a Andorra"}]},{"@type":"WebSite","@id":"https:\/\/www.andorra-advisors.com\/ca\/#website","url":"https:\/\/www.andorra-advisors.com\/ca\/","name":"Andorra Advisors","description":"","potentialAction":[{"@type":"SearchAction","target":{"@type":"EntryPoint","urlTemplate":"https:\/\/www.andorra-advisors.com\/ca\/?s={search_term_string}"},"query-input":{"@type":"PropertyValueSpecification","valueRequired":true,"valueName":"search_term_string"}}],"inLanguage":"ca"},{"@type":"Person","@id":"https:\/\/www.andorra-advisors.com\/ca\/#\/schema\/person\/de736d5ace974a427a41d6034f082942","name":"Cristina L\u00f3pez Morales","image":{"@type":"ImageObject","inLanguage":"ca","@id":"https:\/\/www.andorra-advisors.com\/ca\/#\/schema\/person\/image\/","url":"https:\/\/secure.gravatar.com\/avatar\/fedd1bd1f5793d622244afd8f03c6ec9?s=96&d=mm&r=g","contentUrl":"https:\/\/secure.gravatar.com\/avatar\/fedd1bd1f5793d622244afd8f03c6ec9?s=96&d=mm&r=g","caption":"Cristina L\u00f3pez Morales"},"description":"Llicenciada en Administraci\u00f3 i Direcci\u00f3 d'empreses. Passi\u00f3 per les finances i per la comunicaci\u00f3. Aprenent i formant-me en el m\u00f3n de l'empresa di\u00e0riament. Col\u00b7laboro amb Andorra Advisors en la creaci\u00f3 de continguts relacionats amb la creaci\u00f3 d'empreses i fiscalitat a Andorra.","sameAs":["admin"],"url":"https:\/\/www.andorra-advisors.com\/ca\/author\/cristina-lopez\/"}]}},"_links":{"self":[{"href":"https:\/\/www.andorra-advisors.com\/ca\/wp-json\/wp\/v2\/posts\/1339","targetHints":{"allow":["GET"]}}],"collection":[{"href":"https:\/\/www.andorra-advisors.com\/ca\/wp-json\/wp\/v2\/posts"}],"about":[{"href":"https:\/\/www.andorra-advisors.com\/ca\/wp-json\/wp\/v2\/types\/post"}],"author":[{"embeddable":true,"href":"https:\/\/www.andorra-advisors.com\/ca\/wp-json\/wp\/v2\/users\/1"}],"replies":[{"embeddable":true,"href":"https:\/\/www.andorra-advisors.com\/ca\/wp-json\/wp\/v2\/comments?post=1339"}],"version-history":[{"count":0,"href":"https:\/\/www.andorra-advisors.com\/ca\/wp-json\/wp\/v2\/posts\/1339\/revisions"}],"wp:featuredmedia":[{"embeddable":true,"href":"https:\/\/www.andorra-advisors.com\/ca\/wp-json\/wp\/v2\/media\/1340"}],"wp:attachment":[{"href":"https:\/\/www.andorra-advisors.com\/ca\/wp-json\/wp\/v2\/media?parent=1339"}],"wp:term":[{"taxonomy":"category","embeddable":true,"href":"https:\/\/www.andorra-advisors.com\/ca\/wp-json\/wp\/v2\/categories?post=1339"},{"taxonomy":"post_tag","embeddable":true,"href":"https:\/\/www.andorra-advisors.com\/ca\/wp-json\/wp\/v2\/tags?post=1339"}],"curies":[{"name":"wp","href":"https:\/\/api.w.org\/{rel}","templated":true}]}}