{"id":1880,"date":"2020-04-09T10:53:19","date_gmt":"2020-04-09T10:53:19","guid":{"rendered":"https:\/\/www.andorra-advisors.com\/ca\/blog\/\/"},"modified":"2020-04-12T06:33:17","modified_gmt":"2020-04-12T06:33:17","slug":"dies-festius-andorra","status":"publish","type":"post","link":"https:\/\/www.andorra-advisors.com\/ca\/blog\/dies-festius-andorra\/","title":{"rendered":"Dies festius de l&#8217;any a Andorra 2020"},"content":{"rendered":"<p style=\"text-align: justify;\">Aqu\u00ed exposem els dies festius de l&#8217;any 2020 a Andorra.<\/p>\n<p style=\"text-align: justify;\">Cada pa\u00eds t\u00e9 dies per celebrar, els quals s\u00f3n anomenats dies festius.&nbsp;Aquests s\u00f3n dies espec\u00edfics on en un passat es van produir esdeveniments importants com naixements de personatges hist\u00f2rics, dates b\u00edbliques, fires o festes, entre altres coses.<\/p>\n<p style=\"text-align: justify;\">A continuaci\u00f3 mostrarem tots els dies festius de l&#8217;any, on ensenyarem si la festivitat \u00e9s a tot el principat o nom\u00e9s \u00e9s per a una parr\u00f2quia especifica.<\/p>\n<h2 style=\"text-align: justify;\">Festius al gener<\/h2>\n<p style=\"text-align: justify;\">1 Cap d&#8217;Any &#8211; Festiu a tot Andorra<\/p>\n<p style=\"text-align: justify;\">6 Dia de Reis &#8211; Festiu a tot Andorra<\/p>\n<p style=\"text-align: justify;\">7 Dia del Patr\u00f3 de la parr\u00f2quia de Sant Juli\u00e0 &#8211; Festiu a la parr\u00f2quia de Sant Juli\u00e0<\/p>\n<p style=\"text-align: justify;\">17 Dia de Sant Antoni &#8211; Dia festiu a la parr\u00f2quia de la Massana<\/p>\n<p style=\"text-align: justify;\">20 Dia de Sant Sebasti\u00e0 &#8211; Dia Festiu a la Parr\u00f2quia d&#8217;Ordino<\/p>\n<h2 style=\"text-align: justify;\">Festius al febrer<\/h2>\n<p style=\"text-align: justify;\">No hi ha cap data festiva.<\/p>\n<h2 style=\"text-align: justify;\">Festius al mar\u00e7<\/h2>\n<p style=\"text-align: justify;\">4 Carnestoltes &#8211; Festiu a tot Andorra<\/p>\n<p style=\"text-align: justify;\">14 Dia de la Constituci\u00f3 &#8211; Festiu a tot Andorra<\/p>\n<h2 style=\"text-align: justify;\">Festius a l&#8217;abril<\/h2>\n<p style=\"text-align: justify;\">19 Divendres Sant &#8211; Festiu a tot Andorra<\/p>\n<p style=\"text-align: justify;\">22 Dilluns de Pasqua &#8211; Festiu a tot Andorra<\/p>\n<h2 style=\"text-align: justify;\">Festius al maig<\/h2>\n<p style=\"text-align: justify;\">1 Dia de la feina &#8211; Festiu a tot Andorra<\/p>\n<p style=\"text-align: justify;\">25 Dia de la Patrona de la parr\u00f2quia Diada de Can\u00f2lich &#8211; Dia festiu a la parr\u00f2quia de Sant Juli\u00e0<\/p>\n<h2 style=\"text-align: justify;\">Festius al juny<\/h2>\n<p style=\"text-align: justify;\">10 Dilluns de Pentecosta &#8211; Festiu a tot Andorra<\/p>\n<p style=\"text-align: justify;\">14 Diada commemorativa de la creaci\u00f3 de la parr\u00f2quia &#8211; Dia festiu a la parr\u00f2quia d&#8217;Escaldes<\/p>\n<p style=\"text-align: justify;\">22 Festa del Poble d&#8217;Encamp &#8211; Firat nom\u00e9s a la parr\u00f2quia d&#8217;Encamp<\/p>\n<p style=\"text-align: justify;\">23 Festa del Poble d&#8217;Encamp &#8211; Firat nom\u00e9s a la parr\u00f2quia d&#8217;Encamp<\/p>\n<p style=\"text-align: justify;\">24 Festa del Poble &#8211; Festiu a la capital d&#8217;Andorra<\/p>\n<p style=\"text-align: justify;\">24 Festa Major de Sispony Sant Joan- Dia festiu a la parr\u00f2quia de la Massana<\/p>\n<p style=\"text-align: justify;\">29 Dia del Patr\u00f3 del Pas de la Casa Sant Pere &#8211; Firat nom\u00e9s a la parr\u00f2quia d&#8217;Encamp<\/p>\n<p style=\"text-align: justify;\">29 Dia de Sant Pere i el Tarter &#8211; Festiu a la parr\u00f2quia de Canillo<\/p>\n<p style=\"text-align: justify;\">29 Festa Major de Pal &#8211; Dia festiu a la parr\u00f2quia de la Massana<\/p>\n<h2 style=\"text-align: justify;\">Festius al juliol<\/h2>\n<p style=\"text-align: justify;\">7 Festa del Roser &#8211; Dia Festiu a la Parr\u00f2quia d&#8217;Ordino<\/p>\n<p style=\"text-align: justify;\">8 Festa del Roser &#8211; Dia Festiu a la Parr\u00f2quia d&#8217;Ordino<\/p>\n<p style=\"text-align: justify;\">10 Festa Major d&#8217;Any\u00f3s Sant Crist\u00f2fol &#8211; Dia festiu a la parr\u00f2quia de la Massana<\/p>\n<p style=\"text-align: justify;\">13 Soldeu &#8211; Festiu a la parr\u00f2quia de Canillo<\/p>\n<p style=\"text-align: justify;\">14 Dia del Roser de la Massana &#8211; Dia festiu a la parr\u00f2quia de la Massana<\/p>\n<p style=\"text-align: justify;\">21 Festa Major d&#8217;Erts &#8211; Dia festiu a la parr\u00f2quia de la Massana<\/p>\n<p style=\"text-align: justify;\">22 Celebraci\u00f3 deCanillo &#8211; Festiu a la parr\u00f2quia de Canillo<\/p>\n<p style=\"text-align: justify;\">25 Dia de Sant Jaume, Ransol, Aldosa, Els Plans &#8211; Festiu a la parr\u00f2quia de Canillo<\/p>\n<p style=\"text-align: justify;\">25 Diada de Sant Jaume, Festa Major &#8211; Dia festiu a la parr\u00f2quia d&#8217;Escaldes<\/p>\n<p style=\"text-align: justify;\">26 Diada de Santa Anna, Festa Major &#8211; Dia festiu a la parr\u00f2quia d&#8217;Escaldes<\/p>\n<p style=\"text-align: justify;\">29 Festa Major de Sant Juli\u00e0 &#8211; Dia festiu a la parr\u00f2quia de Sant Juli\u00e0<\/p>\n<p style=\"text-align: justify;\">30 Festa Major de Sant Juli\u00e0 &#8211; Dia festiu a la parr\u00f2quia de Sant Juli\u00e0<\/p>\n<h2 style=\"text-align: justify;\">Festius a l&#8217;agost<\/h2>\n<p style=\"text-align: justify;\">3 Dia de la Festa Major d&#8217;Andorra la Vella &#8211; Festiu a la capital d&#8217;Andorra<\/p>\n<p style=\"text-align: justify;\">3 Dia de la Festa Major de Llorts &#8211; Dia Festiu a la Parr\u00f2quia d&#8217;Ordino<\/p>\n<p style=\"text-align: justify;\">4 Dia de la Festa Major d&#8217;Andorra la Vella &#8211; Festiu a la capital d&#8217;Andorra<\/p>\n<p style=\"text-align: justify;\">4 Dia de la Festa Major de Llorts &#8211; Dia Festiu a la Parr\u00f2quia d&#8217;Ordino<\/p>\n<p style=\"text-align: justify;\">5 Dia de la Festa Major d&#8217;Andorra la Vella &#8211; Festiu a la capital d&#8217;Andorra<\/p>\n<p style=\"text-align: justify;\">11 Dia de la Festa Major de l&#8217;Aldosa &#8211; Dia festiu a la parr\u00f2quia de la Massana<\/p>\n<p style=\"text-align: justify;\">15 Assumpci\u00f3 &#8211; Festiu a tot Andorra<\/p>\n<p style=\"text-align: justify;\">16 Dia Patr\u00f3 d&#8217;Encamp Sant Roc &#8211; Firat nom\u00e9s a la parr\u00f2quia d&#8217;Encamp<\/p>\n<p style=\"text-align: justify;\">16 Dia de Sant Roc &#8211; Festiu a la parr\u00f2quia de Canillo<\/p>\n<p style=\"text-align: justify;\">16 Dia de la Festa Major de Sorn\u00e0s &#8211; Dia Festiu a la Parr\u00f2quia d&#8217;Ordino<\/p>\n<p style=\"text-align: justify;\">16 dia de Sant Roc &#8211; Dia festiu a la parr\u00f2quia de la Massana<\/p>\n<p style=\"text-align: justify;\">18 Dia de la Festa Major d&#8217;Arinsal &#8211; Dia festiu a la parr\u00f2quia de la Massana<\/p>\n<p style=\"text-align: justify;\">24 Dia de Sant Bartolomeo de Soldeu &#8211; Festiu a la parr\u00f2quia de Canillo<\/p>\n<p style=\"text-align: justify;\">31 Dia de la Festa Major de La Cortinada &#8211; Dia Festiu a la Parr\u00f2quia d&#8217;Ordino<\/p>\n<h2 style=\"text-align: justify;\">Festius al setembre<\/h2>\n<p style=\"text-align: justify;\">1 Dia de la Festa Major de La Cortinada &#8211; Dia Festiu a la Parr\u00f2quia d&#8217;Ordino<\/p>\n<p style=\"text-align: justify;\">8 Dia de Nostra Senyora de Meritxell &#8211; Festiu a tot Andorra<\/p>\n<p style=\"text-align: justify;\">16 Dia de la Festa Major d&#8217;Ordino &#8211; Dia Festiu a la Parr\u00f2quia d&#8217;Ordino<\/p>\n<p style=\"text-align: justify;\">29 Dia de la Festa Major d&#8217;Ansalonga &#8211; Dia Festiu a la Parr\u00f2quia d&#8217;Ordino<\/p>\n<h2 style=\"text-align: justify;\">Festius a l&#8217;octubre<\/h2>\n<p style=\"text-align: justify;\">No hi ha cap festiu<\/p>\n<h2 style=\"text-align: justify;\">Festius al novembre<\/h2>\n<p style=\"text-align: justify;\">1 Dia de Tots Sants &#8211; Festiu a tot Andorra<\/p>\n<p style=\"text-align: justify;\">30 Dia de Sant Andreu &#8211; Dia festiu a la parr\u00f2quia de la Massana<\/p>\n<h2 style=\"text-align: justify;\">Festius al desembre<\/h2>\n<p style=\"text-align: justify;\">8 Dia de la Immaculada Concepci\u00f3 &#8211; Festiu a tot Andorra<\/p>\n<p style=\"text-align: justify;\">25 Nadal &#8211; Festiu a tot Andorra<\/p>\n<p style=\"text-align: justify;\">26 Dia de Sant Esteve &#8211; Festiu a tot Andorra<\/p>\n","protected":false},"excerpt":{"rendered":"<p>Aqu\u00ed exposem els dies festius de l&#8217;any 2020 a Andorra. Cada pa\u00eds t\u00e9 dies per celebrar, els quals s\u00f3n anomenats dies festius.&nbsp;Aquests s\u00f3n dies espec\u00edfics on en un passat es van produir esdeveniments importants com naixements de personatges hist\u00f2rics, dates b\u00edbliques, fires o festes, entre altres coses. A continuaci\u00f3 mostrarem tots els dies festius de [&hellip;]<\/p>\n","protected":false},"author":1,"featured_media":1887,"comment_status":"closed","ping_status":"closed","sticky":false,"template":"","format":"standard","meta":{"_acf_changed":false,"footnotes":""},"categories":[110],"tags":[4,109,111,112,113,114,115],"class_list":["post-1880","post","type-post","status-publish","format-standard","has-post-thumbnail","hentry","category-dies-festius","tag-andorra","tag-canillo","tag-encamp","tag-escaldes","tag-la-massana","tag-ordino","tag-sant-julia"],"acf":[],"yoast_head":"<!-- This site is optimized with the Yoast SEO plugin v24.6 - https:\/\/yoast.com\/wordpress\/plugins\/seo\/ -->\n<title>Calendari de dies festius de l&#039;any 2020 a Andorra - Andorra Advisors<\/title>\n<meta name=\"description\" content=\"Qu\u00e8 \u00e9s una cooperativa? Coneix els drets i obligacions dels participants en una cooperativa amb seu al principat d&#039;Andorra.\" \/>\n<meta name=\"robots\" content=\"index, follow, max-snippet:-1, max-image-preview:large, max-video-preview:-1\" \/>\n<link rel=\"canonical\" href=\"https:\/\/www.andorra-advisors.com\/ca\/blog\/dies-festius-andorra\/\" \/>\n<meta property=\"og:locale\" content=\"ca_ES\" \/>\n<meta property=\"og:type\" content=\"article\" \/>\n<meta property=\"og:title\" content=\"Calendari de dies festius de l&#039;any 2020 a Andorra - Andorra Advisors\" \/>\n<meta property=\"og:description\" content=\"Qu\u00e8 \u00e9s una cooperativa? Coneix els drets i obligacions dels participants en una cooperativa amb seu al principat d&#039;Andorra.\" \/>\n<meta property=\"og:url\" content=\"https:\/\/www.andorra-advisors.com\/ca\/blog\/dies-festius-andorra\/\" \/>\n<meta property=\"og:site_name\" content=\"Andorra Advisors\" \/>\n<meta property=\"article:published_time\" content=\"2020-04-09T10:53:19+00:00\" \/>\n<meta property=\"article:modified_time\" content=\"2020-04-12T06:33:17+00:00\" \/>\n<meta property=\"og:image\" content=\"https:\/\/www.andorra-advisors.com\/ca\/wp-content\/uploads\/2020\/04\/festius-Andorra-2020.png\" \/>\n\t<meta property=\"og:image:width\" content=\"360\" \/>\n\t<meta property=\"og:image:height\" content=\"240\" \/>\n\t<meta property=\"og:image:type\" content=\"image\/png\" \/>\n<meta name=\"author\" content=\"Cristina L\u00f3pez Morales\" \/>\n<meta name=\"twitter:card\" content=\"summary_large_image\" \/>\n<meta name=\"twitter:label1\" content=\"Escrit per\" \/>\n\t<meta name=\"twitter:data1\" content=\"Cristina L\u00f3pez Morales\" \/>\n\t<meta name=\"twitter:label2\" content=\"Temps estimat de lectura\" \/>\n\t<meta name=\"twitter:data2\" content=\"4 minuts\" \/>\n<script type=\"application\/ld+json\" class=\"yoast-schema-graph\">{\"@context\":\"https:\/\/schema.org\",\"@graph\":[{\"@type\":\"WebPage\",\"@id\":\"https:\/\/www.andorra-advisors.com\/ca\/blog\/dies-festius-andorra\/\",\"url\":\"https:\/\/www.andorra-advisors.com\/ca\/blog\/dies-festius-andorra\/\",\"name\":\"Calendari de dies festius de l'any 2020 a Andorra - Andorra Advisors\",\"isPartOf\":{\"@id\":\"https:\/\/www.andorra-advisors.com\/ca\/#website\"},\"primaryImageOfPage\":{\"@id\":\"https:\/\/www.andorra-advisors.com\/ca\/blog\/dies-festius-andorra\/#primaryimage\"},\"image\":{\"@id\":\"https:\/\/www.andorra-advisors.com\/ca\/blog\/dies-festius-andorra\/#primaryimage\"},\"thumbnailUrl\":\"https:\/\/www.andorra-advisors.com\/ca\/wp-content\/uploads\/2020\/04\/festius-Andorra-2020.png\",\"datePublished\":\"2020-04-09T10:53:19+00:00\",\"dateModified\":\"2020-04-12T06:33:17+00:00\",\"author\":{\"@id\":\"https:\/\/www.andorra-advisors.com\/ca\/#\/schema\/person\/de736d5ace974a427a41d6034f082942\"},\"description\":\"Qu\u00e8 \u00e9s una cooperativa? Coneix els drets i obligacions dels participants en una cooperativa amb seu al principat d'Andorra.\",\"breadcrumb\":{\"@id\":\"https:\/\/www.andorra-advisors.com\/ca\/blog\/dies-festius-andorra\/#breadcrumb\"},\"inLanguage\":\"ca\",\"potentialAction\":[{\"@type\":\"ReadAction\",\"target\":[\"https:\/\/www.andorra-advisors.com\/ca\/blog\/dies-festius-andorra\/\"]}]},{\"@type\":\"ImageObject\",\"inLanguage\":\"ca\",\"@id\":\"https:\/\/www.andorra-advisors.com\/ca\/blog\/dies-festius-andorra\/#primaryimage\",\"url\":\"https:\/\/www.andorra-advisors.com\/ca\/wp-content\/uploads\/2020\/04\/festius-Andorra-2020.png\",\"contentUrl\":\"https:\/\/www.andorra-advisors.com\/ca\/wp-content\/uploads\/2020\/04\/festius-Andorra-2020.png\",\"width\":360,\"height\":240,\"caption\":\"festius Andorra 2020\"},{\"@type\":\"BreadcrumbList\",\"@id\":\"https:\/\/www.andorra-advisors.com\/ca\/blog\/dies-festius-andorra\/#breadcrumb\",\"itemListElement\":[{\"@type\":\"ListItem\",\"position\":1,\"name\":\"Inici\",\"item\":\"https:\/\/www.andorra-advisors.com\/ca\/\"},{\"@type\":\"ListItem\",\"position\":2,\"name\":\"Dies festius de l&#8217;any a Andorra 2020\"}]},{\"@type\":\"WebSite\",\"@id\":\"https:\/\/www.andorra-advisors.com\/ca\/#website\",\"url\":\"https:\/\/www.andorra-advisors.com\/ca\/\",\"name\":\"Andorra Advisors\",\"description\":\"\",\"potentialAction\":[{\"@type\":\"SearchAction\",\"target\":{\"@type\":\"EntryPoint\",\"urlTemplate\":\"https:\/\/www.andorra-advisors.com\/ca\/?s={search_term_string}\"},\"query-input\":{\"@type\":\"PropertyValueSpecification\",\"valueRequired\":true,\"valueName\":\"search_term_string\"}}],\"inLanguage\":\"ca\"},{\"@type\":\"Person\",\"@id\":\"https:\/\/www.andorra-advisors.com\/ca\/#\/schema\/person\/de736d5ace974a427a41d6034f082942\",\"name\":\"Cristina L\u00f3pez Morales\",\"image\":{\"@type\":\"ImageObject\",\"inLanguage\":\"ca\",\"@id\":\"https:\/\/www.andorra-advisors.com\/ca\/#\/schema\/person\/image\/\",\"url\":\"https:\/\/secure.gravatar.com\/avatar\/fedd1bd1f5793d622244afd8f03c6ec9?s=96&d=mm&r=g\",\"contentUrl\":\"https:\/\/secure.gravatar.com\/avatar\/fedd1bd1f5793d622244afd8f03c6ec9?s=96&d=mm&r=g\",\"caption\":\"Cristina L\u00f3pez Morales\"},\"description\":\"Llicenciada en Administraci\u00f3 i Direcci\u00f3 d'empreses. Passi\u00f3 per les finances i per la comunicaci\u00f3. Aprenent i formant-me en el m\u00f3n de l'empresa di\u00e0riament. Col\u00b7laboro amb Andorra Advisors en la creaci\u00f3 de continguts relacionats amb la creaci\u00f3 d'empreses i fiscalitat a Andorra.\",\"sameAs\":[\"admin\"],\"url\":\"https:\/\/www.andorra-advisors.com\/ca\/author\/cristina-lopez\/\"}]}<\/script>\n<!-- \/ Yoast SEO plugin. -->","yoast_head_json":{"title":"Calendari de dies festius de l'any 2020 a Andorra - Andorra Advisors","description":"Qu\u00e8 \u00e9s una cooperativa? Coneix els drets i obligacions dels participants en una cooperativa amb seu al principat d'Andorra.","robots":{"index":"index","follow":"follow","max-snippet":"max-snippet:-1","max-image-preview":"max-image-preview:large","max-video-preview":"max-video-preview:-1"},"canonical":"https:\/\/www.andorra-advisors.com\/ca\/blog\/dies-festius-andorra\/","og_locale":"ca_ES","og_type":"article","og_title":"Calendari de dies festius de l'any 2020 a Andorra - Andorra Advisors","og_description":"Qu\u00e8 \u00e9s una cooperativa? Coneix els drets i obligacions dels participants en una cooperativa amb seu al principat d'Andorra.","og_url":"https:\/\/www.andorra-advisors.com\/ca\/blog\/dies-festius-andorra\/","og_site_name":"Andorra Advisors","article_published_time":"2020-04-09T10:53:19+00:00","article_modified_time":"2020-04-12T06:33:17+00:00","og_image":[{"width":360,"height":240,"url":"https:\/\/www.andorra-advisors.com\/ca\/wp-content\/uploads\/2020\/04\/festius-Andorra-2020.png","type":"image\/png"}],"author":"Cristina L\u00f3pez Morales","twitter_card":"summary_large_image","twitter_misc":{"Escrit per":"Cristina L\u00f3pez Morales","Temps estimat de lectura":"4 minuts"},"schema":{"@context":"https:\/\/schema.org","@graph":[{"@type":"WebPage","@id":"https:\/\/www.andorra-advisors.com\/ca\/blog\/dies-festius-andorra\/","url":"https:\/\/www.andorra-advisors.com\/ca\/blog\/dies-festius-andorra\/","name":"Calendari de dies festius de l'any 2020 a Andorra - Andorra Advisors","isPartOf":{"@id":"https:\/\/www.andorra-advisors.com\/ca\/#website"},"primaryImageOfPage":{"@id":"https:\/\/www.andorra-advisors.com\/ca\/blog\/dies-festius-andorra\/#primaryimage"},"image":{"@id":"https:\/\/www.andorra-advisors.com\/ca\/blog\/dies-festius-andorra\/#primaryimage"},"thumbnailUrl":"https:\/\/www.andorra-advisors.com\/ca\/wp-content\/uploads\/2020\/04\/festius-Andorra-2020.png","datePublished":"2020-04-09T10:53:19+00:00","dateModified":"2020-04-12T06:33:17+00:00","author":{"@id":"https:\/\/www.andorra-advisors.com\/ca\/#\/schema\/person\/de736d5ace974a427a41d6034f082942"},"description":"Qu\u00e8 \u00e9s una cooperativa? Coneix els drets i obligacions dels participants en una cooperativa amb seu al principat d'Andorra.","breadcrumb":{"@id":"https:\/\/www.andorra-advisors.com\/ca\/blog\/dies-festius-andorra\/#breadcrumb"},"inLanguage":"ca","potentialAction":[{"@type":"ReadAction","target":["https:\/\/www.andorra-advisors.com\/ca\/blog\/dies-festius-andorra\/"]}]},{"@type":"ImageObject","inLanguage":"ca","@id":"https:\/\/www.andorra-advisors.com\/ca\/blog\/dies-festius-andorra\/#primaryimage","url":"https:\/\/www.andorra-advisors.com\/ca\/wp-content\/uploads\/2020\/04\/festius-Andorra-2020.png","contentUrl":"https:\/\/www.andorra-advisors.com\/ca\/wp-content\/uploads\/2020\/04\/festius-Andorra-2020.png","width":360,"height":240,"caption":"festius Andorra 2020"},{"@type":"BreadcrumbList","@id":"https:\/\/www.andorra-advisors.com\/ca\/blog\/dies-festius-andorra\/#breadcrumb","itemListElement":[{"@type":"ListItem","position":1,"name":"Inici","item":"https:\/\/www.andorra-advisors.com\/ca\/"},{"@type":"ListItem","position":2,"name":"Dies festius de l&#8217;any a Andorra 2020"}]},{"@type":"WebSite","@id":"https:\/\/www.andorra-advisors.com\/ca\/#website","url":"https:\/\/www.andorra-advisors.com\/ca\/","name":"Andorra Advisors","description":"","potentialAction":[{"@type":"SearchAction","target":{"@type":"EntryPoint","urlTemplate":"https:\/\/www.andorra-advisors.com\/ca\/?s={search_term_string}"},"query-input":{"@type":"PropertyValueSpecification","valueRequired":true,"valueName":"search_term_string"}}],"inLanguage":"ca"},{"@type":"Person","@id":"https:\/\/www.andorra-advisors.com\/ca\/#\/schema\/person\/de736d5ace974a427a41d6034f082942","name":"Cristina L\u00f3pez Morales","image":{"@type":"ImageObject","inLanguage":"ca","@id":"https:\/\/www.andorra-advisors.com\/ca\/#\/schema\/person\/image\/","url":"https:\/\/secure.gravatar.com\/avatar\/fedd1bd1f5793d622244afd8f03c6ec9?s=96&d=mm&r=g","contentUrl":"https:\/\/secure.gravatar.com\/avatar\/fedd1bd1f5793d622244afd8f03c6ec9?s=96&d=mm&r=g","caption":"Cristina L\u00f3pez Morales"},"description":"Llicenciada en Administraci\u00f3 i Direcci\u00f3 d'empreses. Passi\u00f3 per les finances i per la comunicaci\u00f3. Aprenent i formant-me en el m\u00f3n de l'empresa di\u00e0riament. Col\u00b7laboro amb Andorra Advisors en la creaci\u00f3 de continguts relacionats amb la creaci\u00f3 d'empreses i fiscalitat a Andorra.","sameAs":["admin"],"url":"https:\/\/www.andorra-advisors.com\/ca\/author\/cristina-lopez\/"}]}},"_links":{"self":[{"href":"https:\/\/www.andorra-advisors.com\/ca\/wp-json\/wp\/v2\/posts\/1880","targetHints":{"allow":["GET"]}}],"collection":[{"href":"https:\/\/www.andorra-advisors.com\/ca\/wp-json\/wp\/v2\/posts"}],"about":[{"href":"https:\/\/www.andorra-advisors.com\/ca\/wp-json\/wp\/v2\/types\/post"}],"author":[{"embeddable":true,"href":"https:\/\/www.andorra-advisors.com\/ca\/wp-json\/wp\/v2\/users\/1"}],"replies":[{"embeddable":true,"href":"https:\/\/www.andorra-advisors.com\/ca\/wp-json\/wp\/v2\/comments?post=1880"}],"version-history":[{"count":3,"href":"https:\/\/www.andorra-advisors.com\/ca\/wp-json\/wp\/v2\/posts\/1880\/revisions"}],"predecessor-version":[{"id":1888,"href":"https:\/\/www.andorra-advisors.com\/ca\/wp-json\/wp\/v2\/posts\/1880\/revisions\/1888"}],"wp:featuredmedia":[{"embeddable":true,"href":"https:\/\/www.andorra-advisors.com\/ca\/wp-json\/wp\/v2\/media\/1887"}],"wp:attachment":[{"href":"https:\/\/www.andorra-advisors.com\/ca\/wp-json\/wp\/v2\/media?parent=1880"}],"wp:term":[{"taxonomy":"category","embeddable":true,"href":"https:\/\/www.andorra-advisors.com\/ca\/wp-json\/wp\/v2\/categories?post=1880"},{"taxonomy":"post_tag","embeddable":true,"href":"https:\/\/www.andorra-advisors.com\/ca\/wp-json\/wp\/v2\/tags?post=1880"}],"curies":[{"name":"wp","href":"https:\/\/api.w.org\/{rel}","templated":true}]}}