{"id":2034,"date":"2020-08-03T04:10:38","date_gmt":"2020-08-03T04:10:38","guid":{"rendered":"https:\/\/www.andorra-advisors.com\/ca\/blog\/\/"},"modified":"2023-02-22T16:48:34","modified_gmt":"2023-02-22T16:48:34","slug":"tribunal-arbitratge-andorra","status":"publish","type":"post","link":"https:\/\/www.andorra-advisors.com\/ca\/blog\/tribunal-arbitratge-andorra\/","title":{"rendered":"Es posa en marxa el Tribunal d&#8217;Arbitratge de el Principat d&#8217;Andorra"},"content":{"rendered":"<p>Despr\u00e9s de tres llargs anys a l&#8217;espera que aquest projecte es pos\u00e9s en marxa, ara per fi s&#8217;inaugura el\u00a0<strong>Tribunal d&#8217;Arbitratge de el Principat d&#8217;Andorra<\/strong>\u00a0, que ha estat abreujat com TAPA.\u00a0Es tracta d&#8217;una alian\u00e7a entre la Cambra de Comer\u00e7 i el col\u00b7legi d&#8217;advocats d&#8217;Andorra que tractar\u00e0 de resoldre conflictes entre empreses de manera r\u00e0pida i sense haver d&#8217;arribar als tribunals.<\/p>\n<p>Al capdavant d&#8217;aquest nou tribunal s&#8217;han posat\u00a0<strong>dos referents de l&#8217;m\u00f3n jur\u00eddic internacional.\u00a0<\/strong>Pierre Raoul-Duval s&#8217;ha convertit en el president i Joan Pau corretja actuar\u00e0 com a secretari general, llocs que els han estat designats despr\u00e9s de la reuni\u00f3 celebrada el 15 de Juliol entre les dues organitzacions que la constitueixen.<\/p>\n<h2>El TAPA vol convertir-se en la primera via de resoluci\u00f3 de conflictes per a les empreses andorranes<\/h2>\n<p>L&#8217;objectiu principal d&#8217;aquest nou tribunal d&#8217;arbitratge \u00e9s\u00a0<strong>mitjan\u00e7ar en tot tipus de conflictes empresarials<\/strong>\u00a0, tant nacionals com internacionals, per tal d&#8217;arribar a un acord just per a ambdues parts sense haver d&#8217;arribar als jutjats.\u00a0D&#8217;aquesta manera, les empreses que decideixin optar per aquesta opci\u00f3 podran resoldre els seus conflictes d&#8217;una manera m\u00e9s r\u00e0pida.<\/p>\n<p>La creaci\u00f3 d&#8217;aquest tipus de tribunals no \u00e9s cap novetat i\u00a0<strong>la seva efic\u00e0cia est\u00e0 m\u00e9s que provada<\/strong>\u00a0.\u00a0Empreses de ciutats tan importants com Nova York, Par\u00eds o Ginebra estan m\u00e9s que acostumades a acudir a tribunals privats per resoldre els seus conflictes d&#8217;una manera m\u00e9s \u00e0gil per\u00f2 tamb\u00e9 m\u00e9s confidencial.<\/p>\n<p>El principal treball a partir d&#8217;ara \u00e9s donar-se a con\u00e8ixer de manera nacional i internacional, amb l&#8217;objectiu de\u00a0<strong>convertir-se en un dels referents mundials<\/strong>\u00a0en el sector de la mediaci\u00f3.\u00a0Per ara comencen amb molt bon peu, triant a professionals de refer\u00e8ncia mundial amb una gran experi\u00e8ncia en l&#8217;\u00e0mbit jur\u00eddic internacional.<\/p>\n<h2>Els experts a el front de l&#8217;TAPA s&#8217;han pronunciat les seves primeres paraules<\/h2>\n<p><strong>El president de l&#8217;TAPA, Pierre Raoul-Duval,<\/strong>\u00a0\u00e9s tota una autoritat en mat\u00e8ria de litigis.\u00a0A m\u00e9s de ser durant anys soci s\u00e8nior de l&#8217;prestigi\u00f3s bufet franc\u00e8s Gide, ha prestat els seus serveis en multitud d&#8217;ocasions davant de la Cambra de Comer\u00e7 Internacional (CCI), sent el cas m\u00e9s conegut l&#8217;arbitratge de l&#8217;Eurot\u00fanel.\u00a0Gr\u00e0cies a la seva \u00e0mplia experi\u00e8ncia i recorregut professional, ha adquirit diferents estrat\u00e8gies i t\u00e8cniques que han resultat molt efectives durant conflictes internacionals.<\/p>\n<p>Les seves primeres paraules a l&#8217;prendre el comandament de l&#8217;TAPA han estat les seg\u00fcents: &#8220;la creaci\u00f3 d&#8217;tribunal \u00e9s una oportunitat per oferir un servei d&#8217;arbitratge a la comunitat empresarial andorrana que busca un\u00a0<strong>mediador imparcial, neutral i competent<\/strong>\u00a0en conflictes civils, mercantils i patrimonials&#8221; .<\/p>\n<p>Per la seva banda, Juan Pablo Correa es va doctorar en dret a la Universitat de Barcelona al 1977. Des de llavors, ha anat adquirint una \u00e0mplia experi\u00e8ncia en resoluci\u00f3 de conflictes internacionals treballant per a diferents bufets d&#8217;advocats d&#8217;alt prestigi.\u00a0Tamb\u00e9 \u00e9s una figura reconeguda a tot el mut per actuar com a mediador internacional, per ser professor de reconegudes universitats i com a autor de nombrosos articles d&#8217;alt valor a tot el m\u00f3n.<\/p>\n<p>Joan Pau ha pronunciat unes paraules a favor de l&#8217;economia creada entorn als tribunals privats: &#8220;El\u00a0<strong>tribunal arbitral de Par\u00eds genera 400 milions d&#8217;euros a l&#8217;any<\/strong>\u00a0a causa de tots els professionals implicats, a m\u00e9s dels hotels i el transport.\u00a0Est\u00e0 sent considerat com a turisme de luxe &#8220;.<\/p>\n<p>Amb la creaci\u00f3 d&#8217;aquest tribunal, Andorra espera cridar l&#8217;atenci\u00f3 d&#8217;empreses internacionals que vulguin resoldre els seus conflictes d&#8217;una forma diferent.<\/p>\n","protected":false},"excerpt":{"rendered":"<p>Despr\u00e9s de tres llargs anys a l&#8217;espera que aquest projecte es pos\u00e9s en marxa, ara per fi s&#8217;inaugura el\u00a0Tribunal d&#8217;Arbitratge de el Principat d&#8217;Andorra\u00a0, que ha estat abreujat com TAPA.\u00a0Es tracta d&#8217;una alian\u00e7a entre la Cambra de Comer\u00e7 i el col\u00b7legi d&#8217;advocats d&#8217;Andorra que tractar\u00e0 de resoldre conflictes entre empreses de manera r\u00e0pida i sense [&hellip;]<\/p>\n","protected":false},"author":1,"featured_media":2035,"comment_status":"closed","ping_status":"closed","sticky":false,"template":"","format":"standard","meta":{"_acf_changed":false,"footnotes":""},"categories":[1],"tags":[],"class_list":["post-2034","post","type-post","status-publish","format-standard","has-post-thumbnail","hentry","category-uncategorized"],"acf":[],"yoast_head":"<!-- This site is optimized with the Yoast SEO plugin v24.6 - https:\/\/yoast.com\/wordpress\/plugins\/seo\/ -->\n<title>Es posa en marxa el Tribunal d&#039;Arbitratge de el Principat d&#039;Andorra<\/title>\n<meta name=\"description\" content=\"Despr\u00e9s d&#039;anys d&#039;espera, es posa en marxa el Tribunal d&#039;Arbitratge d&#039;Andorra, alian\u00e7a de la Cambra de Comer\u00e7 i el col\u00b7legi d&#039;advocats.\" \/>\n<meta name=\"robots\" content=\"index, follow, max-snippet:-1, max-image-preview:large, max-video-preview:-1\" \/>\n<link rel=\"canonical\" href=\"https:\/\/www.andorra-advisors.com\/ca\/blog\/tribunal-arbitratge-andorra\/\" \/>\n<meta property=\"og:locale\" content=\"ca_ES\" \/>\n<meta property=\"og:type\" content=\"article\" \/>\n<meta property=\"og:title\" content=\"Es posa en marxa el Tribunal d&#039;Arbitratge de el Principat d&#039;Andorra\" \/>\n<meta property=\"og:description\" content=\"Despr\u00e9s d&#039;anys d&#039;espera, es posa en marxa el Tribunal d&#039;Arbitratge d&#039;Andorra, alian\u00e7a de la Cambra de Comer\u00e7 i el col\u00b7legi d&#039;advocats.\" \/>\n<meta property=\"og:url\" content=\"https:\/\/www.andorra-advisors.com\/ca\/blog\/tribunal-arbitratge-andorra\/\" \/>\n<meta property=\"og:site_name\" content=\"Andorra Advisors\" \/>\n<meta property=\"article:published_time\" content=\"2020-08-03T04:10:38+00:00\" \/>\n<meta property=\"article:modified_time\" content=\"2023-02-22T16:48:34+00:00\" \/>\n<meta property=\"og:image\" content=\"https:\/\/www.andorra-advisors.com\/ca\/wp-content\/uploads\/2020\/08\/tribunal-darbitratge-de-Andorra.jpg\" \/>\n\t<meta property=\"og:image:width\" content=\"360\" \/>\n\t<meta property=\"og:image:height\" content=\"240\" \/>\n\t<meta property=\"og:image:type\" content=\"image\/jpeg\" \/>\n<meta name=\"author\" content=\"Cristina L\u00f3pez Morales\" \/>\n<meta name=\"twitter:card\" content=\"summary_large_image\" \/>\n<meta name=\"twitter:label1\" content=\"Escrit per\" \/>\n\t<meta name=\"twitter:data1\" content=\"Cristina L\u00f3pez Morales\" \/>\n\t<meta name=\"twitter:label2\" content=\"Temps estimat de lectura\" \/>\n\t<meta name=\"twitter:data2\" content=\"4 minuts\" \/>\n<script type=\"application\/ld+json\" class=\"yoast-schema-graph\">{\"@context\":\"https:\/\/schema.org\",\"@graph\":[{\"@type\":\"WebPage\",\"@id\":\"https:\/\/www.andorra-advisors.com\/ca\/blog\/tribunal-arbitratge-andorra\/\",\"url\":\"https:\/\/www.andorra-advisors.com\/ca\/blog\/tribunal-arbitratge-andorra\/\",\"name\":\"Es posa en marxa el Tribunal d'Arbitratge de el Principat d'Andorra\",\"isPartOf\":{\"@id\":\"https:\/\/www.andorra-advisors.com\/ca\/#website\"},\"primaryImageOfPage\":{\"@id\":\"https:\/\/www.andorra-advisors.com\/ca\/blog\/tribunal-arbitratge-andorra\/#primaryimage\"},\"image\":{\"@id\":\"https:\/\/www.andorra-advisors.com\/ca\/blog\/tribunal-arbitratge-andorra\/#primaryimage\"},\"thumbnailUrl\":\"https:\/\/www.andorra-advisors.com\/ca\/wp-content\/uploads\/2020\/08\/tribunal-darbitratge-de-Andorra.jpg\",\"datePublished\":\"2020-08-03T04:10:38+00:00\",\"dateModified\":\"2023-02-22T16:48:34+00:00\",\"author\":{\"@id\":\"https:\/\/www.andorra-advisors.com\/ca\/#\/schema\/person\/de736d5ace974a427a41d6034f082942\"},\"description\":\"Despr\u00e9s d'anys d'espera, es posa en marxa el Tribunal d'Arbitratge d'Andorra, alian\u00e7a de la Cambra de Comer\u00e7 i el col\u00b7legi d'advocats.\",\"breadcrumb\":{\"@id\":\"https:\/\/www.andorra-advisors.com\/ca\/blog\/tribunal-arbitratge-andorra\/#breadcrumb\"},\"inLanguage\":\"ca\",\"potentialAction\":[{\"@type\":\"ReadAction\",\"target\":[\"https:\/\/www.andorra-advisors.com\/ca\/blog\/tribunal-arbitratge-andorra\/\"]}]},{\"@type\":\"ImageObject\",\"inLanguage\":\"ca\",\"@id\":\"https:\/\/www.andorra-advisors.com\/ca\/blog\/tribunal-arbitratge-andorra\/#primaryimage\",\"url\":\"https:\/\/www.andorra-advisors.com\/ca\/wp-content\/uploads\/2020\/08\/tribunal-darbitratge-de-Andorra.jpg\",\"contentUrl\":\"https:\/\/www.andorra-advisors.com\/ca\/wp-content\/uploads\/2020\/08\/tribunal-darbitratge-de-Andorra.jpg\",\"width\":360,\"height\":240,\"caption\":\"tribunal d'arbitratge de Andorra\"},{\"@type\":\"BreadcrumbList\",\"@id\":\"https:\/\/www.andorra-advisors.com\/ca\/blog\/tribunal-arbitratge-andorra\/#breadcrumb\",\"itemListElement\":[{\"@type\":\"ListItem\",\"position\":1,\"name\":\"Inici\",\"item\":\"https:\/\/www.andorra-advisors.com\/ca\/\"},{\"@type\":\"ListItem\",\"position\":2,\"name\":\"Es posa en marxa el Tribunal d&#8217;Arbitratge de el Principat d&#8217;Andorra\"}]},{\"@type\":\"WebSite\",\"@id\":\"https:\/\/www.andorra-advisors.com\/ca\/#website\",\"url\":\"https:\/\/www.andorra-advisors.com\/ca\/\",\"name\":\"Andorra Advisors\",\"description\":\"\",\"potentialAction\":[{\"@type\":\"SearchAction\",\"target\":{\"@type\":\"EntryPoint\",\"urlTemplate\":\"https:\/\/www.andorra-advisors.com\/ca\/?s={search_term_string}\"},\"query-input\":{\"@type\":\"PropertyValueSpecification\",\"valueRequired\":true,\"valueName\":\"search_term_string\"}}],\"inLanguage\":\"ca\"},{\"@type\":\"Person\",\"@id\":\"https:\/\/www.andorra-advisors.com\/ca\/#\/schema\/person\/de736d5ace974a427a41d6034f082942\",\"name\":\"Cristina L\u00f3pez Morales\",\"image\":{\"@type\":\"ImageObject\",\"inLanguage\":\"ca\",\"@id\":\"https:\/\/www.andorra-advisors.com\/ca\/#\/schema\/person\/image\/\",\"url\":\"https:\/\/secure.gravatar.com\/avatar\/fedd1bd1f5793d622244afd8f03c6ec9?s=96&d=mm&r=g\",\"contentUrl\":\"https:\/\/secure.gravatar.com\/avatar\/fedd1bd1f5793d622244afd8f03c6ec9?s=96&d=mm&r=g\",\"caption\":\"Cristina L\u00f3pez Morales\"},\"description\":\"Llicenciada en Administraci\u00f3 i Direcci\u00f3 d'empreses. Passi\u00f3 per les finances i per la comunicaci\u00f3. Aprenent i formant-me en el m\u00f3n de l'empresa di\u00e0riament. Col\u00b7laboro amb Andorra Advisors en la creaci\u00f3 de continguts relacionats amb la creaci\u00f3 d'empreses i fiscalitat a Andorra.\",\"sameAs\":[\"admin\"],\"url\":\"https:\/\/www.andorra-advisors.com\/ca\/author\/cristina-lopez\/\"}]}<\/script>\n<!-- \/ Yoast SEO plugin. -->","yoast_head_json":{"title":"Es posa en marxa el Tribunal d'Arbitratge de el Principat d'Andorra","description":"Despr\u00e9s d'anys d'espera, es posa en marxa el Tribunal d'Arbitratge d'Andorra, alian\u00e7a de la Cambra de Comer\u00e7 i el col\u00b7legi d'advocats.","robots":{"index":"index","follow":"follow","max-snippet":"max-snippet:-1","max-image-preview":"max-image-preview:large","max-video-preview":"max-video-preview:-1"},"canonical":"https:\/\/www.andorra-advisors.com\/ca\/blog\/tribunal-arbitratge-andorra\/","og_locale":"ca_ES","og_type":"article","og_title":"Es posa en marxa el Tribunal d'Arbitratge de el Principat d'Andorra","og_description":"Despr\u00e9s d'anys d'espera, es posa en marxa el Tribunal d'Arbitratge d'Andorra, alian\u00e7a de la Cambra de Comer\u00e7 i el col\u00b7legi d'advocats.","og_url":"https:\/\/www.andorra-advisors.com\/ca\/blog\/tribunal-arbitratge-andorra\/","og_site_name":"Andorra Advisors","article_published_time":"2020-08-03T04:10:38+00:00","article_modified_time":"2023-02-22T16:48:34+00:00","og_image":[{"width":360,"height":240,"url":"https:\/\/www.andorra-advisors.com\/ca\/wp-content\/uploads\/2020\/08\/tribunal-darbitratge-de-Andorra.jpg","type":"image\/jpeg"}],"author":"Cristina L\u00f3pez Morales","twitter_card":"summary_large_image","twitter_misc":{"Escrit per":"Cristina L\u00f3pez Morales","Temps estimat de lectura":"4 minuts"},"schema":{"@context":"https:\/\/schema.org","@graph":[{"@type":"WebPage","@id":"https:\/\/www.andorra-advisors.com\/ca\/blog\/tribunal-arbitratge-andorra\/","url":"https:\/\/www.andorra-advisors.com\/ca\/blog\/tribunal-arbitratge-andorra\/","name":"Es posa en marxa el Tribunal d'Arbitratge de el Principat d'Andorra","isPartOf":{"@id":"https:\/\/www.andorra-advisors.com\/ca\/#website"},"primaryImageOfPage":{"@id":"https:\/\/www.andorra-advisors.com\/ca\/blog\/tribunal-arbitratge-andorra\/#primaryimage"},"image":{"@id":"https:\/\/www.andorra-advisors.com\/ca\/blog\/tribunal-arbitratge-andorra\/#primaryimage"},"thumbnailUrl":"https:\/\/www.andorra-advisors.com\/ca\/wp-content\/uploads\/2020\/08\/tribunal-darbitratge-de-Andorra.jpg","datePublished":"2020-08-03T04:10:38+00:00","dateModified":"2023-02-22T16:48:34+00:00","author":{"@id":"https:\/\/www.andorra-advisors.com\/ca\/#\/schema\/person\/de736d5ace974a427a41d6034f082942"},"description":"Despr\u00e9s d'anys d'espera, es posa en marxa el Tribunal d'Arbitratge d'Andorra, alian\u00e7a de la Cambra de Comer\u00e7 i el col\u00b7legi d'advocats.","breadcrumb":{"@id":"https:\/\/www.andorra-advisors.com\/ca\/blog\/tribunal-arbitratge-andorra\/#breadcrumb"},"inLanguage":"ca","potentialAction":[{"@type":"ReadAction","target":["https:\/\/www.andorra-advisors.com\/ca\/blog\/tribunal-arbitratge-andorra\/"]}]},{"@type":"ImageObject","inLanguage":"ca","@id":"https:\/\/www.andorra-advisors.com\/ca\/blog\/tribunal-arbitratge-andorra\/#primaryimage","url":"https:\/\/www.andorra-advisors.com\/ca\/wp-content\/uploads\/2020\/08\/tribunal-darbitratge-de-Andorra.jpg","contentUrl":"https:\/\/www.andorra-advisors.com\/ca\/wp-content\/uploads\/2020\/08\/tribunal-darbitratge-de-Andorra.jpg","width":360,"height":240,"caption":"tribunal d'arbitratge de Andorra"},{"@type":"BreadcrumbList","@id":"https:\/\/www.andorra-advisors.com\/ca\/blog\/tribunal-arbitratge-andorra\/#breadcrumb","itemListElement":[{"@type":"ListItem","position":1,"name":"Inici","item":"https:\/\/www.andorra-advisors.com\/ca\/"},{"@type":"ListItem","position":2,"name":"Es posa en marxa el Tribunal d&#8217;Arbitratge de el Principat d&#8217;Andorra"}]},{"@type":"WebSite","@id":"https:\/\/www.andorra-advisors.com\/ca\/#website","url":"https:\/\/www.andorra-advisors.com\/ca\/","name":"Andorra Advisors","description":"","potentialAction":[{"@type":"SearchAction","target":{"@type":"EntryPoint","urlTemplate":"https:\/\/www.andorra-advisors.com\/ca\/?s={search_term_string}"},"query-input":{"@type":"PropertyValueSpecification","valueRequired":true,"valueName":"search_term_string"}}],"inLanguage":"ca"},{"@type":"Person","@id":"https:\/\/www.andorra-advisors.com\/ca\/#\/schema\/person\/de736d5ace974a427a41d6034f082942","name":"Cristina L\u00f3pez Morales","image":{"@type":"ImageObject","inLanguage":"ca","@id":"https:\/\/www.andorra-advisors.com\/ca\/#\/schema\/person\/image\/","url":"https:\/\/secure.gravatar.com\/avatar\/fedd1bd1f5793d622244afd8f03c6ec9?s=96&d=mm&r=g","contentUrl":"https:\/\/secure.gravatar.com\/avatar\/fedd1bd1f5793d622244afd8f03c6ec9?s=96&d=mm&r=g","caption":"Cristina L\u00f3pez Morales"},"description":"Llicenciada en Administraci\u00f3 i Direcci\u00f3 d'empreses. Passi\u00f3 per les finances i per la comunicaci\u00f3. Aprenent i formant-me en el m\u00f3n de l'empresa di\u00e0riament. Col\u00b7laboro amb Andorra Advisors en la creaci\u00f3 de continguts relacionats amb la creaci\u00f3 d'empreses i fiscalitat a Andorra.","sameAs":["admin"],"url":"https:\/\/www.andorra-advisors.com\/ca\/author\/cristina-lopez\/"}]}},"_links":{"self":[{"href":"https:\/\/www.andorra-advisors.com\/ca\/wp-json\/wp\/v2\/posts\/2034","targetHints":{"allow":["GET"]}}],"collection":[{"href":"https:\/\/www.andorra-advisors.com\/ca\/wp-json\/wp\/v2\/posts"}],"about":[{"href":"https:\/\/www.andorra-advisors.com\/ca\/wp-json\/wp\/v2\/types\/post"}],"author":[{"embeddable":true,"href":"https:\/\/www.andorra-advisors.com\/ca\/wp-json\/wp\/v2\/users\/1"}],"replies":[{"embeddable":true,"href":"https:\/\/www.andorra-advisors.com\/ca\/wp-json\/wp\/v2\/comments?post=2034"}],"version-history":[{"count":5,"href":"https:\/\/www.andorra-advisors.com\/ca\/wp-json\/wp\/v2\/posts\/2034\/revisions"}],"predecessor-version":[{"id":2457,"href":"https:\/\/www.andorra-advisors.com\/ca\/wp-json\/wp\/v2\/posts\/2034\/revisions\/2457"}],"wp:featuredmedia":[{"embeddable":true,"href":"https:\/\/www.andorra-advisors.com\/ca\/wp-json\/wp\/v2\/media\/2035"}],"wp:attachment":[{"href":"https:\/\/www.andorra-advisors.com\/ca\/wp-json\/wp\/v2\/media?parent=2034"}],"wp:term":[{"taxonomy":"category","embeddable":true,"href":"https:\/\/www.andorra-advisors.com\/ca\/wp-json\/wp\/v2\/categories?post=2034"},{"taxonomy":"post_tag","embeddable":true,"href":"https:\/\/www.andorra-advisors.com\/ca\/wp-json\/wp\/v2\/tags?post=2034"}],"curies":[{"name":"wp","href":"https:\/\/api.w.org\/{rel}","templated":true}]}}