{"id":2332,"date":"2021-10-13T07:20:00","date_gmt":"2021-10-13T07:20:00","guid":{"rendered":"https:\/\/www.andorra-advisors.com\/ca\/blog\/\/"},"modified":"2021-10-13T07:40:59","modified_gmt":"2021-10-13T07:40:59","slug":"a-qui-pertany-andorra","status":"publish","type":"post","link":"https:\/\/www.andorra-advisors.com\/ca\/blog\/a-qui-pertany-andorra\/","title":{"rendered":"A qui pertany Andorra?"},"content":{"rendered":"<p class=\"Texto\"><span lang=\"ES-TRAD\"><span>Andorra \u00e9s un petit pa\u00eds que limita amb Fran\u00e7a i Espanya.&nbsp;Ha estat sota el control d&#8217;ambd\u00f3s durant segles, per\u00f2 mai es va annexar formalment a cap d&#8217;ells.&nbsp;Segueix mantenint la seva pr\u00f2pia bandera (una tricolor vertical) i el seu himne nacional.&nbsp;La capital de pa\u00eds es diu Andorra la Vella.<\/span><\/span><\/p>\n<h2 class=\"H2\"><span>Qu\u00e8 \u00e9s Andorra?<\/span><\/h2>\n<p class=\"Texto\"><span lang=\"ES-TRAD\"><span>Andorra est\u00e0 situada als Pirineus, t\u00e9 una superf\u00edcie d&#8217;aproximadament 468 quil\u00f2metres quadrats.&nbsp;Aquest pa\u00eds es troba dividit en 7 parr\u00f2quies, entre les quals podem nomenar a Andorra la Vella i la Massana.&nbsp;Es t\u00e9 com un Estat que atreu molt turisme pels seus bells paisatges i muntanyes.&nbsp;Al seu torn, \u00e9s un imant d&#8217;inversi\u00f3 estrangera per la seva&nbsp;<\/span><\/span><span lang=\"ES-TRAD\"><a href=\"https:\/\/www.andorra-advisors.com\/ca\/avantatges-fiscals-andorra\/\"><span>avantatj\u00f3s sistema fiscal<\/span><\/a><\/span><span lang=\"ES-TRAD\"><span>&nbsp;.&nbsp;Pel que ha estat classificat com un dels pa\u00efsos m\u00e9s rics de l&#8217;m\u00f3n.<\/span><\/span><\/p>\n<p class=\"Texto\"><span lang=\"ES-TRAD\"><span>No obstant aix\u00f2, molts poden q\u00fcestionar a qui pertany Andorra.&nbsp;La realitat \u00e9s que aquest pa\u00eds \u00e9s propietat de dues entitats diferents: els ciutadans andorrans i els copr\u00ednceps.&nbsp;Els quals s\u00f3n el Bisbe d&#8217;Urgell i el president de Fran\u00e7a.<\/span><\/span><\/p>\n<p class=\"Texto\"><span lang=\"ES-TRAD\"><span>Per tant, es creu que la democr\u00e0cia andorrana t\u00e9 un car\u00e0cter \u00fanic al m\u00f3n.&nbsp;La qual s&#8217;encarrega de governar en conjunt a les altres personalitats.&nbsp;Una cosa que no \u00e9s habitual en la majoria dels pa\u00efsos.<\/span><\/span><\/p>\n<h3 class=\"H2\"><span>Hist\u00f2ria d&#8217;Andorra<\/span><\/h3>\n<p class=\"Texto\"><span lang=\"ES-TRAD\"><span>Andorra \u00e9s un pa\u00eds que t\u00e9 molta hist\u00f2ria al darrere.&nbsp;En els seus or\u00edgens, estava poblada per persones procedents de Catalunya, Andalusia i Roma.&nbsp;Avui dia se&#8217;ls sol cridar andorrans.&nbsp;Ha estat governada per diferents monarques en determinats moments.&nbsp;Primer pel comte d&#8217;Urgell i despr\u00e9s pels Ducs de Foix.<\/span><\/span><\/p>\n<p class=\"Texto\"><span lang=\"ES-TRAD\"><span>Un dels m\u00e9s grans fites de la hist\u00f2ria d&#8217;aquest pa\u00eds ha estat la signatura del primer Pariatge.&nbsp;Amb el que es dividien els drets sobre el territori andorr\u00e0 entre el comte de Foix i el bisbe d&#8217;Urgell.&nbsp;Iniciant aix\u00ed una relaci\u00f3 de cose\u00f1or\u00edo, d&#8217;aquesta manera es pagava un tribut feudal a les dues cases.<\/span><\/span><\/p>\n<p class=\"Texto\"><span lang=\"ES-TRAD\"><span>M\u00e9s tard entre els anys de 1607 i 1620 Llu\u00eds XIII va realitzar una uni\u00f3 entre dos t\u00edtols importants.&nbsp;Els seus drets de l&#8217;coprincipat d&#8217;Andorra al que en aquest llavors era la Corona Francesa.&nbsp;D&#8217;aquesta manera els seus successors serien Copr\u00ednceps costat de l&#8217;bisbe d&#8217;Urgell.<\/span><\/span><\/p>\n<h2 class=\"H2\"><span>Relaci\u00f3 d&#8217;Andorra amb organismes internacionals i atractiu econ\u00f2mic<\/span><\/h2>\n<p class=\"Texto\"><span lang=\"ES-TRAD\"><span>Andorra \u00e9s un pa\u00eds d&#8217;Europa amb forts vincles amb la Uni\u00f3 Europea (UE).&nbsp;Sent participant en la uni\u00f3 duanera de la UE.&nbsp;No obstant aix\u00f2, no s&#8217;ha incorporat a l&#8217;eurozona, per\u00f2 s\u00ed forma part de l&#8217;espai Schengen.<\/span><\/span><\/p>\n<p class=\"Texto\"><span lang=\"ES-TRAD\"><span>Addicionalment, Andorra ha estat membre de les Nacions Unides des de 1993. Ocupant un lloc en el Consell de Seguretat de l&#8217;ONU amb Fran\u00e7a i Espanya per 2018-19.<\/span><\/span><\/p>\n<p class=\"Texto\"><span lang=\"ES-TRAD\"><span>T\u00e9 una economia forta gr\u00e0cies a l&#8217;turisme i als rics residents estrangers.&nbsp;Andorra utilitza l&#8217;euro com a moneda, malgrat no pert\u00e0nyer a la UE.&nbsp;A m\u00e9s, no grava el capital mantingut a l&#8217;estranger.&nbsp;I els&nbsp;<\/span><\/span><span lang=\"ES-TRAD\"><a href=\"https:\/\/www.andorra-advisors.com\/ca\/bancs-andorra\/\"><span>bancs andorrans<\/span><\/a><\/span><span lang=\"ES-TRAD\"><span>&nbsp;no demanen als seus clients n\u00fameros d&#8217;identificaci\u00f3 fiscal.<\/span><\/span><\/p>\n<p class=\"Texto\"><span lang=\"ES-TRAD\"><span>Andorra \u00e9s un lloc popular per a les empreses estrangeres que volen evitar els alts impostos.&nbsp;El que aconsegueixen mantenint els seus guanys en els bancs de pa\u00eds.<\/span><\/span><\/p>\n<h2 class=\"H2\"><span>Idiomes parlats a Andorra<\/span><\/h2>\n<p class=\"Texto\"><span lang=\"ES-TRAD\"><span>Andorra t\u00e9 tres idiomes oficials: el catal\u00e0, l&#8217;espanyol i el franc\u00e8s.&nbsp;Les quals pertanyen a el grup familiar de les lleng\u00fces rom\u00e0niques.&nbsp;Els andorrans s\u00f3n coneguts per ser biling\u00fces en catal\u00e0 i espanyol.&nbsp;Per\u00f2 els nens en edat escolar poden aprendre tamb\u00e9 el franc\u00e8s.<\/span><\/span><\/p>\n<p class=\"Texto\"><span lang=\"ES-TRAD\"><span>El govern ha fet d&#8217;Andorra un pa\u00eds oficialment biling\u00fce.&nbsp;Aix\u00f2 vol dir que tots els cartells p\u00fablics es col\u00b7loquen en catal\u00e0 o en espanyol.&nbsp;Els andorrans estan orgullosos d&#8217;aquesta her\u00e8ncia que es reflecteix en les seves lleng\u00fces oficials.<\/span><\/span><\/p>\n<h2 class=\"H2\"><span>Moneda oficial d&#8217;Andorra<\/span><\/h2>\n<p class=\"Texto\"><span lang=\"ES-TRAD\"><span>Tot i que ha mantingut la seva pr\u00f2pia sobirania nacional, la moneda oficial de pa\u00eds \u00e9s l&#8217;euro.&nbsp;El que comparteix amb tots els altres membres de la Uni\u00f3 Europea.<\/span><\/span><\/p>\n<p class=\"Texto\"><span lang=\"ES-TRAD\"><span>El franc franc\u00e8s i la pesseta espanyola es van utilitzar com a moneda fins al 2002. Moment en qu\u00e8 va ingressar l&#8217;euro a Fran\u00e7a i Espanya.&nbsp;Andorra va ser el primer pa\u00eds que va adoptar l&#8217;euro mitjan\u00e7ant un acord monetari sense pert\u00e0nyer a la UE.<\/span><\/span><\/p>\n<p class=\"Texto\"><span lang=\"ES-TRAD\"><span>El 2009, va sol\u00b7licitar a el Consell Europeu ser inclosa en la llista de pa\u00efsos on l&#8217;euro \u00e9s la moneda oficial.&nbsp;Andorra va obtenir la inclusi\u00f3 oficialment en ella el 2011. Per tant, est\u00e0 obligada a adoptar tota la legislaci\u00f3 de la UE relativa a la divisa.<\/span><\/span><\/p>\n<h2 class=\"H2\"><span>Sistema fiscal andorr\u00e0<\/span><\/h2>\n<p class=\"Texto\"><span lang=\"ES-TRAD\"><span>Andorra t\u00e9 el seu propi sistema fiscal, el qual no forma part de la Uni\u00f3 Europea.&nbsp;Pel que no est\u00e0 descentralitzat com el de molts pa\u00efsos d&#8217;Europa.&nbsp;El que vol dir que els impostos andorrans s\u00f3n definits pel Consell General.&nbsp;Aquest tamb\u00e9 pren decisions sobre la seguretat social i l&#8217;educaci\u00f3.<\/span><\/span><\/p>\n<p class=\"Texto\"><span lang=\"ES-TRAD\"><span>Els andorrans s&#8217;han comprom\u00e8s a mantenir Andorra com un pa\u00eds amb baixos impostos.&nbsp;Aquests s\u00f3n els m\u00e9s baixos d&#8217;Europa, el que el converteix en un lloc atractiu per viure i treballar.<\/span><\/span><\/p>\n<p class=\"Texto\"><span lang=\"ES-TRAD\"><span>El sistema fiscal andorr\u00e0 es basa en els principis d&#8217;igualtat, solidaritat i llibertat.&nbsp;Els ciutadans paguen els impostos directament a el govern en lloc de pagar-los als seus pa\u00efsos de resid\u00e8ncia.&nbsp;Tal com passa amb moltes nacions d&#8217;Europa.<\/span><\/span><\/p>\n<p class=\"Texto\"><span lang=\"ES-TRAD\"><span>Tamb\u00e9 t\u00e9 la seva pr\u00f2pia Ag\u00e8ncia Tribut\u00e0ria Andorrana.&nbsp;Aquesta s&#8217;encarrega de coordinar els assumptes fiscals dels ciutadans i rep els ingressos tributaris.&nbsp;Amb el que Andorra es compromet a prestar serveis p\u00fablics d&#8217;alta qualitat als contribuents.<\/span><\/span><\/p>\n","protected":false},"excerpt":{"rendered":"<p>Andorra \u00e9s un petit pa\u00eds que limita amb Fran\u00e7a i Espanya.&nbsp;Ha estat sota el control d&#8217;ambd\u00f3s durant segles, per\u00f2 mai es va annexar formalment a cap d&#8217;ells.&nbsp;Segueix mantenint la seva pr\u00f2pia bandera (una tricolor vertical) i el seu himne nacional.&nbsp;La capital de pa\u00eds es diu Andorra la Vella. Qu\u00e8 \u00e9s Andorra? Andorra est\u00e0 situada als [&hellip;]<\/p>\n","protected":false},"author":1,"featured_media":2333,"comment_status":"closed","ping_status":"closed","sticky":false,"template":"","format":"standard","meta":{"_acf_changed":false,"footnotes":""},"categories":[154],"tags":[],"class_list":["post-2332","post","type-post","status-publish","format-standard","has-post-thumbnail","hentry","category-andorra"],"acf":[],"yoast_head":"<!-- This site is optimized with the Yoast SEO plugin v24.6 - https:\/\/yoast.com\/wordpress\/plugins\/seo\/ -->\n<title>A qui pertany Andorra? | Coneix tot sobre aquest pa\u00eds<\/title>\n<meta name=\"description\" content=\"Descobreix les caracter\u00edstiques m\u00e9s importants de el Principat d&#039;Andorra | La hist\u00f2ria, idiomes oficials, moneda usada i sistema fiscal andorr\u00e0.\" \/>\n<meta name=\"robots\" content=\"index, follow, max-snippet:-1, max-image-preview:large, max-video-preview:-1\" \/>\n<link rel=\"canonical\" href=\"https:\/\/www.andorra-advisors.com\/ca\/blog\/a-qui-pertany-andorra\/\" \/>\n<meta property=\"og:locale\" content=\"ca_ES\" \/>\n<meta property=\"og:type\" content=\"article\" \/>\n<meta property=\"og:title\" content=\"A qui pertany Andorra? | Coneix tot sobre aquest pa\u00eds\" \/>\n<meta property=\"og:description\" content=\"Descobreix les caracter\u00edstiques m\u00e9s importants de el Principat d&#039;Andorra | La hist\u00f2ria, idiomes oficials, moneda usada i sistema fiscal andorr\u00e0.\" \/>\n<meta property=\"og:url\" content=\"https:\/\/www.andorra-advisors.com\/ca\/blog\/a-qui-pertany-andorra\/\" \/>\n<meta property=\"og:site_name\" content=\"Andorra Advisors\" \/>\n<meta property=\"article:published_time\" content=\"2021-10-13T07:20:00+00:00\" \/>\n<meta property=\"article:modified_time\" content=\"2021-10-13T07:40:59+00:00\" \/>\n<meta property=\"og:image\" content=\"https:\/\/www.andorra-advisors.com\/ca\/wp-content\/uploads\/2021\/10\/A-qui-pertany-Andorra.jpg\" \/>\n\t<meta property=\"og:image:width\" content=\"360\" \/>\n\t<meta property=\"og:image:height\" content=\"240\" \/>\n\t<meta property=\"og:image:type\" content=\"image\/jpeg\" \/>\n<meta name=\"author\" content=\"Cristina L\u00f3pez Morales\" \/>\n<meta name=\"twitter:card\" content=\"summary_large_image\" \/>\n<meta name=\"twitter:label1\" content=\"Escrit per\" \/>\n\t<meta name=\"twitter:data1\" content=\"Cristina L\u00f3pez Morales\" \/>\n\t<meta name=\"twitter:label2\" content=\"Temps estimat de lectura\" \/>\n\t<meta name=\"twitter:data2\" content=\"4 minuts\" \/>\n<script type=\"application\/ld+json\" class=\"yoast-schema-graph\">{\"@context\":\"https:\/\/schema.org\",\"@graph\":[{\"@type\":\"WebPage\",\"@id\":\"https:\/\/www.andorra-advisors.com\/ca\/blog\/a-qui-pertany-andorra\/\",\"url\":\"https:\/\/www.andorra-advisors.com\/ca\/blog\/a-qui-pertany-andorra\/\",\"name\":\"A qui pertany Andorra? | Coneix tot sobre aquest pa\u00eds\",\"isPartOf\":{\"@id\":\"https:\/\/www.andorra-advisors.com\/ca\/#website\"},\"primaryImageOfPage\":{\"@id\":\"https:\/\/www.andorra-advisors.com\/ca\/blog\/a-qui-pertany-andorra\/#primaryimage\"},\"image\":{\"@id\":\"https:\/\/www.andorra-advisors.com\/ca\/blog\/a-qui-pertany-andorra\/#primaryimage\"},\"thumbnailUrl\":\"https:\/\/www.andorra-advisors.com\/ca\/wp-content\/uploads\/2021\/10\/A-qui-pertany-Andorra.jpg\",\"datePublished\":\"2021-10-13T07:20:00+00:00\",\"dateModified\":\"2021-10-13T07:40:59+00:00\",\"author\":{\"@id\":\"https:\/\/www.andorra-advisors.com\/ca\/#\/schema\/person\/de736d5ace974a427a41d6034f082942\"},\"description\":\"Descobreix les caracter\u00edstiques m\u00e9s importants de el Principat d'Andorra | La hist\u00f2ria, idiomes oficials, moneda usada i sistema fiscal andorr\u00e0.\",\"breadcrumb\":{\"@id\":\"https:\/\/www.andorra-advisors.com\/ca\/blog\/a-qui-pertany-andorra\/#breadcrumb\"},\"inLanguage\":\"ca\",\"potentialAction\":[{\"@type\":\"ReadAction\",\"target\":[\"https:\/\/www.andorra-advisors.com\/ca\/blog\/a-qui-pertany-andorra\/\"]}]},{\"@type\":\"ImageObject\",\"inLanguage\":\"ca\",\"@id\":\"https:\/\/www.andorra-advisors.com\/ca\/blog\/a-qui-pertany-andorra\/#primaryimage\",\"url\":\"https:\/\/www.andorra-advisors.com\/ca\/wp-content\/uploads\/2021\/10\/A-qui-pertany-Andorra.jpg\",\"contentUrl\":\"https:\/\/www.andorra-advisors.com\/ca\/wp-content\/uploads\/2021\/10\/A-qui-pertany-Andorra.jpg\",\"width\":360,\"height\":240,\"caption\":\"A qui pertany Andorra\"},{\"@type\":\"BreadcrumbList\",\"@id\":\"https:\/\/www.andorra-advisors.com\/ca\/blog\/a-qui-pertany-andorra\/#breadcrumb\",\"itemListElement\":[{\"@type\":\"ListItem\",\"position\":1,\"name\":\"Inici\",\"item\":\"https:\/\/www.andorra-advisors.com\/ca\/\"},{\"@type\":\"ListItem\",\"position\":2,\"name\":\"A qui pertany Andorra?\"}]},{\"@type\":\"WebSite\",\"@id\":\"https:\/\/www.andorra-advisors.com\/ca\/#website\",\"url\":\"https:\/\/www.andorra-advisors.com\/ca\/\",\"name\":\"Andorra Advisors\",\"description\":\"\",\"potentialAction\":[{\"@type\":\"SearchAction\",\"target\":{\"@type\":\"EntryPoint\",\"urlTemplate\":\"https:\/\/www.andorra-advisors.com\/ca\/?s={search_term_string}\"},\"query-input\":{\"@type\":\"PropertyValueSpecification\",\"valueRequired\":true,\"valueName\":\"search_term_string\"}}],\"inLanguage\":\"ca\"},{\"@type\":\"Person\",\"@id\":\"https:\/\/www.andorra-advisors.com\/ca\/#\/schema\/person\/de736d5ace974a427a41d6034f082942\",\"name\":\"Cristina L\u00f3pez Morales\",\"image\":{\"@type\":\"ImageObject\",\"inLanguage\":\"ca\",\"@id\":\"https:\/\/www.andorra-advisors.com\/ca\/#\/schema\/person\/image\/\",\"url\":\"https:\/\/secure.gravatar.com\/avatar\/fedd1bd1f5793d622244afd8f03c6ec9?s=96&d=mm&r=g\",\"contentUrl\":\"https:\/\/secure.gravatar.com\/avatar\/fedd1bd1f5793d622244afd8f03c6ec9?s=96&d=mm&r=g\",\"caption\":\"Cristina L\u00f3pez Morales\"},\"description\":\"Llicenciada en Administraci\u00f3 i Direcci\u00f3 d'empreses. Passi\u00f3 per les finances i per la comunicaci\u00f3. Aprenent i formant-me en el m\u00f3n de l'empresa di\u00e0riament. Col\u00b7laboro amb Andorra Advisors en la creaci\u00f3 de continguts relacionats amb la creaci\u00f3 d'empreses i fiscalitat a Andorra.\",\"sameAs\":[\"admin\"],\"url\":\"https:\/\/www.andorra-advisors.com\/ca\/author\/cristina-lopez\/\"}]}<\/script>\n<!-- \/ Yoast SEO plugin. -->","yoast_head_json":{"title":"A qui pertany Andorra? | Coneix tot sobre aquest pa\u00eds","description":"Descobreix les caracter\u00edstiques m\u00e9s importants de el Principat d'Andorra | La hist\u00f2ria, idiomes oficials, moneda usada i sistema fiscal andorr\u00e0.","robots":{"index":"index","follow":"follow","max-snippet":"max-snippet:-1","max-image-preview":"max-image-preview:large","max-video-preview":"max-video-preview:-1"},"canonical":"https:\/\/www.andorra-advisors.com\/ca\/blog\/a-qui-pertany-andorra\/","og_locale":"ca_ES","og_type":"article","og_title":"A qui pertany Andorra? | Coneix tot sobre aquest pa\u00eds","og_description":"Descobreix les caracter\u00edstiques m\u00e9s importants de el Principat d'Andorra | La hist\u00f2ria, idiomes oficials, moneda usada i sistema fiscal andorr\u00e0.","og_url":"https:\/\/www.andorra-advisors.com\/ca\/blog\/a-qui-pertany-andorra\/","og_site_name":"Andorra Advisors","article_published_time":"2021-10-13T07:20:00+00:00","article_modified_time":"2021-10-13T07:40:59+00:00","og_image":[{"width":360,"height":240,"url":"https:\/\/www.andorra-advisors.com\/ca\/wp-content\/uploads\/2021\/10\/A-qui-pertany-Andorra.jpg","type":"image\/jpeg"}],"author":"Cristina L\u00f3pez Morales","twitter_card":"summary_large_image","twitter_misc":{"Escrit per":"Cristina L\u00f3pez Morales","Temps estimat de lectura":"4 minuts"},"schema":{"@context":"https:\/\/schema.org","@graph":[{"@type":"WebPage","@id":"https:\/\/www.andorra-advisors.com\/ca\/blog\/a-qui-pertany-andorra\/","url":"https:\/\/www.andorra-advisors.com\/ca\/blog\/a-qui-pertany-andorra\/","name":"A qui pertany Andorra? | Coneix tot sobre aquest pa\u00eds","isPartOf":{"@id":"https:\/\/www.andorra-advisors.com\/ca\/#website"},"primaryImageOfPage":{"@id":"https:\/\/www.andorra-advisors.com\/ca\/blog\/a-qui-pertany-andorra\/#primaryimage"},"image":{"@id":"https:\/\/www.andorra-advisors.com\/ca\/blog\/a-qui-pertany-andorra\/#primaryimage"},"thumbnailUrl":"https:\/\/www.andorra-advisors.com\/ca\/wp-content\/uploads\/2021\/10\/A-qui-pertany-Andorra.jpg","datePublished":"2021-10-13T07:20:00+00:00","dateModified":"2021-10-13T07:40:59+00:00","author":{"@id":"https:\/\/www.andorra-advisors.com\/ca\/#\/schema\/person\/de736d5ace974a427a41d6034f082942"},"description":"Descobreix les caracter\u00edstiques m\u00e9s importants de el Principat d'Andorra | La hist\u00f2ria, idiomes oficials, moneda usada i sistema fiscal andorr\u00e0.","breadcrumb":{"@id":"https:\/\/www.andorra-advisors.com\/ca\/blog\/a-qui-pertany-andorra\/#breadcrumb"},"inLanguage":"ca","potentialAction":[{"@type":"ReadAction","target":["https:\/\/www.andorra-advisors.com\/ca\/blog\/a-qui-pertany-andorra\/"]}]},{"@type":"ImageObject","inLanguage":"ca","@id":"https:\/\/www.andorra-advisors.com\/ca\/blog\/a-qui-pertany-andorra\/#primaryimage","url":"https:\/\/www.andorra-advisors.com\/ca\/wp-content\/uploads\/2021\/10\/A-qui-pertany-Andorra.jpg","contentUrl":"https:\/\/www.andorra-advisors.com\/ca\/wp-content\/uploads\/2021\/10\/A-qui-pertany-Andorra.jpg","width":360,"height":240,"caption":"A qui pertany Andorra"},{"@type":"BreadcrumbList","@id":"https:\/\/www.andorra-advisors.com\/ca\/blog\/a-qui-pertany-andorra\/#breadcrumb","itemListElement":[{"@type":"ListItem","position":1,"name":"Inici","item":"https:\/\/www.andorra-advisors.com\/ca\/"},{"@type":"ListItem","position":2,"name":"A qui pertany Andorra?"}]},{"@type":"WebSite","@id":"https:\/\/www.andorra-advisors.com\/ca\/#website","url":"https:\/\/www.andorra-advisors.com\/ca\/","name":"Andorra Advisors","description":"","potentialAction":[{"@type":"SearchAction","target":{"@type":"EntryPoint","urlTemplate":"https:\/\/www.andorra-advisors.com\/ca\/?s={search_term_string}"},"query-input":{"@type":"PropertyValueSpecification","valueRequired":true,"valueName":"search_term_string"}}],"inLanguage":"ca"},{"@type":"Person","@id":"https:\/\/www.andorra-advisors.com\/ca\/#\/schema\/person\/de736d5ace974a427a41d6034f082942","name":"Cristina L\u00f3pez Morales","image":{"@type":"ImageObject","inLanguage":"ca","@id":"https:\/\/www.andorra-advisors.com\/ca\/#\/schema\/person\/image\/","url":"https:\/\/secure.gravatar.com\/avatar\/fedd1bd1f5793d622244afd8f03c6ec9?s=96&d=mm&r=g","contentUrl":"https:\/\/secure.gravatar.com\/avatar\/fedd1bd1f5793d622244afd8f03c6ec9?s=96&d=mm&r=g","caption":"Cristina L\u00f3pez Morales"},"description":"Llicenciada en Administraci\u00f3 i Direcci\u00f3 d'empreses. Passi\u00f3 per les finances i per la comunicaci\u00f3. Aprenent i formant-me en el m\u00f3n de l'empresa di\u00e0riament. Col\u00b7laboro amb Andorra Advisors en la creaci\u00f3 de continguts relacionats amb la creaci\u00f3 d'empreses i fiscalitat a Andorra.","sameAs":["admin"],"url":"https:\/\/www.andorra-advisors.com\/ca\/author\/cristina-lopez\/"}]}},"_links":{"self":[{"href":"https:\/\/www.andorra-advisors.com\/ca\/wp-json\/wp\/v2\/posts\/2332","targetHints":{"allow":["GET"]}}],"collection":[{"href":"https:\/\/www.andorra-advisors.com\/ca\/wp-json\/wp\/v2\/posts"}],"about":[{"href":"https:\/\/www.andorra-advisors.com\/ca\/wp-json\/wp\/v2\/types\/post"}],"author":[{"embeddable":true,"href":"https:\/\/www.andorra-advisors.com\/ca\/wp-json\/wp\/v2\/users\/1"}],"replies":[{"embeddable":true,"href":"https:\/\/www.andorra-advisors.com\/ca\/wp-json\/wp\/v2\/comments?post=2332"}],"version-history":[{"count":3,"href":"https:\/\/www.andorra-advisors.com\/ca\/wp-json\/wp\/v2\/posts\/2332\/revisions"}],"predecessor-version":[{"id":2336,"href":"https:\/\/www.andorra-advisors.com\/ca\/wp-json\/wp\/v2\/posts\/2332\/revisions\/2336"}],"wp:featuredmedia":[{"embeddable":true,"href":"https:\/\/www.andorra-advisors.com\/ca\/wp-json\/wp\/v2\/media\/2333"}],"wp:attachment":[{"href":"https:\/\/www.andorra-advisors.com\/ca\/wp-json\/wp\/v2\/media?parent=2332"}],"wp:term":[{"taxonomy":"category","embeddable":true,"href":"https:\/\/www.andorra-advisors.com\/ca\/wp-json\/wp\/v2\/categories?post=2332"},{"taxonomy":"post_tag","embeddable":true,"href":"https:\/\/www.andorra-advisors.com\/ca\/wp-json\/wp\/v2\/tags?post=2332"}],"curies":[{"name":"wp","href":"https:\/\/api.w.org\/{rel}","templated":true}]}}