{"id":972,"date":"2019-03-26T12:52:57","date_gmt":"2019-03-26T12:52:57","guid":{"rendered":"https:\/\/www.andorra-advisors.com\/ca\/?p=972"},"modified":"2019-03-26T12:52:57","modified_gmt":"2019-03-26T12:52:57","slug":"increment-salari-minim-andorra","status":"publish","type":"post","link":"https:\/\/www.andorra-advisors.com\/ca\/blog\/increment-salari-minim-andorra\/","title":{"rendered":"El salari m\u00ednim d&#8217;Andorra s&#8217;incrementa un m\u00ednim del 3,2%"},"content":{"rendered":"<p style=\"text-align: justify;\">El Govern d&#8217;Andorra ha estat emf\u00e0tic a informar a trav\u00e9s de diferents representants empresarials i sindicats andorrans, sobre el paquet de mesures econ\u00f2miques en benefici dels ciutadans.\u00a0<strong>Entre aquestes mesures, destaca l&#8217;increment del salari m\u00ednim almenys en un 3,2%.\u00a0<\/strong>Tamb\u00e9 s&#8217;observa l&#8217;aplicaci\u00f3 de l&#8217;augment de l&#8217;IPC de l&#8217;any anterior, per a treballadors amb ingressos menors als 24.000 \u20ac anuals.<\/p>\n<p style=\"text-align: justify;\">Amb aquesta mesura de l&#8217;increment m\u00ednim de 3,2%,\u00a0<strong>s&#8217;espera que almenys 3.000 persones es puguin veure beneficiades<\/strong>, encara que tamb\u00e9 s&#8217;aplica per a les prestacions socials.\u00a0De la mateixa manera, ser\u00e0 aplicada per a les jubilacions els ingressos no arribin al salari m\u00ednim, despr\u00e9s d&#8217;una cotitzaci\u00f3 per m\u00e9s de 25 anys.<\/p>\n<h2 style=\"text-align: justify;\">Les mesures adoptades pel Govern d&#8217;Andorra s\u00f3n factibles per millores en l&#8217;economia<\/h2>\n<p style=\"text-align: justify;\">Posterior a la reuni\u00f3 sostinguda entre el ministre de Finances, Jordi Cinca, i el ministre d&#8217;Afers Socials, Xavier Espot, tots dos van donar explicaci\u00f3 de les millores d&#8217;aquest paquet en una roda de premsa<strong>.\u00a0Es va detallar la situaci\u00f3 econ\u00f2mica del pa\u00eds, i tamb\u00e9 van donar a con\u00e8ixer detalls sobre les finances p\u00fabliques<\/strong>, expressant que estan sanejades.\u00a0Van emfatitzar que les mesures adoptades s\u00f3n factibles per la millora global de l&#8217;economia.<\/p>\n<p style=\"text-align: justify;\">D&#8217;altra banda,\u00a0<strong>els contractes de lloguer que culminin en aquest 2019, podran ser prorrogats almenys per un any<\/strong>.\u00a0En aquest sentit, es permetr\u00e0 aplicar l&#8217;augment de l&#8217;IPC calculat entre el 0,7 i 0,9%.\u00a0Aquesta mesura s&#8217;inclour\u00e0 en la llei de pressupost d&#8217;aquest nou any.<\/p>\n<p style=\"text-align: justify;\">Com a part de les mesures, els ministres tamb\u00e9 van informar sobre una negociaci\u00f3 amb els bancs del pa\u00eds.\u00a0<strong>Es tracta d&#8217;un conveni perqu\u00e8 puguin cedir els immobles al Govern d&#8217;Andorra<\/strong>\u00a0perqu\u00e8 puguin ser destinats a &#8220;persones vulnerables&#8221;.\u00a0\u00c9s una mesura per protegir els ciutadans en &#8220;situacions de vulnerabilitat&#8221;.<\/p>\n<p style=\"text-align: justify;\">Finalment,\u00a0<strong>les subhastes d&#8217;immobles podran tenir un valor de sortida d&#8217;almenys el 90% de la seva valoraci\u00f3<\/strong>.\u00a0Aix\u00f2 es deu al fet que fins ara nom\u00e9s tenien un preu de sortida entre el 70% i 50%.\u00a0D&#8217;aquesta manera, es pret\u00e9n que amb aquesta mesura s&#8217;adjudiquin a un preu just, evitant la venda a preus inferiors del seu valor real.<\/p>\n","protected":false},"excerpt":{"rendered":"<p>El Govern d&#8217;Andorra ha estat emf\u00e0tic a informar a trav\u00e9s de diferents representants empresarials i sindicats andorrans, sobre el paquet de mesures econ\u00f2miques en benefici dels ciutadans.\u00a0Entre aquestes mesures, destaca l&#8217;increment del salari m\u00ednim almenys en un 3,2%.\u00a0Tamb\u00e9 s&#8217;observa l&#8217;aplicaci\u00f3 de l&#8217;augment de l&#8217;IPC de l&#8217;any anterior, per a treballadors amb ingressos menors als 24.000 [&hellip;]<\/p>\n","protected":false},"author":1,"featured_media":963,"comment_status":"open","ping_status":"open","sticky":false,"template":"","format":"standard","meta":{"_acf_changed":false,"footnotes":""},"categories":[37],"tags":[4,35,36,18,38,39,40,41,42,43,44],"class_list":["post-972","post","type-post","status-publish","format-standard","has-post-thumbnail","hentry","category-finances","tag-andorra","tag-bussines-center","tag-emprenedors","tag-empreses","tag-inversio","tag-llei","tag-mercat-financer","tag-normatives","tag-oficines","tag-professionals","tag-smart-executive-centers"],"acf":[],"yoast_head":"<!-- This site is optimized with the Yoast SEO plugin v24.6 - https:\/\/yoast.com\/wordpress\/plugins\/seo\/ -->\n<title>El salari m\u00ednim d&#039;Andorra s&#039;incrementa un m\u00ednim del 3,2%<\/title>\n<meta name=\"description\" content=\"Increment del salari m\u00ednim almenys en un 3,2%, i augment de l&#039;IPC de l&#039;any anterior per a treballadors amb ingressos menors a 24.000 \u20ac anuals.\" \/>\n<meta name=\"robots\" content=\"index, follow, max-snippet:-1, max-image-preview:large, max-video-preview:-1\" \/>\n<link rel=\"canonical\" href=\"https:\/\/www.andorra-advisors.com\/ca\/blog\/increment-salari-minim-andorra\/\" \/>\n<meta property=\"og:locale\" content=\"ca_ES\" \/>\n<meta property=\"og:type\" content=\"article\" \/>\n<meta property=\"og:title\" content=\"El salari m\u00ednim d&#039;Andorra s&#039;incrementa un m\u00ednim del 3,2%\" \/>\n<meta property=\"og:description\" content=\"Increment del salari m\u00ednim almenys en un 3,2%, i augment de l&#039;IPC de l&#039;any anterior per a treballadors amb ingressos menors a 24.000 \u20ac anuals.\" \/>\n<meta property=\"og:url\" content=\"https:\/\/www.andorra-advisors.com\/ca\/blog\/increment-salari-minim-andorra\/\" \/>\n<meta property=\"og:site_name\" content=\"Andorra Advisors\" \/>\n<meta property=\"article:published_time\" content=\"2019-03-26T12:52:57+00:00\" \/>\n<meta property=\"og:image\" content=\"https:\/\/www.andorra-advisors.com\/ca\/wp-content\/uploads\/2019\/03\/4-incremento-salario.jpg\" \/>\n\t<meta property=\"og:image:width\" content=\"461\" \/>\n\t<meta property=\"og:image:height\" content=\"309\" \/>\n\t<meta property=\"og:image:type\" content=\"image\/jpeg\" \/>\n<meta name=\"author\" content=\"Cristina L\u00f3pez Morales\" \/>\n<meta name=\"twitter:card\" content=\"summary_large_image\" \/>\n<meta name=\"twitter:label1\" content=\"Escrit per\" \/>\n\t<meta name=\"twitter:data1\" content=\"Cristina L\u00f3pez Morales\" \/>\n\t<meta name=\"twitter:label2\" content=\"Temps estimat de lectura\" \/>\n\t<meta name=\"twitter:data2\" content=\"2 minuts\" \/>\n<script type=\"application\/ld+json\" class=\"yoast-schema-graph\">{\"@context\":\"https:\/\/schema.org\",\"@graph\":[{\"@type\":\"WebPage\",\"@id\":\"https:\/\/www.andorra-advisors.com\/ca\/blog\/increment-salari-minim-andorra\/\",\"url\":\"https:\/\/www.andorra-advisors.com\/ca\/blog\/increment-salari-minim-andorra\/\",\"name\":\"El salari m\u00ednim d'Andorra s'incrementa un m\u00ednim del 3,2%\",\"isPartOf\":{\"@id\":\"https:\/\/www.andorra-advisors.com\/ca\/#website\"},\"primaryImageOfPage\":{\"@id\":\"https:\/\/www.andorra-advisors.com\/ca\/blog\/increment-salari-minim-andorra\/#primaryimage\"},\"image\":{\"@id\":\"https:\/\/www.andorra-advisors.com\/ca\/blog\/increment-salari-minim-andorra\/#primaryimage\"},\"thumbnailUrl\":\"https:\/\/www.andorra-advisors.com\/ca\/wp-content\/uploads\/2019\/03\/4-incremento-salario.jpg\",\"datePublished\":\"2019-03-26T12:52:57+00:00\",\"author\":{\"@id\":\"https:\/\/www.andorra-advisors.com\/ca\/#\/schema\/person\/de736d5ace974a427a41d6034f082942\"},\"description\":\"Increment del salari m\u00ednim almenys en un 3,2%, i augment de l'IPC de l'any anterior per a treballadors amb ingressos menors a 24.000 \u20ac anuals.\",\"breadcrumb\":{\"@id\":\"https:\/\/www.andorra-advisors.com\/ca\/blog\/increment-salari-minim-andorra\/#breadcrumb\"},\"inLanguage\":\"ca\",\"potentialAction\":[{\"@type\":\"ReadAction\",\"target\":[\"https:\/\/www.andorra-advisors.com\/ca\/blog\/increment-salari-minim-andorra\/\"]}]},{\"@type\":\"ImageObject\",\"inLanguage\":\"ca\",\"@id\":\"https:\/\/www.andorra-advisors.com\/ca\/blog\/increment-salari-minim-andorra\/#primaryimage\",\"url\":\"https:\/\/www.andorra-advisors.com\/ca\/wp-content\/uploads\/2019\/03\/4-incremento-salario.jpg\",\"contentUrl\":\"https:\/\/www.andorra-advisors.com\/ca\/wp-content\/uploads\/2019\/03\/4-incremento-salario.jpg\",\"width\":461,\"height\":309,\"caption\":\"incremento salario minimo andorra\"},{\"@type\":\"BreadcrumbList\",\"@id\":\"https:\/\/www.andorra-advisors.com\/ca\/blog\/increment-salari-minim-andorra\/#breadcrumb\",\"itemListElement\":[{\"@type\":\"ListItem\",\"position\":1,\"name\":\"Inici\",\"item\":\"https:\/\/www.andorra-advisors.com\/ca\/\"},{\"@type\":\"ListItem\",\"position\":2,\"name\":\"El salari m\u00ednim d&#8217;Andorra s&#8217;incrementa un m\u00ednim del 3,2%\"}]},{\"@type\":\"WebSite\",\"@id\":\"https:\/\/www.andorra-advisors.com\/ca\/#website\",\"url\":\"https:\/\/www.andorra-advisors.com\/ca\/\",\"name\":\"Andorra Advisors\",\"description\":\"\",\"potentialAction\":[{\"@type\":\"SearchAction\",\"target\":{\"@type\":\"EntryPoint\",\"urlTemplate\":\"https:\/\/www.andorra-advisors.com\/ca\/?s={search_term_string}\"},\"query-input\":{\"@type\":\"PropertyValueSpecification\",\"valueRequired\":true,\"valueName\":\"search_term_string\"}}],\"inLanguage\":\"ca\"},{\"@type\":\"Person\",\"@id\":\"https:\/\/www.andorra-advisors.com\/ca\/#\/schema\/person\/de736d5ace974a427a41d6034f082942\",\"name\":\"Cristina L\u00f3pez Morales\",\"image\":{\"@type\":\"ImageObject\",\"inLanguage\":\"ca\",\"@id\":\"https:\/\/www.andorra-advisors.com\/ca\/#\/schema\/person\/image\/\",\"url\":\"https:\/\/secure.gravatar.com\/avatar\/fedd1bd1f5793d622244afd8f03c6ec9?s=96&d=mm&r=g\",\"contentUrl\":\"https:\/\/secure.gravatar.com\/avatar\/fedd1bd1f5793d622244afd8f03c6ec9?s=96&d=mm&r=g\",\"caption\":\"Cristina L\u00f3pez Morales\"},\"description\":\"Llicenciada en Administraci\u00f3 i Direcci\u00f3 d'empreses. Passi\u00f3 per les finances i per la comunicaci\u00f3. Aprenent i formant-me en el m\u00f3n de l'empresa di\u00e0riament. Col\u00b7laboro amb Andorra Advisors en la creaci\u00f3 de continguts relacionats amb la creaci\u00f3 d'empreses i fiscalitat a Andorra.\",\"sameAs\":[\"admin\"],\"url\":\"https:\/\/www.andorra-advisors.com\/ca\/author\/cristina-lopez\/\"}]}<\/script>\n<!-- \/ Yoast SEO plugin. -->","yoast_head_json":{"title":"El salari m\u00ednim d'Andorra s'incrementa un m\u00ednim del 3,2%","description":"Increment del salari m\u00ednim almenys en un 3,2%, i augment de l'IPC de l'any anterior per a treballadors amb ingressos menors a 24.000 \u20ac anuals.","robots":{"index":"index","follow":"follow","max-snippet":"max-snippet:-1","max-image-preview":"max-image-preview:large","max-video-preview":"max-video-preview:-1"},"canonical":"https:\/\/www.andorra-advisors.com\/ca\/blog\/increment-salari-minim-andorra\/","og_locale":"ca_ES","og_type":"article","og_title":"El salari m\u00ednim d'Andorra s'incrementa un m\u00ednim del 3,2%","og_description":"Increment del salari m\u00ednim almenys en un 3,2%, i augment de l'IPC de l'any anterior per a treballadors amb ingressos menors a 24.000 \u20ac anuals.","og_url":"https:\/\/www.andorra-advisors.com\/ca\/blog\/increment-salari-minim-andorra\/","og_site_name":"Andorra Advisors","article_published_time":"2019-03-26T12:52:57+00:00","og_image":[{"width":461,"height":309,"url":"https:\/\/www.andorra-advisors.com\/ca\/wp-content\/uploads\/2019\/03\/4-incremento-salario.jpg","type":"image\/jpeg"}],"author":"Cristina L\u00f3pez Morales","twitter_card":"summary_large_image","twitter_misc":{"Escrit per":"Cristina L\u00f3pez Morales","Temps estimat de lectura":"2 minuts"},"schema":{"@context":"https:\/\/schema.org","@graph":[{"@type":"WebPage","@id":"https:\/\/www.andorra-advisors.com\/ca\/blog\/increment-salari-minim-andorra\/","url":"https:\/\/www.andorra-advisors.com\/ca\/blog\/increment-salari-minim-andorra\/","name":"El salari m\u00ednim d'Andorra s'incrementa un m\u00ednim del 3,2%","isPartOf":{"@id":"https:\/\/www.andorra-advisors.com\/ca\/#website"},"primaryImageOfPage":{"@id":"https:\/\/www.andorra-advisors.com\/ca\/blog\/increment-salari-minim-andorra\/#primaryimage"},"image":{"@id":"https:\/\/www.andorra-advisors.com\/ca\/blog\/increment-salari-minim-andorra\/#primaryimage"},"thumbnailUrl":"https:\/\/www.andorra-advisors.com\/ca\/wp-content\/uploads\/2019\/03\/4-incremento-salario.jpg","datePublished":"2019-03-26T12:52:57+00:00","author":{"@id":"https:\/\/www.andorra-advisors.com\/ca\/#\/schema\/person\/de736d5ace974a427a41d6034f082942"},"description":"Increment del salari m\u00ednim almenys en un 3,2%, i augment de l'IPC de l'any anterior per a treballadors amb ingressos menors a 24.000 \u20ac anuals.","breadcrumb":{"@id":"https:\/\/www.andorra-advisors.com\/ca\/blog\/increment-salari-minim-andorra\/#breadcrumb"},"inLanguage":"ca","potentialAction":[{"@type":"ReadAction","target":["https:\/\/www.andorra-advisors.com\/ca\/blog\/increment-salari-minim-andorra\/"]}]},{"@type":"ImageObject","inLanguage":"ca","@id":"https:\/\/www.andorra-advisors.com\/ca\/blog\/increment-salari-minim-andorra\/#primaryimage","url":"https:\/\/www.andorra-advisors.com\/ca\/wp-content\/uploads\/2019\/03\/4-incremento-salario.jpg","contentUrl":"https:\/\/www.andorra-advisors.com\/ca\/wp-content\/uploads\/2019\/03\/4-incremento-salario.jpg","width":461,"height":309,"caption":"incremento salario minimo andorra"},{"@type":"BreadcrumbList","@id":"https:\/\/www.andorra-advisors.com\/ca\/blog\/increment-salari-minim-andorra\/#breadcrumb","itemListElement":[{"@type":"ListItem","position":1,"name":"Inici","item":"https:\/\/www.andorra-advisors.com\/ca\/"},{"@type":"ListItem","position":2,"name":"El salari m\u00ednim d&#8217;Andorra s&#8217;incrementa un m\u00ednim del 3,2%"}]},{"@type":"WebSite","@id":"https:\/\/www.andorra-advisors.com\/ca\/#website","url":"https:\/\/www.andorra-advisors.com\/ca\/","name":"Andorra Advisors","description":"","potentialAction":[{"@type":"SearchAction","target":{"@type":"EntryPoint","urlTemplate":"https:\/\/www.andorra-advisors.com\/ca\/?s={search_term_string}"},"query-input":{"@type":"PropertyValueSpecification","valueRequired":true,"valueName":"search_term_string"}}],"inLanguage":"ca"},{"@type":"Person","@id":"https:\/\/www.andorra-advisors.com\/ca\/#\/schema\/person\/de736d5ace974a427a41d6034f082942","name":"Cristina L\u00f3pez Morales","image":{"@type":"ImageObject","inLanguage":"ca","@id":"https:\/\/www.andorra-advisors.com\/ca\/#\/schema\/person\/image\/","url":"https:\/\/secure.gravatar.com\/avatar\/fedd1bd1f5793d622244afd8f03c6ec9?s=96&d=mm&r=g","contentUrl":"https:\/\/secure.gravatar.com\/avatar\/fedd1bd1f5793d622244afd8f03c6ec9?s=96&d=mm&r=g","caption":"Cristina L\u00f3pez Morales"},"description":"Llicenciada en Administraci\u00f3 i Direcci\u00f3 d'empreses. Passi\u00f3 per les finances i per la comunicaci\u00f3. Aprenent i formant-me en el m\u00f3n de l'empresa di\u00e0riament. Col\u00b7laboro amb Andorra Advisors en la creaci\u00f3 de continguts relacionats amb la creaci\u00f3 d'empreses i fiscalitat a Andorra.","sameAs":["admin"],"url":"https:\/\/www.andorra-advisors.com\/ca\/author\/cristina-lopez\/"}]}},"_links":{"self":[{"href":"https:\/\/www.andorra-advisors.com\/ca\/wp-json\/wp\/v2\/posts\/972","targetHints":{"allow":["GET"]}}],"collection":[{"href":"https:\/\/www.andorra-advisors.com\/ca\/wp-json\/wp\/v2\/posts"}],"about":[{"href":"https:\/\/www.andorra-advisors.com\/ca\/wp-json\/wp\/v2\/types\/post"}],"author":[{"embeddable":true,"href":"https:\/\/www.andorra-advisors.com\/ca\/wp-json\/wp\/v2\/users\/1"}],"replies":[{"embeddable":true,"href":"https:\/\/www.andorra-advisors.com\/ca\/wp-json\/wp\/v2\/comments?post=972"}],"version-history":[{"count":0,"href":"https:\/\/www.andorra-advisors.com\/ca\/wp-json\/wp\/v2\/posts\/972\/revisions"}],"wp:featuredmedia":[{"embeddable":true,"href":"https:\/\/www.andorra-advisors.com\/ca\/wp-json\/wp\/v2\/media\/963"}],"wp:attachment":[{"href":"https:\/\/www.andorra-advisors.com\/ca\/wp-json\/wp\/v2\/media?parent=972"}],"wp:term":[{"taxonomy":"category","embeddable":true,"href":"https:\/\/www.andorra-advisors.com\/ca\/wp-json\/wp\/v2\/categories?post=972"},{"taxonomy":"post_tag","embeddable":true,"href":"https:\/\/www.andorra-advisors.com\/ca\/wp-json\/wp\/v2\/tags?post=972"}],"curies":[{"name":"wp","href":"https:\/\/api.w.org\/{rel}","templated":true}]}}