{"id":974,"date":"2019-03-26T12:55:54","date_gmt":"2019-03-26T12:55:54","guid":{"rendered":"https:\/\/www.andorra-advisors.com\/ca\/?p=974"},"modified":"2019-03-26T12:55:54","modified_gmt":"2019-03-26T12:55:54","slug":"mercat-financer-andorra","status":"publish","type":"post","link":"https:\/\/www.andorra-advisors.com\/ca\/blog\/mercat-financer-andorra\/","title":{"rendered":"El mercat financer Andorr\u00e0 i les seves noves necessitats"},"content":{"rendered":"<p style=\"text-align: justify;\">En els \u00faltims anys, s&#8217;ha conegut que a Andorra l&#8217;obertura econ\u00f2mica s&#8217;ha convertit en un gran repte.\u00a0<strong>Hi ha molta competitivitat per les noves normatives fiscals<\/strong>, igual que per la\u00a0<strong>alliberament de la inversi\u00f3 exterior en diversos sectors<\/strong>.\u00a0Aix\u00f2 \u00faltim \u00e9s important tenir-ho en compte, ja que ha desencadenat l&#8217;arribada de nous inversors, que pensen que al pa\u00eds hi ha molta pot\u00e8ncia per desenvolupar activitats empresarials o professionals.<\/p>\n<p style=\"text-align: justify;\">Les noves necessitats en el mercat financer andorr\u00e0, i la necessitat d&#8217;aquests nous inversors, requereixen d&#8217;infraestructures i serveis a l&#8217;altura del que desitgen.\u00a0A causa d&#8217;aix\u00f2, al pa\u00eds s&#8217;han posat en evid\u00e8ncia noves adaptacions a aquests requeriments, per estar a l&#8217;altura del que qualsevol altre pa\u00eds els oferiria en les mateixes circumst\u00e0ncies.\u00a0Part d&#8217;aquestes necessitats, s\u00f3n les\u00a0<strong>instal\u00b7lacions adequades i serveis \u00f2ptims<\/strong>\u00a0perqu\u00e8 des de l&#8217;inici se sentin confortables.<\/p>\n<h2 style=\"text-align: justify;\">El Centre de Negocis a Andorra aporta estabilitat a nivell d&#8217;infraestructura<\/h2>\n<p style=\"text-align: justify;\">El Centre de Negocis a Andorra ha posat a la disposici\u00f3 d&#8217;aquests nous inversors un espai perqu\u00e8 el pa\u00eds puguin arribar sentint-se c\u00f2modes.\u00a0Es tracta d&#8217;\u00a0<strong>un lloc que es pot ajustar al model Business Center habitual en altres llocs del m\u00f3n<\/strong>, i una cosa que no pot faltar a Andorra.<\/p>\n<p style=\"text-align: justify;\">En aquest cas, l&#8217;Smart Executive Centers, est\u00e0 disposat a proveir oficines de refer\u00e8ncies que es troben adaptades a les exig\u00e8ncies segons les normatives vigents.\u00a0El millor del cas, \u00e9s que les autoritats administratives pertinents poden participar a tots els efectes, i aix\u00f2 els d\u00f3na consist\u00e8ncia a aquestes oficines.<\/p>\n<p style=\"text-align: justify;\">La creaci\u00f3 de nous espais a Andorra \u00e9s molt \u00fatil per a les empreses que vulguin instal\u00b7lar-se provisionalment.\u00a0Per\u00f2 tamb\u00e9 \u00e9s un\u00a0<strong>espai de negocis per a nous emprenedors, professionals o empresaris que volen implantar<\/strong>\u00a0es al pa\u00eds.\u00a0Aix\u00f2 pot portar m\u00faltiples avantatges en general, que requereixen d&#8217;\u00a0<strong>un espai professional que s&#8217;adapti a les expectatives dels necessitats.<\/strong><\/p>\n<p style=\"text-align: justify;\">En termes generals, qualsevol emprenedor, empresari o professional, necessita un espai \u00fanic i exclusiu, que tinc oficines individuals, espais comuns de reuni\u00f3 i altres serveis complementaris.\u00a0Andorra ofereix una excel\u00b7lent oportunitat, en fer possible aquests espais, perqu\u00e8 qualsevol interessat es pugui sentir a gust.\u00a0En tot cas,\u00a0<strong>la nova Andorra segueix evolucionant<\/strong>, i la creaci\u00f3 d&#8217;aquests espais de treball s\u00f3n un bon exemple.<\/p>\n","protected":false},"excerpt":{"rendered":"<p>En els \u00faltims anys, s&#8217;ha conegut que a Andorra l&#8217;obertura econ\u00f2mica s&#8217;ha convertit en un gran repte.\u00a0Hi ha molta competitivitat per les noves normatives fiscals, igual que per la\u00a0alliberament de la inversi\u00f3 exterior en diversos sectors.\u00a0Aix\u00f2 \u00faltim \u00e9s important tenir-ho en compte, ja que ha desencadenat l&#8217;arribada de nous inversors, que pensen que al pa\u00eds [&hellip;]<\/p>\n","protected":false},"author":1,"featured_media":964,"comment_status":"open","ping_status":"open","sticky":false,"template":"","format":"standard","meta":{"_acf_changed":false,"footnotes":""},"categories":[48],"tags":[4,5,17,45,46,36,18,47,39,49,50],"class_list":["post-974","post","type-post","status-publish","format-standard","has-post-thumbnail","hentry","category-legislacio","tag-andorra","tag-autonoms","tag-cass","tag-cotitzacio","tag-drets","tag-emprenedors","tag-empreses","tag-irpf","tag-llei","tag-negocis","tag-reforma"],"acf":[],"yoast_head":"<!-- This site is optimized with the Yoast SEO plugin v24.6 - https:\/\/yoast.com\/wordpress\/plugins\/seo\/ -->\n<title>El mercat financer Andorr\u00e0 i les seves noves necessitats<\/title>\n<meta name=\"description\" content=\"Hi ha molta competitivitat per les noves normatives fiscals, igual que per l&#039;alliberament de la inversi\u00f3 exterior en diversos sectors.\" \/>\n<meta name=\"robots\" content=\"index, follow, max-snippet:-1, max-image-preview:large, max-video-preview:-1\" \/>\n<link rel=\"canonical\" href=\"https:\/\/www.andorra-advisors.com\/ca\/blog\/mercat-financer-andorra\/\" \/>\n<meta property=\"og:locale\" content=\"ca_ES\" \/>\n<meta property=\"og:type\" content=\"article\" \/>\n<meta property=\"og:title\" content=\"El mercat financer Andorr\u00e0 i les seves noves necessitats\" \/>\n<meta property=\"og:description\" content=\"Hi ha molta competitivitat per les noves normatives fiscals, igual que per l&#039;alliberament de la inversi\u00f3 exterior en diversos sectors.\" \/>\n<meta property=\"og:url\" content=\"https:\/\/www.andorra-advisors.com\/ca\/blog\/mercat-financer-andorra\/\" \/>\n<meta property=\"og:site_name\" content=\"Andorra Advisors\" \/>\n<meta property=\"article:published_time\" content=\"2019-03-26T12:55:54+00:00\" \/>\n<meta property=\"og:image\" content=\"https:\/\/www.andorra-advisors.com\/ca\/wp-content\/uploads\/2019\/03\/5-mercado-financiero.jpg\" \/>\n\t<meta property=\"og:image:width\" content=\"576\" \/>\n\t<meta property=\"og:image:height\" content=\"407\" \/>\n\t<meta property=\"og:image:type\" content=\"image\/jpeg\" \/>\n<meta name=\"author\" content=\"Cristina L\u00f3pez Morales\" \/>\n<meta name=\"twitter:card\" content=\"summary_large_image\" \/>\n<meta name=\"twitter:label1\" content=\"Escrit per\" \/>\n\t<meta name=\"twitter:data1\" content=\"Cristina L\u00f3pez Morales\" \/>\n\t<meta name=\"twitter:label2\" content=\"Temps estimat de lectura\" \/>\n\t<meta name=\"twitter:data2\" content=\"2 minuts\" \/>\n<script type=\"application\/ld+json\" class=\"yoast-schema-graph\">{\"@context\":\"https:\/\/schema.org\",\"@graph\":[{\"@type\":\"WebPage\",\"@id\":\"https:\/\/www.andorra-advisors.com\/ca\/blog\/mercat-financer-andorra\/\",\"url\":\"https:\/\/www.andorra-advisors.com\/ca\/blog\/mercat-financer-andorra\/\",\"name\":\"El mercat financer Andorr\u00e0 i les seves noves necessitats\",\"isPartOf\":{\"@id\":\"https:\/\/www.andorra-advisors.com\/ca\/#website\"},\"primaryImageOfPage\":{\"@id\":\"https:\/\/www.andorra-advisors.com\/ca\/blog\/mercat-financer-andorra\/#primaryimage\"},\"image\":{\"@id\":\"https:\/\/www.andorra-advisors.com\/ca\/blog\/mercat-financer-andorra\/#primaryimage\"},\"thumbnailUrl\":\"https:\/\/www.andorra-advisors.com\/ca\/wp-content\/uploads\/2019\/03\/5-mercado-financiero.jpg\",\"datePublished\":\"2019-03-26T12:55:54+00:00\",\"author\":{\"@id\":\"https:\/\/www.andorra-advisors.com\/ca\/#\/schema\/person\/de736d5ace974a427a41d6034f082942\"},\"description\":\"Hi ha molta competitivitat per les noves normatives fiscals, igual que per l'alliberament de la inversi\u00f3 exterior en diversos sectors.\",\"breadcrumb\":{\"@id\":\"https:\/\/www.andorra-advisors.com\/ca\/blog\/mercat-financer-andorra\/#breadcrumb\"},\"inLanguage\":\"ca\",\"potentialAction\":[{\"@type\":\"ReadAction\",\"target\":[\"https:\/\/www.andorra-advisors.com\/ca\/blog\/mercat-financer-andorra\/\"]}]},{\"@type\":\"ImageObject\",\"inLanguage\":\"ca\",\"@id\":\"https:\/\/www.andorra-advisors.com\/ca\/blog\/mercat-financer-andorra\/#primaryimage\",\"url\":\"https:\/\/www.andorra-advisors.com\/ca\/wp-content\/uploads\/2019\/03\/5-mercado-financiero.jpg\",\"contentUrl\":\"https:\/\/www.andorra-advisors.com\/ca\/wp-content\/uploads\/2019\/03\/5-mercado-financiero.jpg\",\"width\":576,\"height\":407,\"caption\":\"mercado financiero andorra\"},{\"@type\":\"BreadcrumbList\",\"@id\":\"https:\/\/www.andorra-advisors.com\/ca\/blog\/mercat-financer-andorra\/#breadcrumb\",\"itemListElement\":[{\"@type\":\"ListItem\",\"position\":1,\"name\":\"Inici\",\"item\":\"https:\/\/www.andorra-advisors.com\/ca\/\"},{\"@type\":\"ListItem\",\"position\":2,\"name\":\"El mercat financer Andorr\u00e0 i les seves noves necessitats\"}]},{\"@type\":\"WebSite\",\"@id\":\"https:\/\/www.andorra-advisors.com\/ca\/#website\",\"url\":\"https:\/\/www.andorra-advisors.com\/ca\/\",\"name\":\"Andorra Advisors\",\"description\":\"\",\"potentialAction\":[{\"@type\":\"SearchAction\",\"target\":{\"@type\":\"EntryPoint\",\"urlTemplate\":\"https:\/\/www.andorra-advisors.com\/ca\/?s={search_term_string}\"},\"query-input\":{\"@type\":\"PropertyValueSpecification\",\"valueRequired\":true,\"valueName\":\"search_term_string\"}}],\"inLanguage\":\"ca\"},{\"@type\":\"Person\",\"@id\":\"https:\/\/www.andorra-advisors.com\/ca\/#\/schema\/person\/de736d5ace974a427a41d6034f082942\",\"name\":\"Cristina L\u00f3pez Morales\",\"image\":{\"@type\":\"ImageObject\",\"inLanguage\":\"ca\",\"@id\":\"https:\/\/www.andorra-advisors.com\/ca\/#\/schema\/person\/image\/\",\"url\":\"https:\/\/secure.gravatar.com\/avatar\/fedd1bd1f5793d622244afd8f03c6ec9?s=96&d=mm&r=g\",\"contentUrl\":\"https:\/\/secure.gravatar.com\/avatar\/fedd1bd1f5793d622244afd8f03c6ec9?s=96&d=mm&r=g\",\"caption\":\"Cristina L\u00f3pez Morales\"},\"description\":\"Llicenciada en Administraci\u00f3 i Direcci\u00f3 d'empreses. Passi\u00f3 per les finances i per la comunicaci\u00f3. Aprenent i formant-me en el m\u00f3n de l'empresa di\u00e0riament. Col\u00b7laboro amb Andorra Advisors en la creaci\u00f3 de continguts relacionats amb la creaci\u00f3 d'empreses i fiscalitat a Andorra.\",\"sameAs\":[\"admin\"],\"url\":\"https:\/\/www.andorra-advisors.com\/ca\/author\/cristina-lopez\/\"}]}<\/script>\n<!-- \/ Yoast SEO plugin. -->","yoast_head_json":{"title":"El mercat financer Andorr\u00e0 i les seves noves necessitats","description":"Hi ha molta competitivitat per les noves normatives fiscals, igual que per l'alliberament de la inversi\u00f3 exterior en diversos sectors.","robots":{"index":"index","follow":"follow","max-snippet":"max-snippet:-1","max-image-preview":"max-image-preview:large","max-video-preview":"max-video-preview:-1"},"canonical":"https:\/\/www.andorra-advisors.com\/ca\/blog\/mercat-financer-andorra\/","og_locale":"ca_ES","og_type":"article","og_title":"El mercat financer Andorr\u00e0 i les seves noves necessitats","og_description":"Hi ha molta competitivitat per les noves normatives fiscals, igual que per l'alliberament de la inversi\u00f3 exterior en diversos sectors.","og_url":"https:\/\/www.andorra-advisors.com\/ca\/blog\/mercat-financer-andorra\/","og_site_name":"Andorra Advisors","article_published_time":"2019-03-26T12:55:54+00:00","og_image":[{"width":576,"height":407,"url":"https:\/\/www.andorra-advisors.com\/ca\/wp-content\/uploads\/2019\/03\/5-mercado-financiero.jpg","type":"image\/jpeg"}],"author":"Cristina L\u00f3pez Morales","twitter_card":"summary_large_image","twitter_misc":{"Escrit per":"Cristina L\u00f3pez Morales","Temps estimat de lectura":"2 minuts"},"schema":{"@context":"https:\/\/schema.org","@graph":[{"@type":"WebPage","@id":"https:\/\/www.andorra-advisors.com\/ca\/blog\/mercat-financer-andorra\/","url":"https:\/\/www.andorra-advisors.com\/ca\/blog\/mercat-financer-andorra\/","name":"El mercat financer Andorr\u00e0 i les seves noves necessitats","isPartOf":{"@id":"https:\/\/www.andorra-advisors.com\/ca\/#website"},"primaryImageOfPage":{"@id":"https:\/\/www.andorra-advisors.com\/ca\/blog\/mercat-financer-andorra\/#primaryimage"},"image":{"@id":"https:\/\/www.andorra-advisors.com\/ca\/blog\/mercat-financer-andorra\/#primaryimage"},"thumbnailUrl":"https:\/\/www.andorra-advisors.com\/ca\/wp-content\/uploads\/2019\/03\/5-mercado-financiero.jpg","datePublished":"2019-03-26T12:55:54+00:00","author":{"@id":"https:\/\/www.andorra-advisors.com\/ca\/#\/schema\/person\/de736d5ace974a427a41d6034f082942"},"description":"Hi ha molta competitivitat per les noves normatives fiscals, igual que per l'alliberament de la inversi\u00f3 exterior en diversos sectors.","breadcrumb":{"@id":"https:\/\/www.andorra-advisors.com\/ca\/blog\/mercat-financer-andorra\/#breadcrumb"},"inLanguage":"ca","potentialAction":[{"@type":"ReadAction","target":["https:\/\/www.andorra-advisors.com\/ca\/blog\/mercat-financer-andorra\/"]}]},{"@type":"ImageObject","inLanguage":"ca","@id":"https:\/\/www.andorra-advisors.com\/ca\/blog\/mercat-financer-andorra\/#primaryimage","url":"https:\/\/www.andorra-advisors.com\/ca\/wp-content\/uploads\/2019\/03\/5-mercado-financiero.jpg","contentUrl":"https:\/\/www.andorra-advisors.com\/ca\/wp-content\/uploads\/2019\/03\/5-mercado-financiero.jpg","width":576,"height":407,"caption":"mercado financiero andorra"},{"@type":"BreadcrumbList","@id":"https:\/\/www.andorra-advisors.com\/ca\/blog\/mercat-financer-andorra\/#breadcrumb","itemListElement":[{"@type":"ListItem","position":1,"name":"Inici","item":"https:\/\/www.andorra-advisors.com\/ca\/"},{"@type":"ListItem","position":2,"name":"El mercat financer Andorr\u00e0 i les seves noves necessitats"}]},{"@type":"WebSite","@id":"https:\/\/www.andorra-advisors.com\/ca\/#website","url":"https:\/\/www.andorra-advisors.com\/ca\/","name":"Andorra Advisors","description":"","potentialAction":[{"@type":"SearchAction","target":{"@type":"EntryPoint","urlTemplate":"https:\/\/www.andorra-advisors.com\/ca\/?s={search_term_string}"},"query-input":{"@type":"PropertyValueSpecification","valueRequired":true,"valueName":"search_term_string"}}],"inLanguage":"ca"},{"@type":"Person","@id":"https:\/\/www.andorra-advisors.com\/ca\/#\/schema\/person\/de736d5ace974a427a41d6034f082942","name":"Cristina L\u00f3pez Morales","image":{"@type":"ImageObject","inLanguage":"ca","@id":"https:\/\/www.andorra-advisors.com\/ca\/#\/schema\/person\/image\/","url":"https:\/\/secure.gravatar.com\/avatar\/fedd1bd1f5793d622244afd8f03c6ec9?s=96&d=mm&r=g","contentUrl":"https:\/\/secure.gravatar.com\/avatar\/fedd1bd1f5793d622244afd8f03c6ec9?s=96&d=mm&r=g","caption":"Cristina L\u00f3pez Morales"},"description":"Llicenciada en Administraci\u00f3 i Direcci\u00f3 d'empreses. Passi\u00f3 per les finances i per la comunicaci\u00f3. Aprenent i formant-me en el m\u00f3n de l'empresa di\u00e0riament. Col\u00b7laboro amb Andorra Advisors en la creaci\u00f3 de continguts relacionats amb la creaci\u00f3 d'empreses i fiscalitat a Andorra.","sameAs":["admin"],"url":"https:\/\/www.andorra-advisors.com\/ca\/author\/cristina-lopez\/"}]}},"_links":{"self":[{"href":"https:\/\/www.andorra-advisors.com\/ca\/wp-json\/wp\/v2\/posts\/974","targetHints":{"allow":["GET"]}}],"collection":[{"href":"https:\/\/www.andorra-advisors.com\/ca\/wp-json\/wp\/v2\/posts"}],"about":[{"href":"https:\/\/www.andorra-advisors.com\/ca\/wp-json\/wp\/v2\/types\/post"}],"author":[{"embeddable":true,"href":"https:\/\/www.andorra-advisors.com\/ca\/wp-json\/wp\/v2\/users\/1"}],"replies":[{"embeddable":true,"href":"https:\/\/www.andorra-advisors.com\/ca\/wp-json\/wp\/v2\/comments?post=974"}],"version-history":[{"count":0,"href":"https:\/\/www.andorra-advisors.com\/ca\/wp-json\/wp\/v2\/posts\/974\/revisions"}],"wp:featuredmedia":[{"embeddable":true,"href":"https:\/\/www.andorra-advisors.com\/ca\/wp-json\/wp\/v2\/media\/964"}],"wp:attachment":[{"href":"https:\/\/www.andorra-advisors.com\/ca\/wp-json\/wp\/v2\/media?parent=974"}],"wp:term":[{"taxonomy":"category","embeddable":true,"href":"https:\/\/www.andorra-advisors.com\/ca\/wp-json\/wp\/v2\/categories?post=974"},{"taxonomy":"post_tag","embeddable":true,"href":"https:\/\/www.andorra-advisors.com\/ca\/wp-json\/wp\/v2\/tags?post=974"}],"curies":[{"name":"wp","href":"https:\/\/api.w.org\/{rel}","templated":true}]}}