{"id":977,"date":"2019-03-26T13:04:35","date_gmt":"2019-03-26T13:04:35","guid":{"rendered":"https:\/\/www.andorra-advisors.com\/ca\/?p=977"},"modified":"2019-03-26T13:04:35","modified_gmt":"2019-03-26T13:04:35","slug":"reforma-treballadors-autonoms-andorra","status":"publish","type":"post","link":"https:\/\/www.andorra-advisors.com\/ca\/blog\/reforma-treballadors-autonoms-andorra\/","title":{"rendered":"Aprovada reforma perqu\u00e8 treballadors aut\u00f2noms cotitzin segons els seus ingressos"},"content":{"rendered":"<p style=\"text-align: justify;\">A partir de l&#8217;entrada en vig\u00e8ncia de les noves modificacions realitzades a la Llei de la Caixa Andorrana de la Seguretat Social (CASS),\u00a0<strong>els treballadors aut\u00f2noms podran cotitzar en funci\u00f3 dels seus ingressos<\/strong>.\u00a0Tot aix\u00f2 \u00e9s possible gr\u00e0cies a l&#8217;aprovaci\u00f3 per part del Consell General sobre les reformes de cotitzacions dels aut\u00f2noms.<\/p>\n<p style=\"text-align: justify;\">El projecte de llei va comptar amb gaireb\u00e9 tots els vots favorables a l&#8217;hemicicle on es va presentar.\u00a0No obstant aix\u00f2,\u00a0<strong>el conseller V\u00edctor Naudi hauria votat en contra de la proposta<\/strong>.\u00a0Tot i aix\u00f2, la reforma va obtenir el suport necessari, de manera que uns 6.500 aut\u00f2noms cotitzaran en funci\u00f3 dels seus ingressos tenint en compte, en primer lloc, l&#8217;obtingut per la seva activitat, i en segon lloc la xifra de negoci d&#8217;aquesta.<\/p>\n<h2 style=\"text-align: justify;\">El projecte de llei permetr\u00e0 que hi hagi ara set trams de cotitzaci\u00f3<\/h2>\n<p style=\"text-align: justify;\">D&#8217;acord al projecte de llei presentat, des del moment de la seva vig\u00e8ncia i amb la modificaci\u00f3,\u00a0<strong>existiran set trams en el r\u00e8gim de cotitzaci\u00f3: el 25%, el 50%, el 75% i el 100%, i ara tamb\u00e9 el 62, 5%, el 125% i el 137,50%.\u00a0<\/strong>D&#8217;altra banda, segons va explicar el ministre d&#8217;Afers Socials, Xavier Espot, es crea un r\u00e8gim per a aquelles persones emprenedores menors a 35 anys, els quals poden cotitzar 60 \u20ac mensuals durant 2 anys.<\/p>\n<p style=\"text-align: justify;\">Val a dir, que el nou tram de el 62,5% tindr\u00e0 impacte sobre els aut\u00f2noms amb una renda anual s&#8217;estimi entre els 12.000 \u20ac i 18.000 \u20ac.\u00a0<strong>Per descomptat, s&#8217;han de respectar els marges de negoci establerts.\u00a0D&#8217;altra banda, els trams que representen el 125 i 137,5%,<\/strong>\u00a0veuran increments de la cotitzaci\u00f3 si posseeixen rendes superiors als 40.000 \u20ac i 50.000 \u20ac.\u00a0Igualment, s&#8217;aplicar\u00e0 per als que meriten xifres de negoci majors als establerts en els marges.<\/p>\n<p style=\"text-align: justify;\">Es tracta d&#8217;una &#8221;\u00a0<strong>reivindicaci\u00f3 hist\u00f2rica<\/strong>\u00a0&#8221; que es basa en &#8221;\u00a0<strong>els criteris de sostenibilitat del sistema de seguretat social<\/strong>\u00a0&#8221; d&#8217;acord a les declaracions del ministre Espot.\u00a0Tot i aix\u00f2, el conseller V\u00edctor Naudi va considerar com &#8220;proposta pesada&#8221; la reforma de llei.<\/p>\n<p style=\"text-align: justify;\">Tot i que aquesta reforma no resol els problemes pels quals travessen els aut\u00f2noms,\u00a0<strong>es tracta d&#8217;un bon avan\u00e7 en un moment adequat<\/strong>.\u00a0A m\u00e9s, aix\u00f2 permetr\u00e0 reduir el d\u00e8ficit legislatiu, segons va explicar el president del grup liberal, Jordi Gallardo.\u00a0Finalment, aquesta reforma preveu nous drets per als aut\u00f2noms, sobretot en situacions d&#8217;invalidesa per accidents no laborals.<\/p>\n","protected":false},"excerpt":{"rendered":"<p>A partir de l&#8217;entrada en vig\u00e8ncia de les noves modificacions realitzades a la Llei de la Caixa Andorrana de la Seguretat Social (CASS),\u00a0els treballadors aut\u00f2noms podran cotitzar en funci\u00f3 dels seus ingressos.\u00a0Tot aix\u00f2 \u00e9s possible gr\u00e0cies a l&#8217;aprovaci\u00f3 per part del Consell General sobre les reformes de cotitzacions dels aut\u00f2noms. El projecte de llei va [&hellip;]<\/p>\n","protected":false},"author":1,"featured_media":957,"comment_status":"open","ping_status":"open","sticky":false,"template":"","format":"standard","meta":{"_acf_changed":false,"footnotes":""},"categories":[53],"tags":[4,51,18,52,54,55,56,57,58],"class_list":["post-977","post","type-post","status-publish","format-standard","has-post-thumbnail","hentry","category-marca-andorra","tag-andorra","tag-ciutadans","tag-empreses","tag-equilibri","tag-naturalesa","tag-pib","tag-politiques","tag-sostenible","tag-turisme"],"acf":[],"yoast_head":"<!-- This site is optimized with the Yoast SEO plugin v24.6 - https:\/\/yoast.com\/wordpress\/plugins\/seo\/ -->\n<title>Aprovada reforma perqu\u00e8 treballadors aut\u00f2noms cotitzin segons els seus ingressos<\/title>\n<meta name=\"description\" content=\"6.500 Aut\u00f2noms cotitzaran en Funci\u00f3 dels Seus Ingressos tenint en compte Quant l&#039;Obtingut per su activitat, i la Xifra de Negoci d&#039;aquesta.\" \/>\n<meta name=\"robots\" content=\"index, follow, max-snippet:-1, max-image-preview:large, max-video-preview:-1\" \/>\n<link rel=\"canonical\" href=\"https:\/\/www.andorra-advisors.com\/ca\/blog\/reforma-treballadors-autonoms-andorra\/\" \/>\n<meta property=\"og:locale\" content=\"ca_ES\" \/>\n<meta property=\"og:type\" content=\"article\" \/>\n<meta property=\"og:title\" content=\"Aprovada reforma perqu\u00e8 treballadors aut\u00f2noms cotitzin segons els seus ingressos\" \/>\n<meta property=\"og:description\" content=\"6.500 Aut\u00f2noms cotitzaran en Funci\u00f3 dels Seus Ingressos tenint en compte Quant l&#039;Obtingut per su activitat, i la Xifra de Negoci d&#039;aquesta.\" \/>\n<meta property=\"og:url\" content=\"https:\/\/www.andorra-advisors.com\/ca\/blog\/reforma-treballadors-autonoms-andorra\/\" \/>\n<meta property=\"og:site_name\" content=\"Andorra Advisors\" \/>\n<meta property=\"article:published_time\" content=\"2019-03-26T13:04:35+00:00\" \/>\n<meta property=\"og:image\" content=\"https:\/\/www.andorra-advisors.com\/ca\/wp-content\/uploads\/2019\/03\/6-autonomo-cotizar.jpg\" \/>\n\t<meta property=\"og:image:width\" content=\"548\" \/>\n\t<meta property=\"og:image:height\" content=\"399\" \/>\n\t<meta property=\"og:image:type\" content=\"image\/jpeg\" \/>\n<meta name=\"author\" content=\"Cristina L\u00f3pez Morales\" \/>\n<meta name=\"twitter:card\" content=\"summary_large_image\" \/>\n<meta name=\"twitter:label1\" content=\"Escrit per\" \/>\n\t<meta name=\"twitter:data1\" content=\"Cristina L\u00f3pez Morales\" \/>\n\t<meta name=\"twitter:label2\" content=\"Temps estimat de lectura\" \/>\n\t<meta name=\"twitter:data2\" content=\"2 minuts\" \/>\n<script type=\"application\/ld+json\" class=\"yoast-schema-graph\">{\"@context\":\"https:\/\/schema.org\",\"@graph\":[{\"@type\":\"WebPage\",\"@id\":\"https:\/\/www.andorra-advisors.com\/ca\/blog\/reforma-treballadors-autonoms-andorra\/\",\"url\":\"https:\/\/www.andorra-advisors.com\/ca\/blog\/reforma-treballadors-autonoms-andorra\/\",\"name\":\"Aprovada reforma perqu\u00e8 treballadors aut\u00f2noms cotitzin segons els seus ingressos\",\"isPartOf\":{\"@id\":\"https:\/\/www.andorra-advisors.com\/ca\/#website\"},\"primaryImageOfPage\":{\"@id\":\"https:\/\/www.andorra-advisors.com\/ca\/blog\/reforma-treballadors-autonoms-andorra\/#primaryimage\"},\"image\":{\"@id\":\"https:\/\/www.andorra-advisors.com\/ca\/blog\/reforma-treballadors-autonoms-andorra\/#primaryimage\"},\"thumbnailUrl\":\"https:\/\/www.andorra-advisors.com\/ca\/wp-content\/uploads\/2019\/03\/6-autonomo-cotizar.jpg\",\"datePublished\":\"2019-03-26T13:04:35+00:00\",\"author\":{\"@id\":\"https:\/\/www.andorra-advisors.com\/ca\/#\/schema\/person\/de736d5ace974a427a41d6034f082942\"},\"description\":\"6.500 Aut\u00f2noms cotitzaran en Funci\u00f3 dels Seus Ingressos tenint en compte Quant l'Obtingut per su activitat, i la Xifra de Negoci d'aquesta.\",\"breadcrumb\":{\"@id\":\"https:\/\/www.andorra-advisors.com\/ca\/blog\/reforma-treballadors-autonoms-andorra\/#breadcrumb\"},\"inLanguage\":\"ca\",\"potentialAction\":[{\"@type\":\"ReadAction\",\"target\":[\"https:\/\/www.andorra-advisors.com\/ca\/blog\/reforma-treballadors-autonoms-andorra\/\"]}]},{\"@type\":\"ImageObject\",\"inLanguage\":\"ca\",\"@id\":\"https:\/\/www.andorra-advisors.com\/ca\/blog\/reforma-treballadors-autonoms-andorra\/#primaryimage\",\"url\":\"https:\/\/www.andorra-advisors.com\/ca\/wp-content\/uploads\/2019\/03\/6-autonomo-cotizar.jpg\",\"contentUrl\":\"https:\/\/www.andorra-advisors.com\/ca\/wp-content\/uploads\/2019\/03\/6-autonomo-cotizar.jpg\",\"width\":548,\"height\":399,\"caption\":\"andorra autonomos cotizar ingresos\"},{\"@type\":\"BreadcrumbList\",\"@id\":\"https:\/\/www.andorra-advisors.com\/ca\/blog\/reforma-treballadors-autonoms-andorra\/#breadcrumb\",\"itemListElement\":[{\"@type\":\"ListItem\",\"position\":1,\"name\":\"Inici\",\"item\":\"https:\/\/www.andorra-advisors.com\/ca\/\"},{\"@type\":\"ListItem\",\"position\":2,\"name\":\"Aprovada reforma perqu\u00e8 treballadors aut\u00f2noms cotitzin segons els seus ingressos\"}]},{\"@type\":\"WebSite\",\"@id\":\"https:\/\/www.andorra-advisors.com\/ca\/#website\",\"url\":\"https:\/\/www.andorra-advisors.com\/ca\/\",\"name\":\"Andorra Advisors\",\"description\":\"\",\"potentialAction\":[{\"@type\":\"SearchAction\",\"target\":{\"@type\":\"EntryPoint\",\"urlTemplate\":\"https:\/\/www.andorra-advisors.com\/ca\/?s={search_term_string}\"},\"query-input\":{\"@type\":\"PropertyValueSpecification\",\"valueRequired\":true,\"valueName\":\"search_term_string\"}}],\"inLanguage\":\"ca\"},{\"@type\":\"Person\",\"@id\":\"https:\/\/www.andorra-advisors.com\/ca\/#\/schema\/person\/de736d5ace974a427a41d6034f082942\",\"name\":\"Cristina L\u00f3pez Morales\",\"image\":{\"@type\":\"ImageObject\",\"inLanguage\":\"ca\",\"@id\":\"https:\/\/www.andorra-advisors.com\/ca\/#\/schema\/person\/image\/\",\"url\":\"https:\/\/secure.gravatar.com\/avatar\/fedd1bd1f5793d622244afd8f03c6ec9?s=96&d=mm&r=g\",\"contentUrl\":\"https:\/\/secure.gravatar.com\/avatar\/fedd1bd1f5793d622244afd8f03c6ec9?s=96&d=mm&r=g\",\"caption\":\"Cristina L\u00f3pez Morales\"},\"description\":\"Llicenciada en Administraci\u00f3 i Direcci\u00f3 d'empreses. Passi\u00f3 per les finances i per la comunicaci\u00f3. Aprenent i formant-me en el m\u00f3n de l'empresa di\u00e0riament. Col\u00b7laboro amb Andorra Advisors en la creaci\u00f3 de continguts relacionats amb la creaci\u00f3 d'empreses i fiscalitat a Andorra.\",\"sameAs\":[\"admin\"],\"url\":\"https:\/\/www.andorra-advisors.com\/ca\/author\/cristina-lopez\/\"}]}<\/script>\n<!-- \/ Yoast SEO plugin. -->","yoast_head_json":{"title":"Aprovada reforma perqu\u00e8 treballadors aut\u00f2noms cotitzin segons els seus ingressos","description":"6.500 Aut\u00f2noms cotitzaran en Funci\u00f3 dels Seus Ingressos tenint en compte Quant l'Obtingut per su activitat, i la Xifra de Negoci d'aquesta.","robots":{"index":"index","follow":"follow","max-snippet":"max-snippet:-1","max-image-preview":"max-image-preview:large","max-video-preview":"max-video-preview:-1"},"canonical":"https:\/\/www.andorra-advisors.com\/ca\/blog\/reforma-treballadors-autonoms-andorra\/","og_locale":"ca_ES","og_type":"article","og_title":"Aprovada reforma perqu\u00e8 treballadors aut\u00f2noms cotitzin segons els seus ingressos","og_description":"6.500 Aut\u00f2noms cotitzaran en Funci\u00f3 dels Seus Ingressos tenint en compte Quant l'Obtingut per su activitat, i la Xifra de Negoci d'aquesta.","og_url":"https:\/\/www.andorra-advisors.com\/ca\/blog\/reforma-treballadors-autonoms-andorra\/","og_site_name":"Andorra Advisors","article_published_time":"2019-03-26T13:04:35+00:00","og_image":[{"width":548,"height":399,"url":"https:\/\/www.andorra-advisors.com\/ca\/wp-content\/uploads\/2019\/03\/6-autonomo-cotizar.jpg","type":"image\/jpeg"}],"author":"Cristina L\u00f3pez Morales","twitter_card":"summary_large_image","twitter_misc":{"Escrit per":"Cristina L\u00f3pez Morales","Temps estimat de lectura":"2 minuts"},"schema":{"@context":"https:\/\/schema.org","@graph":[{"@type":"WebPage","@id":"https:\/\/www.andorra-advisors.com\/ca\/blog\/reforma-treballadors-autonoms-andorra\/","url":"https:\/\/www.andorra-advisors.com\/ca\/blog\/reforma-treballadors-autonoms-andorra\/","name":"Aprovada reforma perqu\u00e8 treballadors aut\u00f2noms cotitzin segons els seus ingressos","isPartOf":{"@id":"https:\/\/www.andorra-advisors.com\/ca\/#website"},"primaryImageOfPage":{"@id":"https:\/\/www.andorra-advisors.com\/ca\/blog\/reforma-treballadors-autonoms-andorra\/#primaryimage"},"image":{"@id":"https:\/\/www.andorra-advisors.com\/ca\/blog\/reforma-treballadors-autonoms-andorra\/#primaryimage"},"thumbnailUrl":"https:\/\/www.andorra-advisors.com\/ca\/wp-content\/uploads\/2019\/03\/6-autonomo-cotizar.jpg","datePublished":"2019-03-26T13:04:35+00:00","author":{"@id":"https:\/\/www.andorra-advisors.com\/ca\/#\/schema\/person\/de736d5ace974a427a41d6034f082942"},"description":"6.500 Aut\u00f2noms cotitzaran en Funci\u00f3 dels Seus Ingressos tenint en compte Quant l'Obtingut per su activitat, i la Xifra de Negoci d'aquesta.","breadcrumb":{"@id":"https:\/\/www.andorra-advisors.com\/ca\/blog\/reforma-treballadors-autonoms-andorra\/#breadcrumb"},"inLanguage":"ca","potentialAction":[{"@type":"ReadAction","target":["https:\/\/www.andorra-advisors.com\/ca\/blog\/reforma-treballadors-autonoms-andorra\/"]}]},{"@type":"ImageObject","inLanguage":"ca","@id":"https:\/\/www.andorra-advisors.com\/ca\/blog\/reforma-treballadors-autonoms-andorra\/#primaryimage","url":"https:\/\/www.andorra-advisors.com\/ca\/wp-content\/uploads\/2019\/03\/6-autonomo-cotizar.jpg","contentUrl":"https:\/\/www.andorra-advisors.com\/ca\/wp-content\/uploads\/2019\/03\/6-autonomo-cotizar.jpg","width":548,"height":399,"caption":"andorra autonomos cotizar ingresos"},{"@type":"BreadcrumbList","@id":"https:\/\/www.andorra-advisors.com\/ca\/blog\/reforma-treballadors-autonoms-andorra\/#breadcrumb","itemListElement":[{"@type":"ListItem","position":1,"name":"Inici","item":"https:\/\/www.andorra-advisors.com\/ca\/"},{"@type":"ListItem","position":2,"name":"Aprovada reforma perqu\u00e8 treballadors aut\u00f2noms cotitzin segons els seus ingressos"}]},{"@type":"WebSite","@id":"https:\/\/www.andorra-advisors.com\/ca\/#website","url":"https:\/\/www.andorra-advisors.com\/ca\/","name":"Andorra Advisors","description":"","potentialAction":[{"@type":"SearchAction","target":{"@type":"EntryPoint","urlTemplate":"https:\/\/www.andorra-advisors.com\/ca\/?s={search_term_string}"},"query-input":{"@type":"PropertyValueSpecification","valueRequired":true,"valueName":"search_term_string"}}],"inLanguage":"ca"},{"@type":"Person","@id":"https:\/\/www.andorra-advisors.com\/ca\/#\/schema\/person\/de736d5ace974a427a41d6034f082942","name":"Cristina L\u00f3pez Morales","image":{"@type":"ImageObject","inLanguage":"ca","@id":"https:\/\/www.andorra-advisors.com\/ca\/#\/schema\/person\/image\/","url":"https:\/\/secure.gravatar.com\/avatar\/fedd1bd1f5793d622244afd8f03c6ec9?s=96&d=mm&r=g","contentUrl":"https:\/\/secure.gravatar.com\/avatar\/fedd1bd1f5793d622244afd8f03c6ec9?s=96&d=mm&r=g","caption":"Cristina L\u00f3pez Morales"},"description":"Llicenciada en Administraci\u00f3 i Direcci\u00f3 d'empreses. Passi\u00f3 per les finances i per la comunicaci\u00f3. Aprenent i formant-me en el m\u00f3n de l'empresa di\u00e0riament. Col\u00b7laboro amb Andorra Advisors en la creaci\u00f3 de continguts relacionats amb la creaci\u00f3 d'empreses i fiscalitat a Andorra.","sameAs":["admin"],"url":"https:\/\/www.andorra-advisors.com\/ca\/author\/cristina-lopez\/"}]}},"_links":{"self":[{"href":"https:\/\/www.andorra-advisors.com\/ca\/wp-json\/wp\/v2\/posts\/977","targetHints":{"allow":["GET"]}}],"collection":[{"href":"https:\/\/www.andorra-advisors.com\/ca\/wp-json\/wp\/v2\/posts"}],"about":[{"href":"https:\/\/www.andorra-advisors.com\/ca\/wp-json\/wp\/v2\/types\/post"}],"author":[{"embeddable":true,"href":"https:\/\/www.andorra-advisors.com\/ca\/wp-json\/wp\/v2\/users\/1"}],"replies":[{"embeddable":true,"href":"https:\/\/www.andorra-advisors.com\/ca\/wp-json\/wp\/v2\/comments?post=977"}],"version-history":[{"count":0,"href":"https:\/\/www.andorra-advisors.com\/ca\/wp-json\/wp\/v2\/posts\/977\/revisions"}],"wp:featuredmedia":[{"embeddable":true,"href":"https:\/\/www.andorra-advisors.com\/ca\/wp-json\/wp\/v2\/media\/957"}],"wp:attachment":[{"href":"https:\/\/www.andorra-advisors.com\/ca\/wp-json\/wp\/v2\/media?parent=977"}],"wp:term":[{"taxonomy":"category","embeddable":true,"href":"https:\/\/www.andorra-advisors.com\/ca\/wp-json\/wp\/v2\/categories?post=977"},{"taxonomy":"post_tag","embeddable":true,"href":"https:\/\/www.andorra-advisors.com\/ca\/wp-json\/wp\/v2\/tags?post=977"}],"curies":[{"name":"wp","href":"https:\/\/api.w.org\/{rel}","templated":true}]}}