{"id":1001,"date":"2019-06-26T10:58:02","date_gmt":"2019-06-26T10:58:02","guid":{"rendered":"https:\/\/www.andorra-advisors.com\/fr\/?p=1001"},"modified":"2021-02-01T09:19:54","modified_gmt":"2021-02-01T09:19:54","slug":"jover-nie-laccord-cadre","status":"publish","type":"post","link":"https:\/\/www.andorra-advisors.com\/fr\/blog\/jover-nie-laccord-cadre\/","title":{"rendered":"La ministre Jover nie que l&rsquo;Union europ\u00e9enne et l&rsquo;accord-cadre"},"content":{"rendered":"<p style=\"text-align: justify;\">Le porte-parole du ministre des Affaires \u00e9trang\u00e8res, Eric Jover, a ni\u00e9 lors de la premi\u00e8re conf\u00e9rence de presse apr\u00e8s le Conseil des ministres que l&rsquo;Union europ\u00e9enne avait mis sur la table le soi-disant \u00ab\u00a0accord-cadre\u00a0\u00bb dans lequel les principales lignes de n\u00e9gociation du contrat d&rsquo;association pourraient \u00eatre \u00e9tablies lignes rouges&nbsp;La Commission europ\u00e9enne a d\u00e9clar\u00e9 publiquement que le document serait sign\u00e9 au cours du mois de juin.&nbsp;Le gouvernement d&rsquo;Andorre a montr\u00e9 sa volont\u00e9 de \u00ab\u00a0poursuivre les n\u00e9gociations\u00a0\u00bb bien qu&rsquo;il n&rsquo;ait pas voulu marquer un calendrier.<\/p>\n<p style=\"text-align: justify;\">Les aveux de Jover suscitent la confusion concernant les messages que samedi dernier, a indiqu\u00e9 Xavier Espot, chef du gouvernement, qui a assur\u00e9 l\u2019existence du document.&nbsp;Espot avait propos\u00e9 de ne pas signer l&rsquo;accord si tous les points indiqu\u00e9s par la Principaut\u00e9 n&rsquo;\u00e9taient pas respect\u00e9s.<\/p>\n<p style=\"text-align: justify;\">Jover a clairement indiqu\u00e9 qu &lsquo;\u00a0\u00bbil n&rsquo;y a pas de document et nous n&rsquo;y avons pas eu acc\u00e8s\u00a0\u00bb.&nbsp;Le porte-parole a reconnu que la Commission europ\u00e9enne avait fait des d\u00e9clarations faisant r\u00e9f\u00e9rence \u00e0 l&rsquo;accord Marco, mais a d\u00e9clar\u00e9 que cette question n&rsquo;\u00e9tait pas \u00e0 l&rsquo;ordre du jour pour la prochaine s\u00e9rie de n\u00e9gociations qui se tiendra la semaine prochaine.<\/p>\n<p style=\"text-align: justify;\">\u00ab\u00a0Nous ne connaissons pas le cahier des charges du document et l&rsquo;intention derri\u00e8re ce document\u00a0\u00bb, a d\u00e9clar\u00e9 Jover, qui n&rsquo;a pas os\u00e9 dire s&rsquo;il s&rsquo;agissait simplement d&rsquo;un ensemble de crit\u00e8res d\u00e9j\u00e0 convenus ou devant montrer la fa\u00e7on de continuer \u00e0 partir de maintenant.&nbsp;\u00ab\u00a0Si le document nous parvient, le document sera \u00e9valu\u00e9 et nous verrons si cela nous convient ou si nous estimons qu&rsquo;il est appropri\u00e9 de le ratifier\u00a0\u00bb, a d\u00e9clar\u00e9 le ministre.<\/p>\n<p style=\"text-align: justify;\">Cependant, Jover a tenu \u00e0 pr\u00e9ciser que la volont\u00e9 de l&rsquo;ex\u00e9cutif de rester sur la voie propos\u00e9e en 2015 pour obtenir un bon accord d&rsquo;association, puisqu&rsquo;il s&rsquo;agit d&rsquo;une occasion importante pour la nation.&nbsp;Il a clairement indiqu\u00e9 que \u00ab\u00a0le nouveau gouvernement poursuivra ses n\u00e9gociations en tenant compte des qualit\u00e9s propres \u00e0 rechercher le meilleur ajustement du pays sur le march\u00e9 int\u00e9rieur\u00a0\u00bb.<\/p>\n<p style=\"text-align: justify;\">Ainsi, lors du premier conseil des ministres o\u00f9 Espot avait annonc\u00e9 qu&rsquo;il pr\u00e9senterait l&rsquo;accord d&rsquo;association, Landry Riba, secr\u00e9taire d&rsquo;\u00c9tat aux Affaires europ\u00e9ennes, a montr\u00e9 devant l&rsquo;ex\u00e9cutif les lignes d&rsquo;action et le positionnement de l&rsquo;Andorre aux c\u00f4t\u00e9s des n\u00e9gociateurs. Les Europ\u00e9ens et la documentation du prochain cycle de n\u00e9gociations estim\u00e9 pour la semaine du 3 juin, qui se concentrera sur la progression du cadre institutionnel.<\/p>\n<p style=\"text-align: justify;\">De m\u00eame, la structure de la d\u00e9l\u00e9gation de n\u00e9gociation qui sera d\u00e9velopp\u00e9e de mani\u00e8re permanente par Riba lui-m\u00eame a \u00e9t\u00e9 fa\u00e7onn\u00e9e par un acteur du co-prince fran\u00e7ais et un du co-prince \u00e9piscopal, par le repr\u00e9sentant d&rsquo;Andorre aupr\u00e8s de l&rsquo;Union europ\u00e9enne, Esther Rabasa, et par un technicien. Attach\u00e9 au secr\u00e9taire d&rsquo;\u00c9tat.<\/p>\n<p style=\"text-align: justify;\">Le reste de la commission compl\u00e8tera un conseiller du secr\u00e9taire d&rsquo;Etat charg\u00e9 des Affaires europ\u00e9ennes, en ce qui concerne les diff\u00e9rents minist\u00e8res sectoriels, un diplomate de l&rsquo;ambassade et, le cas \u00e9ch\u00e9ant, un conseiller choisi par chaque minist\u00e8re comp\u00e9tent.<\/p>\n<h2 style=\"text-align: justify;\">Appel\u00e9 l&rsquo;aide de 1,1 million d&rsquo;euros pour l&rsquo;\u00e9tude<\/h2>\n<p style=\"text-align: justify;\">La r\u00e9union minist\u00e9rielle a servi \u00e9galement d&rsquo;approuver l&rsquo;ouverture des d\u00e9crets d&rsquo;aides d&rsquo;enseignement sup\u00e9rieur pour l&rsquo;ann\u00e9e prochaine.&nbsp;Le gouvernement contribuera un total de 1.100.000 euros pour les bourses pour les \u00e9tudiants, o\u00f9 il n&rsquo;y a pas de modification des conditions requises pour l&rsquo;acc\u00e8s.&nbsp;Les \u00e9tudiants int\u00e9ress\u00e9s peuvent demander une aide \u00e0 l&rsquo;\u00e9tude du 30 mai au 28 Juin 2019.<\/p>\n<p style=\"text-align: justify;\">Une nouvelle ordonnance de quota g\u00e9n\u00e9ral a \u00e9galement \u00e9t\u00e9 approuv\u00e9e pour les autorisations de r\u00e9sidence et de travail ind\u00e9pendant accord\u00e9es aux immigrants, pour lesquelles 250 nouvelles autorisations au total ont \u00e9t\u00e9 observ\u00e9es.&nbsp;Sur ce total, 200 concernent les cas de r\u00e9sidence et de travail ind\u00e9pendant et 50 sont r\u00e9serv\u00e9s aux professionnels lib\u00e9raux.&nbsp;L&rsquo;ex\u00e9cutif a discut\u00e9 de cette nouvelle \u00e9mission de quotas car presque tous les permis pr\u00e9vus dans la derni\u00e8re demande ont \u00e9t\u00e9 \u00e9puis\u00e9s, ce qu&rsquo;il approuve, et fait valoir la n\u00e9cessit\u00e9 de r\u00e9glementer ce nouveau type d&rsquo;autorisation li\u00e9 aux investissements \u00e9trangers.<\/p>\n","protected":false},"excerpt":{"rendered":"<p>Le porte-parole du ministre des Affaires \u00e9trang\u00e8res, Eric Jover, a ni\u00e9 lors de la premi\u00e8re conf\u00e9rence de presse apr\u00e8s le Conseil des ministres que l&rsquo;Union europ\u00e9enne avait mis sur la table le soi-disant \u00ab\u00a0accord-cadre\u00a0\u00bb dans lequel les principales lignes de n\u00e9gociation du contrat d&rsquo;association pourraient \u00eatre \u00e9tablies lignes rouges&nbsp;La Commission europ\u00e9enne a d\u00e9clar\u00e9 publiquement que [&hellip;]<\/p>\n","protected":false},"author":1,"featured_media":1003,"comment_status":"open","ping_status":"open","sticky":false,"template":"","format":"standard","meta":{"_acf_changed":false,"footnotes":""},"categories":[225],"tags":[221,148,149,222,223,224,166,226],"class_list":["post-1001","post","type-post","status-publish","format-standard","has-post-thumbnail","hentry","category-gouvernement","tag-accord","tag-andorre","tag-autonome","tag-bourses-detudes","tag-commission-europeenne","tag-etudes","tag-europe","tag-residence"],"acf":[],"yoast_head":"<!-- This site is optimized with the Yoast SEO plugin v24.6 - https:\/\/yoast.com\/wordpress\/plugins\/seo\/ -->\n<title>La ministre Jover nie que l&#039;Union europ\u00e9enne ait sign\u00e9 l&#039;accord Marco<\/title>\n<meta name=\"description\" content=\"Le porte-parole du gouvernement nie tout accord avec l&#039;Union europ\u00e9enne. Du gouvernement, ils pr\u00e9tendent travailler pour parvenir \u00e0 un accord.\" \/>\n<meta name=\"robots\" content=\"index, follow, max-snippet:-1, max-image-preview:large, max-video-preview:-1\" \/>\n<link rel=\"canonical\" href=\"https:\/\/www.andorra-advisors.com\/fr\/blog\/jover-nie-laccord-cadre\/\" \/>\n<meta property=\"og:locale\" content=\"fr_FR\" \/>\n<meta property=\"og:type\" content=\"article\" \/>\n<meta property=\"og:title\" content=\"La ministre Jover nie que l&#039;Union europ\u00e9enne ait sign\u00e9 l&#039;accord Marco\" \/>\n<meta property=\"og:description\" content=\"Le porte-parole du gouvernement nie tout accord avec l&#039;Union europ\u00e9enne. Du gouvernement, ils pr\u00e9tendent travailler pour parvenir \u00e0 un accord.\" \/>\n<meta property=\"og:url\" content=\"https:\/\/www.andorra-advisors.com\/fr\/blog\/jover-nie-laccord-cadre\/\" \/>\n<meta property=\"og:site_name\" content=\"Andorra Advisors\" \/>\n<meta property=\"article:published_time\" content=\"2019-06-26T10:58:02+00:00\" \/>\n<meta property=\"article:modified_time\" content=\"2021-02-01T09:19:54+00:00\" \/>\n<meta property=\"og:image\" content=\"https:\/\/www.andorra-advisors.com\/fr\/wp-content\/uploads\/2019\/06\/La-ministre-Jover-nie-que-lUnion-europ\u00e9enne-ait-laccord-cadre.jpg\" \/>\n\t<meta property=\"og:image:width\" content=\"614\" \/>\n\t<meta property=\"og:image:height\" content=\"393\" \/>\n\t<meta property=\"og:image:type\" content=\"image\/jpeg\" \/>\n<meta name=\"author\" content=\"Cristina L\u00f3pez Morales\" \/>\n<meta name=\"twitter:card\" content=\"summary_large_image\" \/>\n<meta name=\"twitter:label1\" content=\"\u00c9crit par\" \/>\n\t<meta name=\"twitter:data1\" content=\"Cristina L\u00f3pez Morales\" \/>\n\t<meta name=\"twitter:label2\" content=\"Dur\u00e9e de lecture estim\u00e9e\" \/>\n\t<meta name=\"twitter:data2\" content=\"4 minutes\" \/>\n<script type=\"application\/ld+json\" class=\"yoast-schema-graph\">{\"@context\":\"https:\/\/schema.org\",\"@graph\":[{\"@type\":\"WebPage\",\"@id\":\"https:\/\/www.andorra-advisors.com\/fr\/blog\/jover-nie-laccord-cadre\/\",\"url\":\"https:\/\/www.andorra-advisors.com\/fr\/blog\/jover-nie-laccord-cadre\/\",\"name\":\"La ministre Jover nie que l'Union europ\u00e9enne ait sign\u00e9 l'accord Marco\",\"isPartOf\":{\"@id\":\"https:\/\/www.andorra-advisors.com\/fr\/#website\"},\"primaryImageOfPage\":{\"@id\":\"https:\/\/www.andorra-advisors.com\/fr\/blog\/jover-nie-laccord-cadre\/#primaryimage\"},\"image\":{\"@id\":\"https:\/\/www.andorra-advisors.com\/fr\/blog\/jover-nie-laccord-cadre\/#primaryimage\"},\"thumbnailUrl\":\"https:\/\/www.andorra-advisors.com\/fr\/wp-content\/uploads\/2019\/06\/La-ministre-Jover-nie-que-lUnion-europ\u00e9enne-ait-laccord-cadre.jpg\",\"datePublished\":\"2019-06-26T10:58:02+00:00\",\"dateModified\":\"2021-02-01T09:19:54+00:00\",\"author\":{\"@id\":\"https:\/\/www.andorra-advisors.com\/fr\/#\/schema\/person\/de736d5ace974a427a41d6034f082942\"},\"description\":\"Le porte-parole du gouvernement nie tout accord avec l'Union europ\u00e9enne. Du gouvernement, ils pr\u00e9tendent travailler pour parvenir \u00e0 un accord.\",\"breadcrumb\":{\"@id\":\"https:\/\/www.andorra-advisors.com\/fr\/blog\/jover-nie-laccord-cadre\/#breadcrumb\"},\"inLanguage\":\"fr\",\"potentialAction\":[{\"@type\":\"ReadAction\",\"target\":[\"https:\/\/www.andorra-advisors.com\/fr\/blog\/jover-nie-laccord-cadre\/\"]}]},{\"@type\":\"ImageObject\",\"inLanguage\":\"fr-FR\",\"@id\":\"https:\/\/www.andorra-advisors.com\/fr\/blog\/jover-nie-laccord-cadre\/#primaryimage\",\"url\":\"https:\/\/www.andorra-advisors.com\/fr\/wp-content\/uploads\/2019\/06\/La-ministre-Jover-nie-que-lUnion-europ\u00e9enne-ait-laccord-cadre.jpg\",\"contentUrl\":\"https:\/\/www.andorra-advisors.com\/fr\/wp-content\/uploads\/2019\/06\/La-ministre-Jover-nie-que-lUnion-europ\u00e9enne-ait-laccord-cadre.jpg\",\"width\":614,\"height\":393,\"caption\":\"La ministre Jover nie que l'Union europ\u00e9enne ait l'accord-cadre\"},{\"@type\":\"BreadcrumbList\",\"@id\":\"https:\/\/www.andorra-advisors.com\/fr\/blog\/jover-nie-laccord-cadre\/#breadcrumb\",\"itemListElement\":[{\"@type\":\"ListItem\",\"position\":1,\"name\":\"Accueil\",\"item\":\"https:\/\/www.andorra-advisors.com\/fr\/\"},{\"@type\":\"ListItem\",\"position\":2,\"name\":\"La ministre Jover nie que l&rsquo;Union europ\u00e9enne et l&rsquo;accord-cadre\"}]},{\"@type\":\"WebSite\",\"@id\":\"https:\/\/www.andorra-advisors.com\/fr\/#website\",\"url\":\"https:\/\/www.andorra-advisors.com\/fr\/\",\"name\":\"Andorra Advisors\",\"description\":\"\",\"potentialAction\":[{\"@type\":\"SearchAction\",\"target\":{\"@type\":\"EntryPoint\",\"urlTemplate\":\"https:\/\/www.andorra-advisors.com\/fr\/?s={search_term_string}\"},\"query-input\":{\"@type\":\"PropertyValueSpecification\",\"valueRequired\":true,\"valueName\":\"search_term_string\"}}],\"inLanguage\":\"fr-FR\"},{\"@type\":\"Person\",\"@id\":\"https:\/\/www.andorra-advisors.com\/fr\/#\/schema\/person\/de736d5ace974a427a41d6034f082942\",\"name\":\"Cristina L\u00f3pez Morales\",\"image\":{\"@type\":\"ImageObject\",\"inLanguage\":\"fr-FR\",\"@id\":\"https:\/\/www.andorra-advisors.com\/fr\/#\/schema\/person\/image\/\",\"url\":\"https:\/\/secure.gravatar.com\/avatar\/fedd1bd1f5793d622244afd8f03c6ec9?s=96&d=mm&r=g\",\"contentUrl\":\"https:\/\/secure.gravatar.com\/avatar\/fedd1bd1f5793d622244afd8f03c6ec9?s=96&d=mm&r=g\",\"caption\":\"Cristina L\u00f3pez Morales\"},\"description\":\"Baccalaur\u00e9at en administration et gestion des entreprises. Passion pour la finance et la communication. Apprentissage et formation dans le monde des affaires au quotidien. Je collabore avec Andorra Advisors by Aug\u00e9 Grup dans la cr\u00e9ation de contenus li\u00e9s \u00e0 la cr\u00e9ation d'entreprise et \u00e0 la fiscalit\u00e9 en Andorre.\",\"sameAs\":[\"admin\"],\"url\":\"https:\/\/www.andorra-advisors.com\/fr\/author\/cristina-lopez\/\"}]}<\/script>\n<!-- \/ Yoast SEO plugin. -->","yoast_head_json":{"title":"La ministre Jover nie que l'Union europ\u00e9enne ait sign\u00e9 l'accord Marco","description":"Le porte-parole du gouvernement nie tout accord avec l'Union europ\u00e9enne. Du gouvernement, ils pr\u00e9tendent travailler pour parvenir \u00e0 un accord.","robots":{"index":"index","follow":"follow","max-snippet":"max-snippet:-1","max-image-preview":"max-image-preview:large","max-video-preview":"max-video-preview:-1"},"canonical":"https:\/\/www.andorra-advisors.com\/fr\/blog\/jover-nie-laccord-cadre\/","og_locale":"fr_FR","og_type":"article","og_title":"La ministre Jover nie que l'Union europ\u00e9enne ait sign\u00e9 l'accord Marco","og_description":"Le porte-parole du gouvernement nie tout accord avec l'Union europ\u00e9enne. Du gouvernement, ils pr\u00e9tendent travailler pour parvenir \u00e0 un accord.","og_url":"https:\/\/www.andorra-advisors.com\/fr\/blog\/jover-nie-laccord-cadre\/","og_site_name":"Andorra Advisors","article_published_time":"2019-06-26T10:58:02+00:00","article_modified_time":"2021-02-01T09:19:54+00:00","og_image":[{"width":614,"height":393,"url":"https:\/\/www.andorra-advisors.com\/fr\/wp-content\/uploads\/2019\/06\/La-ministre-Jover-nie-que-lUnion-europ\u00e9enne-ait-laccord-cadre.jpg","type":"image\/jpeg"}],"author":"Cristina L\u00f3pez Morales","twitter_card":"summary_large_image","twitter_misc":{"\u00c9crit par":"Cristina L\u00f3pez Morales","Dur\u00e9e de lecture estim\u00e9e":"4 minutes"},"schema":{"@context":"https:\/\/schema.org","@graph":[{"@type":"WebPage","@id":"https:\/\/www.andorra-advisors.com\/fr\/blog\/jover-nie-laccord-cadre\/","url":"https:\/\/www.andorra-advisors.com\/fr\/blog\/jover-nie-laccord-cadre\/","name":"La ministre Jover nie que l'Union europ\u00e9enne ait sign\u00e9 l'accord Marco","isPartOf":{"@id":"https:\/\/www.andorra-advisors.com\/fr\/#website"},"primaryImageOfPage":{"@id":"https:\/\/www.andorra-advisors.com\/fr\/blog\/jover-nie-laccord-cadre\/#primaryimage"},"image":{"@id":"https:\/\/www.andorra-advisors.com\/fr\/blog\/jover-nie-laccord-cadre\/#primaryimage"},"thumbnailUrl":"https:\/\/www.andorra-advisors.com\/fr\/wp-content\/uploads\/2019\/06\/La-ministre-Jover-nie-que-lUnion-europ\u00e9enne-ait-laccord-cadre.jpg","datePublished":"2019-06-26T10:58:02+00:00","dateModified":"2021-02-01T09:19:54+00:00","author":{"@id":"https:\/\/www.andorra-advisors.com\/fr\/#\/schema\/person\/de736d5ace974a427a41d6034f082942"},"description":"Le porte-parole du gouvernement nie tout accord avec l'Union europ\u00e9enne. Du gouvernement, ils pr\u00e9tendent travailler pour parvenir \u00e0 un accord.","breadcrumb":{"@id":"https:\/\/www.andorra-advisors.com\/fr\/blog\/jover-nie-laccord-cadre\/#breadcrumb"},"inLanguage":"fr","potentialAction":[{"@type":"ReadAction","target":["https:\/\/www.andorra-advisors.com\/fr\/blog\/jover-nie-laccord-cadre\/"]}]},{"@type":"ImageObject","inLanguage":"fr-FR","@id":"https:\/\/www.andorra-advisors.com\/fr\/blog\/jover-nie-laccord-cadre\/#primaryimage","url":"https:\/\/www.andorra-advisors.com\/fr\/wp-content\/uploads\/2019\/06\/La-ministre-Jover-nie-que-lUnion-europ\u00e9enne-ait-laccord-cadre.jpg","contentUrl":"https:\/\/www.andorra-advisors.com\/fr\/wp-content\/uploads\/2019\/06\/La-ministre-Jover-nie-que-lUnion-europ\u00e9enne-ait-laccord-cadre.jpg","width":614,"height":393,"caption":"La ministre Jover nie que l'Union europ\u00e9enne ait l'accord-cadre"},{"@type":"BreadcrumbList","@id":"https:\/\/www.andorra-advisors.com\/fr\/blog\/jover-nie-laccord-cadre\/#breadcrumb","itemListElement":[{"@type":"ListItem","position":1,"name":"Accueil","item":"https:\/\/www.andorra-advisors.com\/fr\/"},{"@type":"ListItem","position":2,"name":"La ministre Jover nie que l&rsquo;Union europ\u00e9enne et l&rsquo;accord-cadre"}]},{"@type":"WebSite","@id":"https:\/\/www.andorra-advisors.com\/fr\/#website","url":"https:\/\/www.andorra-advisors.com\/fr\/","name":"Andorra Advisors","description":"","potentialAction":[{"@type":"SearchAction","target":{"@type":"EntryPoint","urlTemplate":"https:\/\/www.andorra-advisors.com\/fr\/?s={search_term_string}"},"query-input":{"@type":"PropertyValueSpecification","valueRequired":true,"valueName":"search_term_string"}}],"inLanguage":"fr-FR"},{"@type":"Person","@id":"https:\/\/www.andorra-advisors.com\/fr\/#\/schema\/person\/de736d5ace974a427a41d6034f082942","name":"Cristina L\u00f3pez Morales","image":{"@type":"ImageObject","inLanguage":"fr-FR","@id":"https:\/\/www.andorra-advisors.com\/fr\/#\/schema\/person\/image\/","url":"https:\/\/secure.gravatar.com\/avatar\/fedd1bd1f5793d622244afd8f03c6ec9?s=96&d=mm&r=g","contentUrl":"https:\/\/secure.gravatar.com\/avatar\/fedd1bd1f5793d622244afd8f03c6ec9?s=96&d=mm&r=g","caption":"Cristina L\u00f3pez Morales"},"description":"Baccalaur\u00e9at en administration et gestion des entreprises. Passion pour la finance et la communication. Apprentissage et formation dans le monde des affaires au quotidien. Je collabore avec Andorra Advisors by Aug\u00e9 Grup dans la cr\u00e9ation de contenus li\u00e9s \u00e0 la cr\u00e9ation d'entreprise et \u00e0 la fiscalit\u00e9 en Andorre.","sameAs":["admin"],"url":"https:\/\/www.andorra-advisors.com\/fr\/author\/cristina-lopez\/"}]}},"_links":{"self":[{"href":"https:\/\/www.andorra-advisors.com\/fr\/wp-json\/wp\/v2\/posts\/1001","targetHints":{"allow":["GET"]}}],"collection":[{"href":"https:\/\/www.andorra-advisors.com\/fr\/wp-json\/wp\/v2\/posts"}],"about":[{"href":"https:\/\/www.andorra-advisors.com\/fr\/wp-json\/wp\/v2\/types\/post"}],"author":[{"embeddable":true,"href":"https:\/\/www.andorra-advisors.com\/fr\/wp-json\/wp\/v2\/users\/1"}],"replies":[{"embeddable":true,"href":"https:\/\/www.andorra-advisors.com\/fr\/wp-json\/wp\/v2\/comments?post=1001"}],"version-history":[{"count":1,"href":"https:\/\/www.andorra-advisors.com\/fr\/wp-json\/wp\/v2\/posts\/1001\/revisions"}],"predecessor-version":[{"id":2261,"href":"https:\/\/www.andorra-advisors.com\/fr\/wp-json\/wp\/v2\/posts\/1001\/revisions\/2261"}],"wp:featuredmedia":[{"embeddable":true,"href":"https:\/\/www.andorra-advisors.com\/fr\/wp-json\/wp\/v2\/media\/1003"}],"wp:attachment":[{"href":"https:\/\/www.andorra-advisors.com\/fr\/wp-json\/wp\/v2\/media?parent=1001"}],"wp:term":[{"taxonomy":"category","embeddable":true,"href":"https:\/\/www.andorra-advisors.com\/fr\/wp-json\/wp\/v2\/categories?post=1001"},{"taxonomy":"post_tag","embeddable":true,"href":"https:\/\/www.andorra-advisors.com\/fr\/wp-json\/wp\/v2\/tags?post=1001"}],"curies":[{"name":"wp","href":"https:\/\/api.w.org\/{rel}","templated":true}]}}