{"id":1018,"date":"2019-07-11T12:02:48","date_gmt":"2019-07-11T12:02:48","guid":{"rendered":"https:\/\/www.andorra-advisors.com\/fr\/?p=1018"},"modified":"2021-02-01T09:21:58","modified_gmt":"2021-02-01T09:21:58","slug":"unicef-fecondite-andorre","status":"publish","type":"post","link":"https:\/\/www.andorra-advisors.com\/fr\/blog\/unicef-fecondite-andorre\/","title":{"rendered":"L&rsquo;UNICEF appelle pour agir contre le faible taux de f\u00e9condit\u00e9 en Andorre"},"content":{"rendered":"<p style=\"text-align: justify;\">L&rsquo;Unicef \u200b\u200bAndorre exige que les cong\u00e9s de maternit\u00e9 et de paternit\u00e9 soient prolong\u00e9s jusqu&rsquo;\u00e0 12 mois avec paiement de salaire.&nbsp;Ceci dans l\u2019intention d\u2019am\u00e9liorer le taux de f\u00e9condit\u00e9, puisque les naissances ont diminu\u00e9 de 38%.&nbsp;La proposition a \u00e9t\u00e9 faite \u00e0 l&rsquo;observatoire des enfants d&rsquo;Andorre.<\/p>\n<p style=\"text-align: justify;\">L\u2019Unicef \u200b\u200bet le Centre de recherche sociologique ont rendu publiques certaines de leurs donn\u00e9es. Il ressort en effet que les naissances dans le pays ont diminu\u00e9 de 38% en une d\u00e9cennie \u00e0 peine, et que le taux de f\u00e9condit\u00e9 est de 1. Les chiffres en dessous de la moyenne europ\u00e9enne si l\u2019on consid\u00e8re que des pays comme la France et l\u2019Irlande se situent autour de 1,90.<\/p>\n<p style=\"text-align: justify;\">Le taux de f\u00e9condit\u00e9 est l\u2019une des mesures de la relation qui existe entre le nombre de naissances survenant au cours d\u2019une certaine p\u00e9riode et le nombre de femmes en \u00e2ge de procr\u00e9er au cours de la m\u00eame p\u00e9riode.<\/p>\n<p style=\"text-align: justify;\">Les donn\u00e9es fournies s\u2019ajoutent au pourcentage de la population de moins de 18 ans, qui repr\u00e9sente 16,6% de l\u2019Andorre.&nbsp;La moyenne actuelle de toute l&rsquo;Europe est de 18,7%.<\/p>\n<p style=\"text-align: justify;\">Le taux de f\u00e9condit\u00e9 de 1 est tr\u00e8s faible, quand on consid\u00e8re que pour remplacer les g\u00e9n\u00e9rations par la croissance naturelle, il existe un indice de 2,1.<\/p>\n<p style=\"text-align: justify;\">Pour ces raisons, l\u2019Unicef, en collaboration avec le CRES, appelle \u00e0 des mesures d\u2019urgence, telles que l\u2019extension du cong\u00e9 de maternit\u00e9 et de paternit\u00e9 jusqu\u2019\u00e0 un an avec des paiements salariaux d\u2019environ 67 et 80% et sans distinction entre p\u00e8re et m\u00e8re..&nbsp;En outre, convenez d\u2019horaires flexibles pour assurer la conformit\u00e9, des primes pour les enfants et des cr\u00e8ches gratuites, entre autres installations.<\/p>\n<p style=\"text-align: justify;\">Le rapport souligne \u00e0 son tour une am\u00e9lioration de l&rsquo;\u00e9ducation, mais insiste \u00e9galement sur des indicateurs concernant les mineurs victimes de violences dans la famille (14), les adolescents victimes de violences psychologiques (8) et les mineurs victimes d&rsquo;infractions contre la libert\u00e9. sexuelle (12), ce dernier est le seul nombre \u00e0 avoir augment\u00e9 par rapport \u00e0 2017.<\/p>\n","protected":false},"excerpt":{"rendered":"<p>L&rsquo;Unicef \u200b\u200bAndorre exige que les cong\u00e9s de maternit\u00e9 et de paternit\u00e9 soient prolong\u00e9s jusqu&rsquo;\u00e0 12 mois avec paiement de salaire.&nbsp;Ceci dans l\u2019intention d\u2019am\u00e9liorer le taux de f\u00e9condit\u00e9, puisque les naissances ont diminu\u00e9 de 38%.&nbsp;La proposition a \u00e9t\u00e9 faite \u00e0 l&rsquo;observatoire des enfants d&rsquo;Andorre. L\u2019Unicef \u200b\u200bet le Centre de recherche sociologique ont rendu publiques certaines de [&hellip;]<\/p>\n","protected":false},"author":1,"featured_media":1019,"comment_status":"open","ping_status":"open","sticky":false,"template":"","format":"standard","meta":{"_acf_changed":false,"footnotes":""},"categories":[179],"tags":[148,237,238,239,240,177,241],"class_list":["post-1018","post","type-post","status-publish","format-standard","has-post-thumbnail","hentry","category-systeme-sanitaire","tag-andorre","tag-bonus","tag-fertilite","tag-maternite","tag-paternite","tag-sante","tag-unicef"],"acf":[],"yoast_head":"<!-- This site is optimized with the Yoast SEO plugin v24.6 - https:\/\/yoast.com\/wordpress\/plugins\/seo\/ -->\n<title>L&#039;UNICEF demande \u00e0 prendre des mesures contre le faible taux de f\u00e9condit\u00e9 en Andorre<\/title>\n<meta name=\"description\" content=\"L&#039;Unicef \u200b\u200bdemande des am\u00e9liorations dans les cong\u00e9s de paternit\u00e9 et de maternit\u00e9 afin d&#039;am\u00e9liorer le taux de natalit\u00e9 d&#039;Andorre.\" \/>\n<meta name=\"robots\" content=\"index, follow, max-snippet:-1, max-image-preview:large, max-video-preview:-1\" \/>\n<link rel=\"canonical\" href=\"https:\/\/www.andorra-advisors.com\/fr\/blog\/unicef-fecondite-andorre\/\" \/>\n<meta property=\"og:locale\" content=\"fr_FR\" \/>\n<meta property=\"og:type\" content=\"article\" \/>\n<meta property=\"og:title\" content=\"L&#039;UNICEF demande \u00e0 prendre des mesures contre le faible taux de f\u00e9condit\u00e9 en Andorre\" \/>\n<meta property=\"og:description\" content=\"L&#039;Unicef \u200b\u200bdemande des am\u00e9liorations dans les cong\u00e9s de paternit\u00e9 et de maternit\u00e9 afin d&#039;am\u00e9liorer le taux de natalit\u00e9 d&#039;Andorre.\" \/>\n<meta property=\"og:url\" content=\"https:\/\/www.andorra-advisors.com\/fr\/blog\/unicef-fecondite-andorre\/\" \/>\n<meta property=\"og:site_name\" content=\"Andorra Advisors\" \/>\n<meta property=\"article:published_time\" content=\"2019-07-11T12:02:48+00:00\" \/>\n<meta property=\"article:modified_time\" content=\"2021-02-01T09:21:58+00:00\" \/>\n<meta property=\"og:image\" content=\"https:\/\/www.andorra-advisors.com\/fr\/wp-content\/uploads\/2019\/07\/LUNICEF-appelle-\u00e0-agir-contre-le-faible-taux-de-f\u00e9condit\u00e9-en-Andorre.jpg\" \/>\n\t<meta property=\"og:image:width\" content=\"283\" \/>\n\t<meta property=\"og:image:height\" content=\"188\" \/>\n\t<meta property=\"og:image:type\" content=\"image\/jpeg\" \/>\n<meta name=\"author\" content=\"Cristina L\u00f3pez Morales\" \/>\n<meta name=\"twitter:card\" content=\"summary_large_image\" \/>\n<meta name=\"twitter:label1\" content=\"\u00c9crit par\" \/>\n\t<meta name=\"twitter:data1\" content=\"Cristina L\u00f3pez Morales\" \/>\n\t<meta name=\"twitter:label2\" content=\"Dur\u00e9e de lecture estim\u00e9e\" \/>\n\t<meta name=\"twitter:data2\" content=\"2 minutes\" \/>\n<script type=\"application\/ld+json\" class=\"yoast-schema-graph\">{\"@context\":\"https:\/\/schema.org\",\"@graph\":[{\"@type\":\"WebPage\",\"@id\":\"https:\/\/www.andorra-advisors.com\/fr\/blog\/unicef-fecondite-andorre\/\",\"url\":\"https:\/\/www.andorra-advisors.com\/fr\/blog\/unicef-fecondite-andorre\/\",\"name\":\"L'UNICEF demande \u00e0 prendre des mesures contre le faible taux de f\u00e9condit\u00e9 en Andorre\",\"isPartOf\":{\"@id\":\"https:\/\/www.andorra-advisors.com\/fr\/#website\"},\"primaryImageOfPage\":{\"@id\":\"https:\/\/www.andorra-advisors.com\/fr\/blog\/unicef-fecondite-andorre\/#primaryimage\"},\"image\":{\"@id\":\"https:\/\/www.andorra-advisors.com\/fr\/blog\/unicef-fecondite-andorre\/#primaryimage\"},\"thumbnailUrl\":\"https:\/\/www.andorra-advisors.com\/fr\/wp-content\/uploads\/2019\/07\/LUNICEF-appelle-\u00e0-agir-contre-le-faible-taux-de-f\u00e9condit\u00e9-en-Andorre.jpg\",\"datePublished\":\"2019-07-11T12:02:48+00:00\",\"dateModified\":\"2021-02-01T09:21:58+00:00\",\"author\":{\"@id\":\"https:\/\/www.andorra-advisors.com\/fr\/#\/schema\/person\/de736d5ace974a427a41d6034f082942\"},\"description\":\"L'Unicef \u200b\u200bdemande des am\u00e9liorations dans les cong\u00e9s de paternit\u00e9 et de maternit\u00e9 afin d'am\u00e9liorer le taux de natalit\u00e9 d'Andorre.\",\"breadcrumb\":{\"@id\":\"https:\/\/www.andorra-advisors.com\/fr\/blog\/unicef-fecondite-andorre\/#breadcrumb\"},\"inLanguage\":\"fr\",\"potentialAction\":[{\"@type\":\"ReadAction\",\"target\":[\"https:\/\/www.andorra-advisors.com\/fr\/blog\/unicef-fecondite-andorre\/\"]}]},{\"@type\":\"ImageObject\",\"inLanguage\":\"fr-FR\",\"@id\":\"https:\/\/www.andorra-advisors.com\/fr\/blog\/unicef-fecondite-andorre\/#primaryimage\",\"url\":\"https:\/\/www.andorra-advisors.com\/fr\/wp-content\/uploads\/2019\/07\/LUNICEF-appelle-\u00e0-agir-contre-le-faible-taux-de-f\u00e9condit\u00e9-en-Andorre.jpg\",\"contentUrl\":\"https:\/\/www.andorra-advisors.com\/fr\/wp-content\/uploads\/2019\/07\/LUNICEF-appelle-\u00e0-agir-contre-le-faible-taux-de-f\u00e9condit\u00e9-en-Andorre.jpg\",\"width\":283,\"height\":188,\"caption\":\"L'UNICEF appelle \u00e0 agir contre le faible taux de f\u00e9condit\u00e9 en Andorre\"},{\"@type\":\"BreadcrumbList\",\"@id\":\"https:\/\/www.andorra-advisors.com\/fr\/blog\/unicef-fecondite-andorre\/#breadcrumb\",\"itemListElement\":[{\"@type\":\"ListItem\",\"position\":1,\"name\":\"Accueil\",\"item\":\"https:\/\/www.andorra-advisors.com\/fr\/\"},{\"@type\":\"ListItem\",\"position\":2,\"name\":\"L&rsquo;UNICEF appelle pour agir contre le faible taux de f\u00e9condit\u00e9 en Andorre\"}]},{\"@type\":\"WebSite\",\"@id\":\"https:\/\/www.andorra-advisors.com\/fr\/#website\",\"url\":\"https:\/\/www.andorra-advisors.com\/fr\/\",\"name\":\"Andorra Advisors\",\"description\":\"\",\"potentialAction\":[{\"@type\":\"SearchAction\",\"target\":{\"@type\":\"EntryPoint\",\"urlTemplate\":\"https:\/\/www.andorra-advisors.com\/fr\/?s={search_term_string}\"},\"query-input\":{\"@type\":\"PropertyValueSpecification\",\"valueRequired\":true,\"valueName\":\"search_term_string\"}}],\"inLanguage\":\"fr-FR\"},{\"@type\":\"Person\",\"@id\":\"https:\/\/www.andorra-advisors.com\/fr\/#\/schema\/person\/de736d5ace974a427a41d6034f082942\",\"name\":\"Cristina L\u00f3pez Morales\",\"image\":{\"@type\":\"ImageObject\",\"inLanguage\":\"fr-FR\",\"@id\":\"https:\/\/www.andorra-advisors.com\/fr\/#\/schema\/person\/image\/\",\"url\":\"https:\/\/secure.gravatar.com\/avatar\/fedd1bd1f5793d622244afd8f03c6ec9?s=96&d=mm&r=g\",\"contentUrl\":\"https:\/\/secure.gravatar.com\/avatar\/fedd1bd1f5793d622244afd8f03c6ec9?s=96&d=mm&r=g\",\"caption\":\"Cristina L\u00f3pez Morales\"},\"description\":\"Baccalaur\u00e9at en administration et gestion des entreprises. Passion pour la finance et la communication. Apprentissage et formation dans le monde des affaires au quotidien. Je collabore avec Andorra Advisors by Aug\u00e9 Grup dans la cr\u00e9ation de contenus li\u00e9s \u00e0 la cr\u00e9ation d'entreprise et \u00e0 la fiscalit\u00e9 en Andorre.\",\"sameAs\":[\"admin\"],\"url\":\"https:\/\/www.andorra-advisors.com\/fr\/author\/cristina-lopez\/\"}]}<\/script>\n<!-- \/ Yoast SEO plugin. -->","yoast_head_json":{"title":"L'UNICEF demande \u00e0 prendre des mesures contre le faible taux de f\u00e9condit\u00e9 en Andorre","description":"L'Unicef \u200b\u200bdemande des am\u00e9liorations dans les cong\u00e9s de paternit\u00e9 et de maternit\u00e9 afin d'am\u00e9liorer le taux de natalit\u00e9 d'Andorre.","robots":{"index":"index","follow":"follow","max-snippet":"max-snippet:-1","max-image-preview":"max-image-preview:large","max-video-preview":"max-video-preview:-1"},"canonical":"https:\/\/www.andorra-advisors.com\/fr\/blog\/unicef-fecondite-andorre\/","og_locale":"fr_FR","og_type":"article","og_title":"L'UNICEF demande \u00e0 prendre des mesures contre le faible taux de f\u00e9condit\u00e9 en Andorre","og_description":"L'Unicef \u200b\u200bdemande des am\u00e9liorations dans les cong\u00e9s de paternit\u00e9 et de maternit\u00e9 afin d'am\u00e9liorer le taux de natalit\u00e9 d'Andorre.","og_url":"https:\/\/www.andorra-advisors.com\/fr\/blog\/unicef-fecondite-andorre\/","og_site_name":"Andorra Advisors","article_published_time":"2019-07-11T12:02:48+00:00","article_modified_time":"2021-02-01T09:21:58+00:00","og_image":[{"width":283,"height":188,"url":"https:\/\/www.andorra-advisors.com\/fr\/wp-content\/uploads\/2019\/07\/LUNICEF-appelle-\u00e0-agir-contre-le-faible-taux-de-f\u00e9condit\u00e9-en-Andorre.jpg","type":"image\/jpeg"}],"author":"Cristina L\u00f3pez Morales","twitter_card":"summary_large_image","twitter_misc":{"\u00c9crit par":"Cristina L\u00f3pez Morales","Dur\u00e9e de lecture estim\u00e9e":"2 minutes"},"schema":{"@context":"https:\/\/schema.org","@graph":[{"@type":"WebPage","@id":"https:\/\/www.andorra-advisors.com\/fr\/blog\/unicef-fecondite-andorre\/","url":"https:\/\/www.andorra-advisors.com\/fr\/blog\/unicef-fecondite-andorre\/","name":"L'UNICEF demande \u00e0 prendre des mesures contre le faible taux de f\u00e9condit\u00e9 en Andorre","isPartOf":{"@id":"https:\/\/www.andorra-advisors.com\/fr\/#website"},"primaryImageOfPage":{"@id":"https:\/\/www.andorra-advisors.com\/fr\/blog\/unicef-fecondite-andorre\/#primaryimage"},"image":{"@id":"https:\/\/www.andorra-advisors.com\/fr\/blog\/unicef-fecondite-andorre\/#primaryimage"},"thumbnailUrl":"https:\/\/www.andorra-advisors.com\/fr\/wp-content\/uploads\/2019\/07\/LUNICEF-appelle-\u00e0-agir-contre-le-faible-taux-de-f\u00e9condit\u00e9-en-Andorre.jpg","datePublished":"2019-07-11T12:02:48+00:00","dateModified":"2021-02-01T09:21:58+00:00","author":{"@id":"https:\/\/www.andorra-advisors.com\/fr\/#\/schema\/person\/de736d5ace974a427a41d6034f082942"},"description":"L'Unicef \u200b\u200bdemande des am\u00e9liorations dans les cong\u00e9s de paternit\u00e9 et de maternit\u00e9 afin d'am\u00e9liorer le taux de natalit\u00e9 d'Andorre.","breadcrumb":{"@id":"https:\/\/www.andorra-advisors.com\/fr\/blog\/unicef-fecondite-andorre\/#breadcrumb"},"inLanguage":"fr","potentialAction":[{"@type":"ReadAction","target":["https:\/\/www.andorra-advisors.com\/fr\/blog\/unicef-fecondite-andorre\/"]}]},{"@type":"ImageObject","inLanguage":"fr-FR","@id":"https:\/\/www.andorra-advisors.com\/fr\/blog\/unicef-fecondite-andorre\/#primaryimage","url":"https:\/\/www.andorra-advisors.com\/fr\/wp-content\/uploads\/2019\/07\/LUNICEF-appelle-\u00e0-agir-contre-le-faible-taux-de-f\u00e9condit\u00e9-en-Andorre.jpg","contentUrl":"https:\/\/www.andorra-advisors.com\/fr\/wp-content\/uploads\/2019\/07\/LUNICEF-appelle-\u00e0-agir-contre-le-faible-taux-de-f\u00e9condit\u00e9-en-Andorre.jpg","width":283,"height":188,"caption":"L'UNICEF appelle \u00e0 agir contre le faible taux de f\u00e9condit\u00e9 en Andorre"},{"@type":"BreadcrumbList","@id":"https:\/\/www.andorra-advisors.com\/fr\/blog\/unicef-fecondite-andorre\/#breadcrumb","itemListElement":[{"@type":"ListItem","position":1,"name":"Accueil","item":"https:\/\/www.andorra-advisors.com\/fr\/"},{"@type":"ListItem","position":2,"name":"L&rsquo;UNICEF appelle pour agir contre le faible taux de f\u00e9condit\u00e9 en Andorre"}]},{"@type":"WebSite","@id":"https:\/\/www.andorra-advisors.com\/fr\/#website","url":"https:\/\/www.andorra-advisors.com\/fr\/","name":"Andorra Advisors","description":"","potentialAction":[{"@type":"SearchAction","target":{"@type":"EntryPoint","urlTemplate":"https:\/\/www.andorra-advisors.com\/fr\/?s={search_term_string}"},"query-input":{"@type":"PropertyValueSpecification","valueRequired":true,"valueName":"search_term_string"}}],"inLanguage":"fr-FR"},{"@type":"Person","@id":"https:\/\/www.andorra-advisors.com\/fr\/#\/schema\/person\/de736d5ace974a427a41d6034f082942","name":"Cristina L\u00f3pez Morales","image":{"@type":"ImageObject","inLanguage":"fr-FR","@id":"https:\/\/www.andorra-advisors.com\/fr\/#\/schema\/person\/image\/","url":"https:\/\/secure.gravatar.com\/avatar\/fedd1bd1f5793d622244afd8f03c6ec9?s=96&d=mm&r=g","contentUrl":"https:\/\/secure.gravatar.com\/avatar\/fedd1bd1f5793d622244afd8f03c6ec9?s=96&d=mm&r=g","caption":"Cristina L\u00f3pez Morales"},"description":"Baccalaur\u00e9at en administration et gestion des entreprises. Passion pour la finance et la communication. Apprentissage et formation dans le monde des affaires au quotidien. Je collabore avec Andorra Advisors by Aug\u00e9 Grup dans la cr\u00e9ation de contenus li\u00e9s \u00e0 la cr\u00e9ation d'entreprise et \u00e0 la fiscalit\u00e9 en Andorre.","sameAs":["admin"],"url":"https:\/\/www.andorra-advisors.com\/fr\/author\/cristina-lopez\/"}]}},"_links":{"self":[{"href":"https:\/\/www.andorra-advisors.com\/fr\/wp-json\/wp\/v2\/posts\/1018","targetHints":{"allow":["GET"]}}],"collection":[{"href":"https:\/\/www.andorra-advisors.com\/fr\/wp-json\/wp\/v2\/posts"}],"about":[{"href":"https:\/\/www.andorra-advisors.com\/fr\/wp-json\/wp\/v2\/types\/post"}],"author":[{"embeddable":true,"href":"https:\/\/www.andorra-advisors.com\/fr\/wp-json\/wp\/v2\/users\/1"}],"replies":[{"embeddable":true,"href":"https:\/\/www.andorra-advisors.com\/fr\/wp-json\/wp\/v2\/comments?post=1018"}],"version-history":[{"count":1,"href":"https:\/\/www.andorra-advisors.com\/fr\/wp-json\/wp\/v2\/posts\/1018\/revisions"}],"predecessor-version":[{"id":2264,"href":"https:\/\/www.andorra-advisors.com\/fr\/wp-json\/wp\/v2\/posts\/1018\/revisions\/2264"}],"wp:featuredmedia":[{"embeddable":true,"href":"https:\/\/www.andorra-advisors.com\/fr\/wp-json\/wp\/v2\/media\/1019"}],"wp:attachment":[{"href":"https:\/\/www.andorra-advisors.com\/fr\/wp-json\/wp\/v2\/media?parent=1018"}],"wp:term":[{"taxonomy":"category","embeddable":true,"href":"https:\/\/www.andorra-advisors.com\/fr\/wp-json\/wp\/v2\/categories?post=1018"},{"taxonomy":"post_tag","embeddable":true,"href":"https:\/\/www.andorra-advisors.com\/fr\/wp-json\/wp\/v2\/tags?post=1018"}],"curies":[{"name":"wp","href":"https:\/\/api.w.org\/{rel}","templated":true}]}}