{"id":1098,"date":"2019-08-06T10:54:59","date_gmt":"2019-08-06T10:54:59","guid":{"rendered":"https:\/\/www.andorra-advisors.com\/fr\/?p=1098"},"modified":"2019-08-06T10:54:59","modified_gmt":"2019-08-06T10:54:59","slug":"forum-economique-acord-cooperation","status":"publish","type":"post","link":"https:\/\/www.andorra-advisors.com\/fr\/blog\/forum-economique-acord-cooperation\/","title":{"rendered":"Le premier forum \u00e9conomique des petits \u00c9tats a vu la signature d&rsquo;un accord de coop\u00e9ration"},"content":{"rendered":"<p style=\"text-align: justify;\">Les chambres de commerce des petits \u00c9tats ont sign\u00e9 un accord visant \u00e0 am\u00e9liorer la participation \u00e9conomique et \u00e0 encourager la contribution \u00e0 l&rsquo;investissement, \u00e0 la commercialisation et \u00e0 la culture.<\/p>\n<p style=\"text-align: justify;\">La Chambre de commerce, de l&rsquo;industrie et des services d&rsquo;Andorre, conjointement avec la soci\u00e9t\u00e9 Actua, a particip\u00e9 au premier forum \u00e9conomique des petits \u00c9tats, qui s&rsquo;est tenu au Mont\u00e9n\u00e9gro les 29 et 30 mai.<\/p>\n<p style=\"text-align: justify;\">Les points \u00e0 discuter lors de cette r\u00e9union visaient \u00e0 faire conna\u00eetre les opportunit\u00e9s commerciales d\u00e9couvertes en Andorre et \u00e0 \u00e9tablir des relations commerciales, \u00e9conomiques et institutionnelles avec les pays voisins.<\/p>\n<p style=\"text-align: justify;\">En outre, cet accord portait sur des questions visant \u00e0 am\u00e9liorer la participation et les \u00e9changes entre pays dans les domaines de la technologie, des entreprises, des projets communs, de l\u2019\u00e9ducation et d\u2019autres formes de connectivit\u00e9.<\/p>\n<p style=\"text-align: justify;\">La Chambre de commerce et Actua participeront au forum afin de faire conna\u00eetre les opportunit\u00e9s d\u2019affaires en Andorre et d\u2019\u00e9tablir des liens \u00e9conomiques, commerciaux et institutionnels avec d\u2019autres pays.<\/p>\n<p style=\"text-align: justify;\">Ce sommet, organis\u00e9 par la Chambre de commerce, se tiendra dans les pays qui accueillent les Jeux des petits \u00c9tats d\u2019Europe.<\/p>\n<p style=\"text-align: justify;\">Andorre accueillera cet \u00e9v\u00e9nement en 2021, qui sera la prochaine \u00e9dition du rendez-vous \u00e9conomique.<\/p>\n","protected":false},"excerpt":{"rendered":"<p>Les chambres de commerce des petits \u00c9tats ont sign\u00e9 un accord visant \u00e0 am\u00e9liorer la participation \u00e9conomique et \u00e0 encourager la contribution \u00e0 l&rsquo;investissement, \u00e0 la commercialisation et \u00e0 la culture. La Chambre de commerce, de l&rsquo;industrie et des services d&rsquo;Andorre, conjointement avec la soci\u00e9t\u00e9 Actua, a particip\u00e9 au premier forum \u00e9conomique des petits \u00c9tats, [&hellip;]<\/p>\n","protected":false},"author":1,"featured_media":1099,"comment_status":"open","ping_status":"open","sticky":false,"template":"","format":"standard","meta":{"_acf_changed":false,"footnotes":""},"categories":[251],"tags":[201,148,249,174,250,166,216],"class_list":["post-1098","post","type-post","status-publish","format-standard","has-post-thumbnail","hentry","category-investissement","tag-affaires","tag-andorre","tag-chambre-de-commerce","tag-entreprises","tag-etats","tag-europe","tag-initiative-en-cours"],"acf":[],"yoast_head":"<!-- This site is optimized with the Yoast SEO plugin v24.6 - https:\/\/yoast.com\/wordpress\/plugins\/seo\/ -->\n<title>Le forum \u00e9conomique des petits \u00c9tats signe un accord de coop\u00e9ration<\/title>\n<meta name=\"description\" content=\"La Chambre andorrane de commerce signe le premier accord de coop\u00e9ration en mati\u00e8re d\u2019investissement, de commerce et de culture avec d\u2019autres petits \u00c9tats.\" \/>\n<meta name=\"robots\" content=\"index, follow, max-snippet:-1, max-image-preview:large, max-video-preview:-1\" \/>\n<link rel=\"canonical\" href=\"https:\/\/www.andorra-advisors.com\/fr\/blog\/forum-economique-acord-cooperation\/\" \/>\n<meta property=\"og:locale\" content=\"fr_FR\" \/>\n<meta property=\"og:type\" content=\"article\" \/>\n<meta property=\"og:title\" content=\"Le forum \u00e9conomique des petits \u00c9tats signe un accord de coop\u00e9ration\" \/>\n<meta property=\"og:description\" content=\"La Chambre andorrane de commerce signe le premier accord de coop\u00e9ration en mati\u00e8re d\u2019investissement, de commerce et de culture avec d\u2019autres petits \u00c9tats.\" \/>\n<meta property=\"og:url\" content=\"https:\/\/www.andorra-advisors.com\/fr\/blog\/forum-economique-acord-cooperation\/\" \/>\n<meta property=\"og:site_name\" content=\"Andorra Advisors\" \/>\n<meta property=\"article:published_time\" content=\"2019-08-06T10:54:59+00:00\" \/>\n<meta property=\"og:image\" content=\"https:\/\/www.andorra-advisors.com\/fr\/wp-content\/uploads\/2019\/08\/Le-premier-forum-\u00e9conomique-des-petits-\u00c9tats-a-vu-la-signature-dun-accord-de-coop\u00e9ration.jpg\" \/>\n\t<meta property=\"og:image:width\" content=\"350\" \/>\n\t<meta property=\"og:image:height\" content=\"300\" \/>\n\t<meta property=\"og:image:type\" content=\"image\/jpeg\" \/>\n<meta name=\"author\" content=\"Cristina L\u00f3pez Morales\" \/>\n<meta name=\"twitter:card\" content=\"summary_large_image\" \/>\n<meta name=\"twitter:label1\" content=\"\u00c9crit par\" \/>\n\t<meta name=\"twitter:data1\" content=\"Cristina L\u00f3pez Morales\" \/>\n\t<meta name=\"twitter:label2\" content=\"Dur\u00e9e de lecture estim\u00e9e\" \/>\n\t<meta name=\"twitter:data2\" content=\"1 minute\" \/>\n<script type=\"application\/ld+json\" class=\"yoast-schema-graph\">{\"@context\":\"https:\/\/schema.org\",\"@graph\":[{\"@type\":\"WebPage\",\"@id\":\"https:\/\/www.andorra-advisors.com\/fr\/blog\/forum-economique-acord-cooperation\/\",\"url\":\"https:\/\/www.andorra-advisors.com\/fr\/blog\/forum-economique-acord-cooperation\/\",\"name\":\"Le forum \u00e9conomique des petits \u00c9tats signe un accord de coop\u00e9ration\",\"isPartOf\":{\"@id\":\"https:\/\/www.andorra-advisors.com\/fr\/#website\"},\"primaryImageOfPage\":{\"@id\":\"https:\/\/www.andorra-advisors.com\/fr\/blog\/forum-economique-acord-cooperation\/#primaryimage\"},\"image\":{\"@id\":\"https:\/\/www.andorra-advisors.com\/fr\/blog\/forum-economique-acord-cooperation\/#primaryimage\"},\"thumbnailUrl\":\"https:\/\/www.andorra-advisors.com\/fr\/wp-content\/uploads\/2019\/08\/Le-premier-forum-\u00e9conomique-des-petits-\u00c9tats-a-vu-la-signature-dun-accord-de-coop\u00e9ration.jpg\",\"datePublished\":\"2019-08-06T10:54:59+00:00\",\"author\":{\"@id\":\"https:\/\/www.andorra-advisors.com\/fr\/#\/schema\/person\/de736d5ace974a427a41d6034f082942\"},\"description\":\"La Chambre andorrane de commerce signe le premier accord de coop\u00e9ration en mati\u00e8re d\u2019investissement, de commerce et de culture avec d\u2019autres petits \u00c9tats.\",\"breadcrumb\":{\"@id\":\"https:\/\/www.andorra-advisors.com\/fr\/blog\/forum-economique-acord-cooperation\/#breadcrumb\"},\"inLanguage\":\"fr\",\"potentialAction\":[{\"@type\":\"ReadAction\",\"target\":[\"https:\/\/www.andorra-advisors.com\/fr\/blog\/forum-economique-acord-cooperation\/\"]}]},{\"@type\":\"ImageObject\",\"inLanguage\":\"fr-FR\",\"@id\":\"https:\/\/www.andorra-advisors.com\/fr\/blog\/forum-economique-acord-cooperation\/#primaryimage\",\"url\":\"https:\/\/www.andorra-advisors.com\/fr\/wp-content\/uploads\/2019\/08\/Le-premier-forum-\u00e9conomique-des-petits-\u00c9tats-a-vu-la-signature-dun-accord-de-coop\u00e9ration.jpg\",\"contentUrl\":\"https:\/\/www.andorra-advisors.com\/fr\/wp-content\/uploads\/2019\/08\/Le-premier-forum-\u00e9conomique-des-petits-\u00c9tats-a-vu-la-signature-dun-accord-de-coop\u00e9ration.jpg\",\"width\":350,\"height\":300,\"caption\":\"Le premier forum \u00e9conomique des petits \u00c9tats a vu la signature d'un accord de coop\u00e9ration\"},{\"@type\":\"BreadcrumbList\",\"@id\":\"https:\/\/www.andorra-advisors.com\/fr\/blog\/forum-economique-acord-cooperation\/#breadcrumb\",\"itemListElement\":[{\"@type\":\"ListItem\",\"position\":1,\"name\":\"Accueil\",\"item\":\"https:\/\/www.andorra-advisors.com\/fr\/\"},{\"@type\":\"ListItem\",\"position\":2,\"name\":\"Le premier forum \u00e9conomique des petits \u00c9tats a vu la signature d&rsquo;un accord de coop\u00e9ration\"}]},{\"@type\":\"WebSite\",\"@id\":\"https:\/\/www.andorra-advisors.com\/fr\/#website\",\"url\":\"https:\/\/www.andorra-advisors.com\/fr\/\",\"name\":\"Andorra Advisors\",\"description\":\"\",\"potentialAction\":[{\"@type\":\"SearchAction\",\"target\":{\"@type\":\"EntryPoint\",\"urlTemplate\":\"https:\/\/www.andorra-advisors.com\/fr\/?s={search_term_string}\"},\"query-input\":{\"@type\":\"PropertyValueSpecification\",\"valueRequired\":true,\"valueName\":\"search_term_string\"}}],\"inLanguage\":\"fr-FR\"},{\"@type\":\"Person\",\"@id\":\"https:\/\/www.andorra-advisors.com\/fr\/#\/schema\/person\/de736d5ace974a427a41d6034f082942\",\"name\":\"Cristina L\u00f3pez Morales\",\"image\":{\"@type\":\"ImageObject\",\"inLanguage\":\"fr-FR\",\"@id\":\"https:\/\/www.andorra-advisors.com\/fr\/#\/schema\/person\/image\/\",\"url\":\"https:\/\/secure.gravatar.com\/avatar\/fedd1bd1f5793d622244afd8f03c6ec9?s=96&d=mm&r=g\",\"contentUrl\":\"https:\/\/secure.gravatar.com\/avatar\/fedd1bd1f5793d622244afd8f03c6ec9?s=96&d=mm&r=g\",\"caption\":\"Cristina L\u00f3pez Morales\"},\"description\":\"Baccalaur\u00e9at en administration et gestion des entreprises. Passion pour la finance et la communication. Apprentissage et formation dans le monde des affaires au quotidien. Je collabore avec Andorra Advisors by Aug\u00e9 Grup dans la cr\u00e9ation de contenus li\u00e9s \u00e0 la cr\u00e9ation d'entreprise et \u00e0 la fiscalit\u00e9 en Andorre.\",\"sameAs\":[\"admin\"],\"url\":\"https:\/\/www.andorra-advisors.com\/fr\/author\/cristina-lopez\/\"}]}<\/script>\n<!-- \/ Yoast SEO plugin. -->","yoast_head_json":{"title":"Le forum \u00e9conomique des petits \u00c9tats signe un accord de coop\u00e9ration","description":"La Chambre andorrane de commerce signe le premier accord de coop\u00e9ration en mati\u00e8re d\u2019investissement, de commerce et de culture avec d\u2019autres petits \u00c9tats.","robots":{"index":"index","follow":"follow","max-snippet":"max-snippet:-1","max-image-preview":"max-image-preview:large","max-video-preview":"max-video-preview:-1"},"canonical":"https:\/\/www.andorra-advisors.com\/fr\/blog\/forum-economique-acord-cooperation\/","og_locale":"fr_FR","og_type":"article","og_title":"Le forum \u00e9conomique des petits \u00c9tats signe un accord de coop\u00e9ration","og_description":"La Chambre andorrane de commerce signe le premier accord de coop\u00e9ration en mati\u00e8re d\u2019investissement, de commerce et de culture avec d\u2019autres petits \u00c9tats.","og_url":"https:\/\/www.andorra-advisors.com\/fr\/blog\/forum-economique-acord-cooperation\/","og_site_name":"Andorra Advisors","article_published_time":"2019-08-06T10:54:59+00:00","og_image":[{"width":350,"height":300,"url":"https:\/\/www.andorra-advisors.com\/fr\/wp-content\/uploads\/2019\/08\/Le-premier-forum-\u00e9conomique-des-petits-\u00c9tats-a-vu-la-signature-dun-accord-de-coop\u00e9ration.jpg","type":"image\/jpeg"}],"author":"Cristina L\u00f3pez Morales","twitter_card":"summary_large_image","twitter_misc":{"\u00c9crit par":"Cristina L\u00f3pez Morales","Dur\u00e9e de lecture estim\u00e9e":"1 minute"},"schema":{"@context":"https:\/\/schema.org","@graph":[{"@type":"WebPage","@id":"https:\/\/www.andorra-advisors.com\/fr\/blog\/forum-economique-acord-cooperation\/","url":"https:\/\/www.andorra-advisors.com\/fr\/blog\/forum-economique-acord-cooperation\/","name":"Le forum \u00e9conomique des petits \u00c9tats signe un accord de coop\u00e9ration","isPartOf":{"@id":"https:\/\/www.andorra-advisors.com\/fr\/#website"},"primaryImageOfPage":{"@id":"https:\/\/www.andorra-advisors.com\/fr\/blog\/forum-economique-acord-cooperation\/#primaryimage"},"image":{"@id":"https:\/\/www.andorra-advisors.com\/fr\/blog\/forum-economique-acord-cooperation\/#primaryimage"},"thumbnailUrl":"https:\/\/www.andorra-advisors.com\/fr\/wp-content\/uploads\/2019\/08\/Le-premier-forum-\u00e9conomique-des-petits-\u00c9tats-a-vu-la-signature-dun-accord-de-coop\u00e9ration.jpg","datePublished":"2019-08-06T10:54:59+00:00","author":{"@id":"https:\/\/www.andorra-advisors.com\/fr\/#\/schema\/person\/de736d5ace974a427a41d6034f082942"},"description":"La Chambre andorrane de commerce signe le premier accord de coop\u00e9ration en mati\u00e8re d\u2019investissement, de commerce et de culture avec d\u2019autres petits \u00c9tats.","breadcrumb":{"@id":"https:\/\/www.andorra-advisors.com\/fr\/blog\/forum-economique-acord-cooperation\/#breadcrumb"},"inLanguage":"fr","potentialAction":[{"@type":"ReadAction","target":["https:\/\/www.andorra-advisors.com\/fr\/blog\/forum-economique-acord-cooperation\/"]}]},{"@type":"ImageObject","inLanguage":"fr-FR","@id":"https:\/\/www.andorra-advisors.com\/fr\/blog\/forum-economique-acord-cooperation\/#primaryimage","url":"https:\/\/www.andorra-advisors.com\/fr\/wp-content\/uploads\/2019\/08\/Le-premier-forum-\u00e9conomique-des-petits-\u00c9tats-a-vu-la-signature-dun-accord-de-coop\u00e9ration.jpg","contentUrl":"https:\/\/www.andorra-advisors.com\/fr\/wp-content\/uploads\/2019\/08\/Le-premier-forum-\u00e9conomique-des-petits-\u00c9tats-a-vu-la-signature-dun-accord-de-coop\u00e9ration.jpg","width":350,"height":300,"caption":"Le premier forum \u00e9conomique des petits \u00c9tats a vu la signature d'un accord de coop\u00e9ration"},{"@type":"BreadcrumbList","@id":"https:\/\/www.andorra-advisors.com\/fr\/blog\/forum-economique-acord-cooperation\/#breadcrumb","itemListElement":[{"@type":"ListItem","position":1,"name":"Accueil","item":"https:\/\/www.andorra-advisors.com\/fr\/"},{"@type":"ListItem","position":2,"name":"Le premier forum \u00e9conomique des petits \u00c9tats a vu la signature d&rsquo;un accord de coop\u00e9ration"}]},{"@type":"WebSite","@id":"https:\/\/www.andorra-advisors.com\/fr\/#website","url":"https:\/\/www.andorra-advisors.com\/fr\/","name":"Andorra Advisors","description":"","potentialAction":[{"@type":"SearchAction","target":{"@type":"EntryPoint","urlTemplate":"https:\/\/www.andorra-advisors.com\/fr\/?s={search_term_string}"},"query-input":{"@type":"PropertyValueSpecification","valueRequired":true,"valueName":"search_term_string"}}],"inLanguage":"fr-FR"},{"@type":"Person","@id":"https:\/\/www.andorra-advisors.com\/fr\/#\/schema\/person\/de736d5ace974a427a41d6034f082942","name":"Cristina L\u00f3pez Morales","image":{"@type":"ImageObject","inLanguage":"fr-FR","@id":"https:\/\/www.andorra-advisors.com\/fr\/#\/schema\/person\/image\/","url":"https:\/\/secure.gravatar.com\/avatar\/fedd1bd1f5793d622244afd8f03c6ec9?s=96&d=mm&r=g","contentUrl":"https:\/\/secure.gravatar.com\/avatar\/fedd1bd1f5793d622244afd8f03c6ec9?s=96&d=mm&r=g","caption":"Cristina L\u00f3pez Morales"},"description":"Baccalaur\u00e9at en administration et gestion des entreprises. Passion pour la finance et la communication. Apprentissage et formation dans le monde des affaires au quotidien. Je collabore avec Andorra Advisors by Aug\u00e9 Grup dans la cr\u00e9ation de contenus li\u00e9s \u00e0 la cr\u00e9ation d'entreprise et \u00e0 la fiscalit\u00e9 en Andorre.","sameAs":["admin"],"url":"https:\/\/www.andorra-advisors.com\/fr\/author\/cristina-lopez\/"}]}},"_links":{"self":[{"href":"https:\/\/www.andorra-advisors.com\/fr\/wp-json\/wp\/v2\/posts\/1098","targetHints":{"allow":["GET"]}}],"collection":[{"href":"https:\/\/www.andorra-advisors.com\/fr\/wp-json\/wp\/v2\/posts"}],"about":[{"href":"https:\/\/www.andorra-advisors.com\/fr\/wp-json\/wp\/v2\/types\/post"}],"author":[{"embeddable":true,"href":"https:\/\/www.andorra-advisors.com\/fr\/wp-json\/wp\/v2\/users\/1"}],"replies":[{"embeddable":true,"href":"https:\/\/www.andorra-advisors.com\/fr\/wp-json\/wp\/v2\/comments?post=1098"}],"version-history":[{"count":0,"href":"https:\/\/www.andorra-advisors.com\/fr\/wp-json\/wp\/v2\/posts\/1098\/revisions"}],"wp:featuredmedia":[{"embeddable":true,"href":"https:\/\/www.andorra-advisors.com\/fr\/wp-json\/wp\/v2\/media\/1099"}],"wp:attachment":[{"href":"https:\/\/www.andorra-advisors.com\/fr\/wp-json\/wp\/v2\/media?parent=1098"}],"wp:term":[{"taxonomy":"category","embeddable":true,"href":"https:\/\/www.andorra-advisors.com\/fr\/wp-json\/wp\/v2\/categories?post=1098"},{"taxonomy":"post_tag","embeddable":true,"href":"https:\/\/www.andorra-advisors.com\/fr\/wp-json\/wp\/v2\/tags?post=1098"}],"curies":[{"name":"wp","href":"https:\/\/api.w.org\/{rel}","templated":true}]}}