{"id":1172,"date":"2019-09-17T12:00:18","date_gmt":"2019-09-17T12:00:18","guid":{"rendered":"https:\/\/www.andorra-advisors.com\/fr\/?p=1172"},"modified":"2019-09-17T12:00:18","modified_gmt":"2019-09-17T12:00:18","slug":"declaration-revenu-particuliers-andorre","status":"publish","type":"post","link":"https:\/\/www.andorra-advisors.com\/fr\/blog\/declaration-revenu-particuliers-andorre\/","title":{"rendered":"D\u00e9claration d&rsquo;Imp\u00f4t sur le Revenu des Particuliers (IRPF) 2019 en Andorre"},"content":{"rendered":"<p>Dans cet article, nous exposons tout ce qui devrait \u00eatre connu sur le revenu des personnes physiques (IRPF) en Andorre cette ann\u00e9e 2019.<\/p>\n<p>Le 1er avril, la p\u00e9riode d&rsquo;affichage de la d\u00e9claration IRPF 2018 a \u00e9t\u00e9 ouverte. Elle sera film\u00e9e jusqu&rsquo;au 30 septembre 2019. Cette t\u00e2che est consid\u00e9r\u00e9e comme nouvelle \u00e0 Andorre, puisqu&rsquo;il s&rsquo;agit du quatri\u00e8me exercice effectu\u00e9. ici<\/p>\n<p>C&rsquo;est la raison pour laquelle cet article a \u00e9t\u00e9 cr\u00e9\u00e9, car nous voulons aider \u00e0 clarifier les doutes et certains concepts concernant l&rsquo;IRPF.<\/p>\n<h2>Que repr\u00e9sente l&rsquo;imp\u00f4t sur le revenu des personnes physiques?<\/h2>\n<p>L&rsquo;imp\u00f4t sur le revenu des personnes physiques est l&rsquo;imp\u00f4t sur le revenu des personnes physiques qui sont consid\u00e9r\u00e9s par les r\u00e9sidents fiscaux en Andorre.\u00a0Ainsi, chaque revenu li\u00e9 \u00e0 l\u2019imp\u00f4t est sp\u00e9cifi\u00e9 ind\u00e9pendamment du lieu o\u00f9 il a \u00e9t\u00e9 g\u00e9n\u00e9r\u00e9 et de l\u2019\u00e9tat dans lequel la personne qui paie est \u00e9tablie.<\/p>\n<h2>Quelles sont les personnes consid\u00e9r\u00e9es comme une obligation fiscale?<\/h2>\n<p>Un contribuable est une personne physique qui remplit l\u2019une des conditions suivantes:<\/p>\n<ul>\n<li>Qu&rsquo;il a v\u00e9cu plus de 183 jours en Andorre au cours de l&rsquo;ann\u00e9e civile.<\/li>\n<li>Que leurs principales sources de revenus \u00e9conomiques proviennent d\u2019Andorre ou que leurs int\u00e9r\u00eats \u00e9conomiques se trouvent directement ou indirectement \u00e0 Andorre.<\/li>\n<\/ul>\n<p>Les travailleurs frontaliers ne sont pas consid\u00e9r\u00e9s comme des r\u00e9sidents fiscaux, car ils sont transport\u00e9s quotidiennement d\u2019Espagne ou de France en Andorre et ont \u00e9t\u00e9 embauch\u00e9s par des soci\u00e9t\u00e9s fiscales d\u2019Andorre.<\/p>\n<p>Ceux obtenus \u00e0 la fronti\u00e8re seront soumis \u00e0 l&rsquo;imp\u00f4t sur le revenu des personnes physiques, de m\u00eame qu&rsquo;ils pourront demander \u00e0 s&rsquo;appliquer au r\u00e9gime sp\u00e9cial de cet imp\u00f4t.<\/p>\n<h2>Qui est tenu de faire la d\u00e9claration IRPF?<\/h2>\n<p>Ils sont autoris\u00e9s \u00e0 faire une d\u00e9claration d&rsquo;imp\u00f4t sur le revenu:<\/p>\n<ul>\n<li>Les contribuables de l&rsquo;IRPF qui r\u00e9sident en Andorre.<\/li>\n<li>Les revenus des communaut\u00e9s de biens, des h\u00e9ritages, des soci\u00e9t\u00e9s civiles et toutes ces entit\u00e9s donn\u00e9es par le syst\u00e8me fiscal.<\/li>\n<\/ul>\n<p>Les contribuables doivent d\u00e9clarer en fonction de leur montant et de leurs conditions personnelles et familiales.<\/p>\n<h2>A quelle heure la d\u00e9claration IRPF doit-elle \u00eatre d\u00e9pos\u00e9e?<\/h2>\n<p>Cette d\u00e9claration doit \u00eatre soumise entre le 1er avril et le 30 septembre de l&rsquo;exercice financier suivant lequel elle fait l&rsquo;objet de la d\u00e9claration.<\/p>\n<p>Les personnes qui n\u2019obtiennent qu\u2019un revenu de travail, du capital mobilier retenu ou un revenu exon\u00e9r\u00e9 ne sont pas tenues de soumettre la d\u00e9claration.<\/p>\n<h2>Comment faire la d\u00e9claration d&rsquo;imp\u00f4t des personnes physiques?<\/h2>\n<p>Celui-ci doit \u00eatre individuel et la personne s\u2019engage \u00e0 soumettre une d\u00e9claration dans les d\u00e9lais fix\u00e9s ci-dessus.\u00a0Ceci, principalement, doit calculer les revenus de la base g\u00e9n\u00e9rale, tels que l&rsquo;activit\u00e9 \u00e9conomique et le travail;\u00a0et vous devez \u00e9galement calculer la base d&rsquo;\u00e9pargne, qui comprend le capital mobile, les pertes en capital et les b\u00e9n\u00e9fices.<\/p>\n<p>Une fois les minimums exon\u00e9r\u00e9s d\u2019imp\u00f4t d\u00e9duits, le taux d\u2019imposition sera appliqu\u00e9 \u00e0 chaque base.\u00a0L&rsquo;imposition de l&rsquo;imp\u00f4t sur le revenu des particuliers est de 10%.\u00a0Toutefois, pour un revenu compris entre 24 000 et 40 000 euros, ce sera 5%<\/p>\n<p>Des d\u00e9ductions diff\u00e9rentes peuvent \u00eatre appliqu\u00e9es en fonction des frais en r\u00e9sultant.<\/p>\n<p>Les frais de r\u00e8glement r\u00e9duits pour l&rsquo;annulation des avances effectu\u00e9es au cours de l&rsquo;ann\u00e9e donneront la taxe \u00e0 payer en fonction de chaque cas, appel\u00e9 frais diff\u00e9rentiel.<\/p>\n<h2>Raisons pour lesquelles la d\u00e9claration devrait \u00eatre faite?<\/h2>\n<ul>\n<li>Parce que la loi le dit et si les hypoth\u00e8ses ne sont pas faites, la d\u00e9claration doit \u00eatre faite dans le terme.<\/li>\n<li>Lorsque la d\u00e9claration est faite, elle fournit des informations pr\u00e9cieuses \u00e0 toute personne, entit\u00e9 ou administration qui prouve l&rsquo;origine et le niveau de revenu que le contribuable appr\u00e9cie.<\/li>\n<li>Il permet au collaborateur de r\u00e9organiser la globalit\u00e9 de ses int\u00e9r\u00eats \u00e0 un moment donn\u00e9 et d&rsquo;avoir acc\u00e8s \u00e0 un document homologue du monde, appel\u00e9 crit\u00e8re de revenu mondial.<\/li>\n<\/ul>\n<h2>Quelles sont les conditions requises pour faire la d\u00e9claration d&rsquo;imp\u00f4ts?<\/h2>\n<p>Les documents pertinents sont n\u00e9cessaires.\u00a0De cette mani\u00e8re, des informations sont n\u00e9cessaires concernant les revenus mondiaux obtenus, tels que:<\/p>\n<ul>\n<li>Tout document relatif \u00e0 l&rsquo;obtention du revenu.<\/li>\n<li>R\u00e9sultats comptables par activit\u00e9 \u00e9conomique.<\/li>\n<li>Documents relatifs \u00e0 l&rsquo;attribution de r\u00e9ductions du taux d&rsquo;imposition.<\/li>\n<li>Paie<\/li>\n<li>Propositions de liquidation \u00e9mises par les services des imp\u00f4ts.<\/li>\n<li>Certificats bancaires<\/li>\n<li>Certificats de pension<\/li>\n<\/ul>\n","protected":false},"excerpt":{"rendered":"<p>Dans cet article, nous exposons tout ce qui devrait \u00eatre connu sur le revenu des personnes physiques (IRPF) en Andorre cette ann\u00e9e 2019. Le 1er avril, la p\u00e9riode d&rsquo;affichage de la d\u00e9claration IRPF 2018 a \u00e9t\u00e9 ouverte. Elle sera film\u00e9e jusqu&rsquo;au 30 septembre 2019. Cette t\u00e2che est consid\u00e9r\u00e9e comme nouvelle \u00e0 Andorre, puisqu&rsquo;il s&rsquo;agit du [&hellip;]<\/p>\n","protected":false},"author":1,"featured_media":1173,"comment_status":"open","ping_status":"open","sticky":false,"template":"","format":"standard","meta":{"_acf_changed":false,"footnotes":""},"categories":[272],"tags":[214,148,203,187,226,189,271],"class_list":["post-1172","post","type-post","status-publish","format-standard","has-post-thumbnail","hentry","category-taxes","tag-214","tag-andorre","tag-impot-sur-le-revenu","tag-louer","tag-residence","tag-revenu","tag-taxation"],"acf":[],"yoast_head":"<!-- This site is optimized with the Yoast SEO plugin v24.6 - https:\/\/yoast.com\/wordpress\/plugins\/seo\/ -->\n<title>D\u00e9claration d&#039;imp\u00f4t sur le revenu des particuliers 2019 en Andorre<\/title>\n<meta name=\"description\" content=\"Conna\u00eetre les exigences, les d\u00e9lais et comment faire la pr\u00e9sentation de l&#039;imp\u00f4t sur le revenu des particuliers pour les r\u00e9sidents en Andorre.\" \/>\n<meta name=\"robots\" content=\"index, follow, max-snippet:-1, max-image-preview:large, max-video-preview:-1\" \/>\n<link rel=\"canonical\" href=\"https:\/\/www.andorra-advisors.com\/fr\/blog\/declaration-revenu-particuliers-andorre\/\" \/>\n<meta property=\"og:locale\" content=\"fr_FR\" \/>\n<meta property=\"og:type\" content=\"article\" \/>\n<meta property=\"og:title\" content=\"D\u00e9claration d&#039;imp\u00f4t sur le revenu des particuliers 2019 en Andorre\" \/>\n<meta property=\"og:description\" content=\"Conna\u00eetre les exigences, les d\u00e9lais et comment faire la pr\u00e9sentation de l&#039;imp\u00f4t sur le revenu des particuliers pour les r\u00e9sidents en Andorre.\" \/>\n<meta property=\"og:url\" content=\"https:\/\/www.andorra-advisors.com\/fr\/blog\/declaration-revenu-particuliers-andorre\/\" \/>\n<meta property=\"og:site_name\" content=\"Andorra Advisors\" \/>\n<meta property=\"article:published_time\" content=\"2019-09-17T12:00:18+00:00\" \/>\n<meta property=\"og:image\" content=\"https:\/\/www.andorra-advisors.com\/fr\/wp-content\/uploads\/2019\/08\/irpf-andorra-2019.png\" \/>\n\t<meta property=\"og:image:width\" content=\"350\" \/>\n\t<meta property=\"og:image:height\" content=\"300\" \/>\n\t<meta property=\"og:image:type\" content=\"image\/png\" \/>\n<meta name=\"author\" content=\"Cristina L\u00f3pez Morales\" \/>\n<meta name=\"twitter:card\" content=\"summary_large_image\" \/>\n<meta name=\"twitter:label1\" content=\"\u00c9crit par\" \/>\n\t<meta name=\"twitter:data1\" content=\"Cristina L\u00f3pez Morales\" \/>\n\t<meta name=\"twitter:label2\" content=\"Dur\u00e9e de lecture estim\u00e9e\" \/>\n\t<meta name=\"twitter:data2\" content=\"4 minutes\" \/>\n<script type=\"application\/ld+json\" class=\"yoast-schema-graph\">{\"@context\":\"https:\/\/schema.org\",\"@graph\":[{\"@type\":\"WebPage\",\"@id\":\"https:\/\/www.andorra-advisors.com\/fr\/blog\/declaration-revenu-particuliers-andorre\/\",\"url\":\"https:\/\/www.andorra-advisors.com\/fr\/blog\/declaration-revenu-particuliers-andorre\/\",\"name\":\"D\u00e9claration d'imp\u00f4t sur le revenu des particuliers 2019 en Andorre\",\"isPartOf\":{\"@id\":\"https:\/\/www.andorra-advisors.com\/fr\/#website\"},\"primaryImageOfPage\":{\"@id\":\"https:\/\/www.andorra-advisors.com\/fr\/blog\/declaration-revenu-particuliers-andorre\/#primaryimage\"},\"image\":{\"@id\":\"https:\/\/www.andorra-advisors.com\/fr\/blog\/declaration-revenu-particuliers-andorre\/#primaryimage\"},\"thumbnailUrl\":\"https:\/\/www.andorra-advisors.com\/fr\/wp-content\/uploads\/2019\/08\/irpf-andorra-2019.png\",\"datePublished\":\"2019-09-17T12:00:18+00:00\",\"author\":{\"@id\":\"https:\/\/www.andorra-advisors.com\/fr\/#\/schema\/person\/de736d5ace974a427a41d6034f082942\"},\"description\":\"Conna\u00eetre les exigences, les d\u00e9lais et comment faire la pr\u00e9sentation de l'imp\u00f4t sur le revenu des particuliers pour les r\u00e9sidents en Andorre.\",\"breadcrumb\":{\"@id\":\"https:\/\/www.andorra-advisors.com\/fr\/blog\/declaration-revenu-particuliers-andorre\/#breadcrumb\"},\"inLanguage\":\"fr\",\"potentialAction\":[{\"@type\":\"ReadAction\",\"target\":[\"https:\/\/www.andorra-advisors.com\/fr\/blog\/declaration-revenu-particuliers-andorre\/\"]}]},{\"@type\":\"ImageObject\",\"inLanguage\":\"fr-FR\",\"@id\":\"https:\/\/www.andorra-advisors.com\/fr\/blog\/declaration-revenu-particuliers-andorre\/#primaryimage\",\"url\":\"https:\/\/www.andorra-advisors.com\/fr\/wp-content\/uploads\/2019\/08\/irpf-andorra-2019.png\",\"contentUrl\":\"https:\/\/www.andorra-advisors.com\/fr\/wp-content\/uploads\/2019\/08\/irpf-andorra-2019.png\",\"width\":350,\"height\":300,\"caption\":\"irpf andorra 2019\"},{\"@type\":\"BreadcrumbList\",\"@id\":\"https:\/\/www.andorra-advisors.com\/fr\/blog\/declaration-revenu-particuliers-andorre\/#breadcrumb\",\"itemListElement\":[{\"@type\":\"ListItem\",\"position\":1,\"name\":\"Accueil\",\"item\":\"https:\/\/www.andorra-advisors.com\/fr\/\"},{\"@type\":\"ListItem\",\"position\":2,\"name\":\"D\u00e9claration d&rsquo;Imp\u00f4t sur le Revenu des Particuliers (IRPF) 2019 en Andorre\"}]},{\"@type\":\"WebSite\",\"@id\":\"https:\/\/www.andorra-advisors.com\/fr\/#website\",\"url\":\"https:\/\/www.andorra-advisors.com\/fr\/\",\"name\":\"Andorra Advisors\",\"description\":\"\",\"potentialAction\":[{\"@type\":\"SearchAction\",\"target\":{\"@type\":\"EntryPoint\",\"urlTemplate\":\"https:\/\/www.andorra-advisors.com\/fr\/?s={search_term_string}\"},\"query-input\":{\"@type\":\"PropertyValueSpecification\",\"valueRequired\":true,\"valueName\":\"search_term_string\"}}],\"inLanguage\":\"fr-FR\"},{\"@type\":\"Person\",\"@id\":\"https:\/\/www.andorra-advisors.com\/fr\/#\/schema\/person\/de736d5ace974a427a41d6034f082942\",\"name\":\"Cristina L\u00f3pez Morales\",\"image\":{\"@type\":\"ImageObject\",\"inLanguage\":\"fr-FR\",\"@id\":\"https:\/\/www.andorra-advisors.com\/fr\/#\/schema\/person\/image\/\",\"url\":\"https:\/\/secure.gravatar.com\/avatar\/fedd1bd1f5793d622244afd8f03c6ec9?s=96&d=mm&r=g\",\"contentUrl\":\"https:\/\/secure.gravatar.com\/avatar\/fedd1bd1f5793d622244afd8f03c6ec9?s=96&d=mm&r=g\",\"caption\":\"Cristina L\u00f3pez Morales\"},\"description\":\"Baccalaur\u00e9at en administration et gestion des entreprises. Passion pour la finance et la communication. Apprentissage et formation dans le monde des affaires au quotidien. Je collabore avec Andorra Advisors by Aug\u00e9 Grup dans la cr\u00e9ation de contenus li\u00e9s \u00e0 la cr\u00e9ation d'entreprise et \u00e0 la fiscalit\u00e9 en Andorre.\",\"sameAs\":[\"admin\"],\"url\":\"https:\/\/www.andorra-advisors.com\/fr\/author\/cristina-lopez\/\"}]}<\/script>\n<!-- \/ Yoast SEO plugin. -->","yoast_head_json":{"title":"D\u00e9claration d'imp\u00f4t sur le revenu des particuliers 2019 en Andorre","description":"Conna\u00eetre les exigences, les d\u00e9lais et comment faire la pr\u00e9sentation de l'imp\u00f4t sur le revenu des particuliers pour les r\u00e9sidents en Andorre.","robots":{"index":"index","follow":"follow","max-snippet":"max-snippet:-1","max-image-preview":"max-image-preview:large","max-video-preview":"max-video-preview:-1"},"canonical":"https:\/\/www.andorra-advisors.com\/fr\/blog\/declaration-revenu-particuliers-andorre\/","og_locale":"fr_FR","og_type":"article","og_title":"D\u00e9claration d'imp\u00f4t sur le revenu des particuliers 2019 en Andorre","og_description":"Conna\u00eetre les exigences, les d\u00e9lais et comment faire la pr\u00e9sentation de l'imp\u00f4t sur le revenu des particuliers pour les r\u00e9sidents en Andorre.","og_url":"https:\/\/www.andorra-advisors.com\/fr\/blog\/declaration-revenu-particuliers-andorre\/","og_site_name":"Andorra Advisors","article_published_time":"2019-09-17T12:00:18+00:00","og_image":[{"width":350,"height":300,"url":"https:\/\/www.andorra-advisors.com\/fr\/wp-content\/uploads\/2019\/08\/irpf-andorra-2019.png","type":"image\/png"}],"author":"Cristina L\u00f3pez Morales","twitter_card":"summary_large_image","twitter_misc":{"\u00c9crit par":"Cristina L\u00f3pez Morales","Dur\u00e9e de lecture estim\u00e9e":"4 minutes"},"schema":{"@context":"https:\/\/schema.org","@graph":[{"@type":"WebPage","@id":"https:\/\/www.andorra-advisors.com\/fr\/blog\/declaration-revenu-particuliers-andorre\/","url":"https:\/\/www.andorra-advisors.com\/fr\/blog\/declaration-revenu-particuliers-andorre\/","name":"D\u00e9claration d'imp\u00f4t sur le revenu des particuliers 2019 en Andorre","isPartOf":{"@id":"https:\/\/www.andorra-advisors.com\/fr\/#website"},"primaryImageOfPage":{"@id":"https:\/\/www.andorra-advisors.com\/fr\/blog\/declaration-revenu-particuliers-andorre\/#primaryimage"},"image":{"@id":"https:\/\/www.andorra-advisors.com\/fr\/blog\/declaration-revenu-particuliers-andorre\/#primaryimage"},"thumbnailUrl":"https:\/\/www.andorra-advisors.com\/fr\/wp-content\/uploads\/2019\/08\/irpf-andorra-2019.png","datePublished":"2019-09-17T12:00:18+00:00","author":{"@id":"https:\/\/www.andorra-advisors.com\/fr\/#\/schema\/person\/de736d5ace974a427a41d6034f082942"},"description":"Conna\u00eetre les exigences, les d\u00e9lais et comment faire la pr\u00e9sentation de l'imp\u00f4t sur le revenu des particuliers pour les r\u00e9sidents en Andorre.","breadcrumb":{"@id":"https:\/\/www.andorra-advisors.com\/fr\/blog\/declaration-revenu-particuliers-andorre\/#breadcrumb"},"inLanguage":"fr","potentialAction":[{"@type":"ReadAction","target":["https:\/\/www.andorra-advisors.com\/fr\/blog\/declaration-revenu-particuliers-andorre\/"]}]},{"@type":"ImageObject","inLanguage":"fr-FR","@id":"https:\/\/www.andorra-advisors.com\/fr\/blog\/declaration-revenu-particuliers-andorre\/#primaryimage","url":"https:\/\/www.andorra-advisors.com\/fr\/wp-content\/uploads\/2019\/08\/irpf-andorra-2019.png","contentUrl":"https:\/\/www.andorra-advisors.com\/fr\/wp-content\/uploads\/2019\/08\/irpf-andorra-2019.png","width":350,"height":300,"caption":"irpf andorra 2019"},{"@type":"BreadcrumbList","@id":"https:\/\/www.andorra-advisors.com\/fr\/blog\/declaration-revenu-particuliers-andorre\/#breadcrumb","itemListElement":[{"@type":"ListItem","position":1,"name":"Accueil","item":"https:\/\/www.andorra-advisors.com\/fr\/"},{"@type":"ListItem","position":2,"name":"D\u00e9claration d&rsquo;Imp\u00f4t sur le Revenu des Particuliers (IRPF) 2019 en Andorre"}]},{"@type":"WebSite","@id":"https:\/\/www.andorra-advisors.com\/fr\/#website","url":"https:\/\/www.andorra-advisors.com\/fr\/","name":"Andorra Advisors","description":"","potentialAction":[{"@type":"SearchAction","target":{"@type":"EntryPoint","urlTemplate":"https:\/\/www.andorra-advisors.com\/fr\/?s={search_term_string}"},"query-input":{"@type":"PropertyValueSpecification","valueRequired":true,"valueName":"search_term_string"}}],"inLanguage":"fr-FR"},{"@type":"Person","@id":"https:\/\/www.andorra-advisors.com\/fr\/#\/schema\/person\/de736d5ace974a427a41d6034f082942","name":"Cristina L\u00f3pez Morales","image":{"@type":"ImageObject","inLanguage":"fr-FR","@id":"https:\/\/www.andorra-advisors.com\/fr\/#\/schema\/person\/image\/","url":"https:\/\/secure.gravatar.com\/avatar\/fedd1bd1f5793d622244afd8f03c6ec9?s=96&d=mm&r=g","contentUrl":"https:\/\/secure.gravatar.com\/avatar\/fedd1bd1f5793d622244afd8f03c6ec9?s=96&d=mm&r=g","caption":"Cristina L\u00f3pez Morales"},"description":"Baccalaur\u00e9at en administration et gestion des entreprises. Passion pour la finance et la communication. Apprentissage et formation dans le monde des affaires au quotidien. Je collabore avec Andorra Advisors by Aug\u00e9 Grup dans la cr\u00e9ation de contenus li\u00e9s \u00e0 la cr\u00e9ation d'entreprise et \u00e0 la fiscalit\u00e9 en Andorre.","sameAs":["admin"],"url":"https:\/\/www.andorra-advisors.com\/fr\/author\/cristina-lopez\/"}]}},"_links":{"self":[{"href":"https:\/\/www.andorra-advisors.com\/fr\/wp-json\/wp\/v2\/posts\/1172","targetHints":{"allow":["GET"]}}],"collection":[{"href":"https:\/\/www.andorra-advisors.com\/fr\/wp-json\/wp\/v2\/posts"}],"about":[{"href":"https:\/\/www.andorra-advisors.com\/fr\/wp-json\/wp\/v2\/types\/post"}],"author":[{"embeddable":true,"href":"https:\/\/www.andorra-advisors.com\/fr\/wp-json\/wp\/v2\/users\/1"}],"replies":[{"embeddable":true,"href":"https:\/\/www.andorra-advisors.com\/fr\/wp-json\/wp\/v2\/comments?post=1172"}],"version-history":[{"count":0,"href":"https:\/\/www.andorra-advisors.com\/fr\/wp-json\/wp\/v2\/posts\/1172\/revisions"}],"wp:featuredmedia":[{"embeddable":true,"href":"https:\/\/www.andorra-advisors.com\/fr\/wp-json\/wp\/v2\/media\/1173"}],"wp:attachment":[{"href":"https:\/\/www.andorra-advisors.com\/fr\/wp-json\/wp\/v2\/media?parent=1172"}],"wp:term":[{"taxonomy":"category","embeddable":true,"href":"https:\/\/www.andorra-advisors.com\/fr\/wp-json\/wp\/v2\/categories?post=1172"},{"taxonomy":"post_tag","embeddable":true,"href":"https:\/\/www.andorra-advisors.com\/fr\/wp-json\/wp\/v2\/tags?post=1172"}],"curies":[{"name":"wp","href":"https:\/\/api.w.org\/{rel}","templated":true}]}}