{"id":1970,"date":"2020-04-09T10:41:10","date_gmt":"2020-04-09T10:41:10","guid":{"rendered":"https:\/\/www.andorra-advisors.com\/fr\/blog\/\/"},"modified":"2021-02-01T09:22:36","modified_gmt":"2021-02-01T09:22:36","slug":"vacances-andorre","status":"publish","type":"post","link":"https:\/\/www.andorra-advisors.com\/fr\/blog\/vacances-andorre\/","title":{"rendered":"Vacances de l&rsquo;ann\u00e9e en Andorre 2020"},"content":{"rendered":"<p style=\"text-align: justify;\">Nous exposons ici les vacances de l&rsquo;ann\u00e9e 2020 en Andorre.<\/p>\n<p style=\"text-align: justify;\">Chaque pays a des jours \u00e0 c\u00e9l\u00e9brer, appel\u00e9s vacances.\u00a0Ce sont des jours sp\u00e9cifiques o\u00f9, par le pass\u00e9, il y avait des \u00e9v\u00e9nements importants tels que la naissance de personnages historiques, des dates bibliques, des foires ou des f\u00eates, entre autres.<\/p>\n<p style=\"text-align: justify;\">Ensuite, nous montrerons tous les jours f\u00e9ri\u00e9s de l\u2019ann\u00e9e, o\u00f9 nous montrerons si le jour f\u00e9ri\u00e9 est dans toute la principaut\u00e9 ou s\u2019applique uniquement \u00e0 une paroisse sp\u00e9cifique.<\/p>\n<h2 style=\"text-align: justify;\">Vacances de janvier<\/h2>\n<p style=\"text-align: justify;\">1 Saint-Sylvestre &#8211; Festivit\u00e9s dans toute l\u2019Andorre<\/p>\n<p style=\"text-align: justify;\">6 Kings Day &#8211; Des vacances dans toute l&rsquo;Andorre<\/p>\n<p style=\"text-align: justify;\">7 F\u00eate patronale de la paroisse de San Juli\u00e1n &#8211; F\u00eate dans la paroisse de Sant Juli\u00e0<\/p>\n<p style=\"text-align: justify;\">17 San Antonio &#8211; vacances dans la paroisse de La Massana<\/p>\n<p style=\"text-align: justify;\">20 Saint-S\u00e9bastien &#8211; Vacances dans la paroisse d&rsquo;Ordino<\/p>\n<h2 style=\"text-align: justify;\">Vacances en f\u00e9vrier<\/h2>\n<p style=\"text-align: justify;\">Il n&rsquo;y a pas de date de vacances.<\/p>\n<h2 style=\"text-align: justify;\">Vacances en mars<\/h2>\n<p style=\"text-align: justify;\">4 Carnaval &#8211; F\u00eate dans toute Andorre<\/p>\n<p style=\"text-align: justify;\">14 Jour de la Constitution &#8211; Des vacances en Andorre<\/p>\n<h2 style=\"text-align: justify;\">Vacances en avril<\/h2>\n<p style=\"text-align: justify;\">19 Vendredi saint &#8211; Festive dans toute l&rsquo;Andorre<\/p>\n<p style=\"text-align: justify;\">22 lundi de P\u00e2ques &#8211; festif dans toute Andorre<\/p>\n<h2 style=\"text-align: justify;\">Vacances en mai<\/h2>\n<p style=\"text-align: justify;\">1 f\u00eate du travail &#8211; vacances dans toute Andorre<\/p>\n<p style=\"text-align: justify;\">25 Journ\u00e9e patronale de la paroisse Diada de Can\u00f2lich &#8211; Vacances dans la paroisse de Sant Juli\u00e0<\/p>\n<h2 style=\"text-align: justify;\">Vacances en juin<\/h2>\n<p style=\"text-align: justify;\">10 lundi de Pentec\u00f4te &#8211; Festivit\u00e9s dans toute Andorre<\/p>\n<p style=\"text-align: justify;\">14 Jour comm\u00e9moratif de la cr\u00e9ation de la paroisse &#8211; S\u00e9jour dans la paroisse d&rsquo;Escaldes<\/p>\n<p style=\"text-align: justify;\">22 Festival du peuple d&rsquo;Encamp &#8211; Uniquement dans la paroisse d&rsquo;Encamp<\/p>\n<p style=\"text-align: justify;\">23 Festival du peuple d&rsquo;Encamp &#8211; Uniquement dans la paroisse d&rsquo;Encamp<\/p>\n<p style=\"text-align: justify;\">24 People&rsquo;s Festival &#8211; Festive dans la capitale d&rsquo;Andorre<\/p>\n<p style=\"text-align: justify;\">24 Festival Sispony San Juan &#8211; Vacances dans la paroisse de La Massana<\/p>\n<p style=\"text-align: justify;\">29 Jour patronne du Pas de la Case Sant Pedro &#8211; Uniquement dans la paroisse d\u2019Encamp<\/p>\n<p style=\"text-align: justify;\">29 jour de San Pedro et El Tarter &#8211; F\u00eate dans la paroisse de Canillo<\/p>\n<p style=\"text-align: justify;\">29 Fiesta Mayor de Pal &#8211; Vacances dans la paroisse de La Massana<\/p>\n<h2 style=\"text-align: justify;\">Vacances en juillet<\/h2>\n<p style=\"text-align: justify;\">Festival 7 Roser &#8211; Vacances dans la paroisse d&rsquo;Ordino<\/p>\n<p style=\"text-align: justify;\">8 Fiesta del Roser &#8211; Vacances dans la paroisse d&rsquo;Ordino<\/p>\n<p style=\"text-align: justify;\">10 Fiesta Mayor de Any\u00f3s San Crist\u00f3bal &#8211; Vacances dans la paroisse de La Massana<\/p>\n<p style=\"text-align: justify;\">13 Soldeu &#8211; F\u00eate dans la paroisse de Canillo<\/p>\n<p style=\"text-align: justify;\">14 jour de Roser de La Massana &#8211; Vacances dans la paroisse de La Massana<\/p>\n<p style=\"text-align: justify;\">21 Festival majeur d&rsquo;Erts &#8211; Vacances dans la paroisse de La Massana<\/p>\n<p style=\"text-align: justify;\">22 C\u00e9l\u00e9bration de Canillo &#8211; F\u00eate dans la paroisse de Canillo<\/p>\n<p style=\"text-align: justify;\">25 jour de Saint-Jacques, Ransol, Aldosa, Els Plans &#8211; Festive dans la paroisse de Canillo<\/p>\n<p style=\"text-align: justify;\">25 Diada de Sant Jaime, maire de la Fiesta &#8211; vacances dans la paroisse d&rsquo;Escaldes<\/p>\n<p style=\"text-align: justify;\">26 Diada de Santa Anna, maire de la Fiesta &#8211; vacances dans la paroisse d&rsquo;Escaldes<\/p>\n<p style=\"text-align: justify;\">29 Festival majeur de Sant Juli\u00e0 &#8211; Vacances dans la paroisse de Sant Juli\u00e0<\/p>\n<p style=\"text-align: justify;\">30 Festival majeur de Sant Juli\u00e0 &#8211; Vacances dans la paroisse de Sant Juli\u00e0<\/p>\n<h2 style=\"text-align: justify;\">Vacances en ao\u00fbt<\/h2>\n<p style=\"text-align: justify;\">3\u00e8me jour du grand festival d&rsquo;Andorre-la-Vieille &#8211; Festive dans la capitale d&rsquo;Andorre<\/p>\n<p style=\"text-align: justify;\">3 jour de la Fiesta Mayor de Llorts &#8211; Vacances dans la paroisse d&rsquo;Ordino<\/p>\n<p style=\"text-align: justify;\">4\u00e8me jour du grand festival d&rsquo;Andorre-la-Vieille &#8211; Festive dans la capitale d&rsquo;Andorre<\/p>\n<p style=\"text-align: justify;\">4 Jour de la Fiesta Mayor de Llorts &#8211; Vacances dans la paroisse d&rsquo;Ordino<\/p>\n<p style=\"text-align: justify;\">5\u00e8me journ\u00e9e du grand festival d&rsquo;Andorre-la-Vieille &#8211; Festive dans la capitale d&rsquo;Andorre<\/p>\n<p style=\"text-align: justify;\">11\u00e8me journ\u00e9e du festival majeur de l&rsquo;Aldosa &#8211; Vacances dans la paroisse de La Massana<\/p>\n<p style=\"text-align: justify;\">15 Asunci\u00f3n &#8211; Festive dans tout Andorre<\/p>\n<p style=\"text-align: justify;\">Patron de 16 jours d&rsquo;Encamp San Roque &#8211; vacances uniquement dans la paroisse d&rsquo;Encamp<\/p>\n<p style=\"text-align: justify;\">16 Saint Roque &#8211; F\u00eate dans la paroisse de Canillo<\/p>\n<p style=\"text-align: justify;\">16 Festival des Sorn\u00e0s &#8211; Vacances dans la paroisse d&rsquo;Ordino<\/p>\n<p style=\"text-align: justify;\">16 jour de San Roque &#8211; Vacances dans la paroisse de La Massana<\/p>\n<p style=\"text-align: justify;\">18\u00e8me f\u00eate principale d&rsquo;Arinsal &#8211; Vacances dans la paroisse de La Massana<\/p>\n<p style=\"text-align: justify;\">24 jour de San Bartolomeo de Soldeu &#8211; F\u00eate dans la paroisse de Canillo<\/p>\n<p style=\"text-align: justify;\">31\u00e8me f\u00eate majeure de la Cortinada &#8211; Vacances dans la paroisse d&rsquo;Ordino<\/p>\n<h2 style=\"text-align: justify;\">Vacances en septembre<\/h2>\n<p style=\"text-align: justify;\">1 jour du parti majeur de la Cortinada &#8211; Vacances dans la paroisse d&rsquo;Ordino<\/p>\n<p style=\"text-align: justify;\">8 Journ\u00e9e Notre Dame de Meritxell &#8211; Festive dans toute l\u2019Andorre<\/p>\n<p style=\"text-align: justify;\">16 Ordino Fiesta Day &#8211; Vacances dans la paroisse d\u2019Ordino<\/p>\n<p style=\"text-align: justify;\">29 Journ\u00e9e du festival d&rsquo;Ansalonga &#8211; Vacances dans la paroisse d&rsquo;Ordino<\/p>\n<h2 style=\"text-align: justify;\">Vacances en octobre<\/h2>\n<p style=\"text-align: justify;\">Il n&rsquo;y a pas de vacances<\/p>\n<h2 style=\"text-align: justify;\">Vacances en novembre<\/h2>\n<p style=\"text-align: justify;\">1 Toussaint &#8211; Des vacances en Andorre<\/p>\n<p style=\"text-align: justify;\">30 Saint Andr\u00e9 &#8211; Vacances dans la paroisse de La Massana<\/p>\n<h2 style=\"text-align: justify;\">Vacances en d\u00e9cembre<\/h2>\n<p style=\"text-align: justify;\">8 Journ\u00e9e de la conception immacul\u00e9e &#8211; Festive dans toute l\u2019Andorre<\/p>\n<p style=\"text-align: justify;\">25 No\u00ebl &#8211; festif dans toute Andorre<\/p>\n<p style=\"text-align: justify;\">26 Saint Etienne &#8211; Festivit\u00e9s dans toute l&rsquo;Andorre<\/p>\n","protected":false},"excerpt":{"rendered":"<p>Nous exposons ici les vacances de l&rsquo;ann\u00e9e 2020 en Andorre. Chaque pays a des jours \u00e0 c\u00e9l\u00e9brer, appel\u00e9s vacances.\u00a0Ce sont des jours sp\u00e9cifiques o\u00f9, par le pass\u00e9, il y avait des \u00e9v\u00e9nements importants tels que la naissance de personnages historiques, des dates bibliques, des foires ou des f\u00eates, entre autres. Ensuite, nous montrerons tous les [&hellip;]<\/p>\n","protected":false},"author":1,"featured_media":1977,"comment_status":"closed","ping_status":"closed","sticky":false,"template":"","format":"standard","meta":{"_acf_changed":false,"footnotes":""},"categories":[267],"tags":[148,264,265,266,268,269,270],"class_list":["post-1970","post","type-post","status-publish","format-standard","has-post-thumbnail","hentry","category-fetes","tag-andorre","tag-canillo","tag-encamp","tag-escaldes","tag-la-massana","tag-ordino","tag-sant-julia"],"acf":[],"yoast_head":"<!-- This site is optimized with the Yoast SEO plugin v24.6 - https:\/\/yoast.com\/wordpress\/plugins\/seo\/ -->\n<title>Calendrier des vacances de l&#039;ann\u00e9e 2020 en Andorre - Andorra Advisors<\/title>\n<meta name=\"description\" content=\"Acc\u00e9dez au calendrier actualis\u00e9 des vacances en Andorre de l&#039;ann\u00e9e 2020. D\u00e9couvrez les vacances de chacune des paroisses de la principaut\u00e9.\" \/>\n<meta name=\"robots\" content=\"index, follow, max-snippet:-1, max-image-preview:large, max-video-preview:-1\" \/>\n<link rel=\"canonical\" href=\"https:\/\/www.andorra-advisors.com\/fr\/blog\/vacances-andorre\/\" \/>\n<meta property=\"og:locale\" content=\"fr_FR\" \/>\n<meta property=\"og:type\" content=\"article\" \/>\n<meta property=\"og:title\" content=\"Calendrier des vacances de l&#039;ann\u00e9e 2020 en Andorre - Andorra Advisors\" \/>\n<meta property=\"og:description\" content=\"Acc\u00e9dez au calendrier actualis\u00e9 des vacances en Andorre de l&#039;ann\u00e9e 2020. D\u00e9couvrez les vacances de chacune des paroisses de la principaut\u00e9.\" \/>\n<meta property=\"og:url\" content=\"https:\/\/www.andorra-advisors.com\/fr\/blog\/vacances-andorre\/\" \/>\n<meta property=\"og:site_name\" content=\"Andorra Advisors\" \/>\n<meta property=\"article:published_time\" content=\"2020-04-09T10:41:10+00:00\" \/>\n<meta property=\"article:modified_time\" content=\"2021-02-01T09:22:36+00:00\" \/>\n<meta property=\"og:image\" content=\"https:\/\/www.andorra-advisors.com\/fr\/wp-content\/uploads\/2020\/04\/vacances-andorre-2020.png\" \/>\n\t<meta property=\"og:image:width\" content=\"360\" \/>\n\t<meta property=\"og:image:height\" content=\"240\" \/>\n\t<meta property=\"og:image:type\" content=\"image\/png\" \/>\n<meta name=\"author\" content=\"Cristina L\u00f3pez Morales\" \/>\n<meta name=\"twitter:card\" content=\"summary_large_image\" \/>\n<meta name=\"twitter:label1\" content=\"\u00c9crit par\" \/>\n\t<meta name=\"twitter:data1\" content=\"Cristina L\u00f3pez Morales\" \/>\n\t<meta name=\"twitter:label2\" content=\"Dur\u00e9e de lecture estim\u00e9e\" \/>\n\t<meta name=\"twitter:data2\" content=\"4 minutes\" \/>\n<script type=\"application\/ld+json\" class=\"yoast-schema-graph\">{\"@context\":\"https:\/\/schema.org\",\"@graph\":[{\"@type\":\"WebPage\",\"@id\":\"https:\/\/www.andorra-advisors.com\/fr\/blog\/vacances-andorre\/\",\"url\":\"https:\/\/www.andorra-advisors.com\/fr\/blog\/vacances-andorre\/\",\"name\":\"Calendrier des vacances de l'ann\u00e9e 2020 en Andorre - Andorra Advisors\",\"isPartOf\":{\"@id\":\"https:\/\/www.andorra-advisors.com\/fr\/#website\"},\"primaryImageOfPage\":{\"@id\":\"https:\/\/www.andorra-advisors.com\/fr\/blog\/vacances-andorre\/#primaryimage\"},\"image\":{\"@id\":\"https:\/\/www.andorra-advisors.com\/fr\/blog\/vacances-andorre\/#primaryimage\"},\"thumbnailUrl\":\"https:\/\/www.andorra-advisors.com\/fr\/wp-content\/uploads\/2020\/04\/vacances-andorre-2020.png\",\"datePublished\":\"2020-04-09T10:41:10+00:00\",\"dateModified\":\"2021-02-01T09:22:36+00:00\",\"author\":{\"@id\":\"https:\/\/www.andorra-advisors.com\/fr\/#\/schema\/person\/de736d5ace974a427a41d6034f082942\"},\"description\":\"Acc\u00e9dez au calendrier actualis\u00e9 des vacances en Andorre de l'ann\u00e9e 2020. D\u00e9couvrez les vacances de chacune des paroisses de la principaut\u00e9.\",\"breadcrumb\":{\"@id\":\"https:\/\/www.andorra-advisors.com\/fr\/blog\/vacances-andorre\/#breadcrumb\"},\"inLanguage\":\"fr\",\"potentialAction\":[{\"@type\":\"ReadAction\",\"target\":[\"https:\/\/www.andorra-advisors.com\/fr\/blog\/vacances-andorre\/\"]}]},{\"@type\":\"ImageObject\",\"inLanguage\":\"fr-FR\",\"@id\":\"https:\/\/www.andorra-advisors.com\/fr\/blog\/vacances-andorre\/#primaryimage\",\"url\":\"https:\/\/www.andorra-advisors.com\/fr\/wp-content\/uploads\/2020\/04\/vacances-andorre-2020.png\",\"contentUrl\":\"https:\/\/www.andorra-advisors.com\/fr\/wp-content\/uploads\/2020\/04\/vacances-andorre-2020.png\",\"width\":360,\"height\":240,\"caption\":\"vacances andorre 2020\"},{\"@type\":\"BreadcrumbList\",\"@id\":\"https:\/\/www.andorra-advisors.com\/fr\/blog\/vacances-andorre\/#breadcrumb\",\"itemListElement\":[{\"@type\":\"ListItem\",\"position\":1,\"name\":\"Accueil\",\"item\":\"https:\/\/www.andorra-advisors.com\/fr\/\"},{\"@type\":\"ListItem\",\"position\":2,\"name\":\"Vacances de l&rsquo;ann\u00e9e en Andorre 2020\"}]},{\"@type\":\"WebSite\",\"@id\":\"https:\/\/www.andorra-advisors.com\/fr\/#website\",\"url\":\"https:\/\/www.andorra-advisors.com\/fr\/\",\"name\":\"Andorra Advisors\",\"description\":\"\",\"potentialAction\":[{\"@type\":\"SearchAction\",\"target\":{\"@type\":\"EntryPoint\",\"urlTemplate\":\"https:\/\/www.andorra-advisors.com\/fr\/?s={search_term_string}\"},\"query-input\":{\"@type\":\"PropertyValueSpecification\",\"valueRequired\":true,\"valueName\":\"search_term_string\"}}],\"inLanguage\":\"fr-FR\"},{\"@type\":\"Person\",\"@id\":\"https:\/\/www.andorra-advisors.com\/fr\/#\/schema\/person\/de736d5ace974a427a41d6034f082942\",\"name\":\"Cristina L\u00f3pez Morales\",\"image\":{\"@type\":\"ImageObject\",\"inLanguage\":\"fr-FR\",\"@id\":\"https:\/\/www.andorra-advisors.com\/fr\/#\/schema\/person\/image\/\",\"url\":\"https:\/\/secure.gravatar.com\/avatar\/fedd1bd1f5793d622244afd8f03c6ec9?s=96&d=mm&r=g\",\"contentUrl\":\"https:\/\/secure.gravatar.com\/avatar\/fedd1bd1f5793d622244afd8f03c6ec9?s=96&d=mm&r=g\",\"caption\":\"Cristina L\u00f3pez Morales\"},\"description\":\"Baccalaur\u00e9at en administration et gestion des entreprises. Passion pour la finance et la communication. Apprentissage et formation dans le monde des affaires au quotidien. Je collabore avec Andorra Advisors by Aug\u00e9 Grup dans la cr\u00e9ation de contenus li\u00e9s \u00e0 la cr\u00e9ation d'entreprise et \u00e0 la fiscalit\u00e9 en Andorre.\",\"sameAs\":[\"admin\"],\"url\":\"https:\/\/www.andorra-advisors.com\/fr\/author\/cristina-lopez\/\"}]}<\/script>\n<!-- \/ Yoast SEO plugin. -->","yoast_head_json":{"title":"Calendrier des vacances de l'ann\u00e9e 2020 en Andorre - Andorra Advisors","description":"Acc\u00e9dez au calendrier actualis\u00e9 des vacances en Andorre de l'ann\u00e9e 2020. D\u00e9couvrez les vacances de chacune des paroisses de la principaut\u00e9.","robots":{"index":"index","follow":"follow","max-snippet":"max-snippet:-1","max-image-preview":"max-image-preview:large","max-video-preview":"max-video-preview:-1"},"canonical":"https:\/\/www.andorra-advisors.com\/fr\/blog\/vacances-andorre\/","og_locale":"fr_FR","og_type":"article","og_title":"Calendrier des vacances de l'ann\u00e9e 2020 en Andorre - Andorra Advisors","og_description":"Acc\u00e9dez au calendrier actualis\u00e9 des vacances en Andorre de l'ann\u00e9e 2020. D\u00e9couvrez les vacances de chacune des paroisses de la principaut\u00e9.","og_url":"https:\/\/www.andorra-advisors.com\/fr\/blog\/vacances-andorre\/","og_site_name":"Andorra Advisors","article_published_time":"2020-04-09T10:41:10+00:00","article_modified_time":"2021-02-01T09:22:36+00:00","og_image":[{"width":360,"height":240,"url":"https:\/\/www.andorra-advisors.com\/fr\/wp-content\/uploads\/2020\/04\/vacances-andorre-2020.png","type":"image\/png"}],"author":"Cristina L\u00f3pez Morales","twitter_card":"summary_large_image","twitter_misc":{"\u00c9crit par":"Cristina L\u00f3pez Morales","Dur\u00e9e de lecture estim\u00e9e":"4 minutes"},"schema":{"@context":"https:\/\/schema.org","@graph":[{"@type":"WebPage","@id":"https:\/\/www.andorra-advisors.com\/fr\/blog\/vacances-andorre\/","url":"https:\/\/www.andorra-advisors.com\/fr\/blog\/vacances-andorre\/","name":"Calendrier des vacances de l'ann\u00e9e 2020 en Andorre - Andorra Advisors","isPartOf":{"@id":"https:\/\/www.andorra-advisors.com\/fr\/#website"},"primaryImageOfPage":{"@id":"https:\/\/www.andorra-advisors.com\/fr\/blog\/vacances-andorre\/#primaryimage"},"image":{"@id":"https:\/\/www.andorra-advisors.com\/fr\/blog\/vacances-andorre\/#primaryimage"},"thumbnailUrl":"https:\/\/www.andorra-advisors.com\/fr\/wp-content\/uploads\/2020\/04\/vacances-andorre-2020.png","datePublished":"2020-04-09T10:41:10+00:00","dateModified":"2021-02-01T09:22:36+00:00","author":{"@id":"https:\/\/www.andorra-advisors.com\/fr\/#\/schema\/person\/de736d5ace974a427a41d6034f082942"},"description":"Acc\u00e9dez au calendrier actualis\u00e9 des vacances en Andorre de l'ann\u00e9e 2020. D\u00e9couvrez les vacances de chacune des paroisses de la principaut\u00e9.","breadcrumb":{"@id":"https:\/\/www.andorra-advisors.com\/fr\/blog\/vacances-andorre\/#breadcrumb"},"inLanguage":"fr","potentialAction":[{"@type":"ReadAction","target":["https:\/\/www.andorra-advisors.com\/fr\/blog\/vacances-andorre\/"]}]},{"@type":"ImageObject","inLanguage":"fr-FR","@id":"https:\/\/www.andorra-advisors.com\/fr\/blog\/vacances-andorre\/#primaryimage","url":"https:\/\/www.andorra-advisors.com\/fr\/wp-content\/uploads\/2020\/04\/vacances-andorre-2020.png","contentUrl":"https:\/\/www.andorra-advisors.com\/fr\/wp-content\/uploads\/2020\/04\/vacances-andorre-2020.png","width":360,"height":240,"caption":"vacances andorre 2020"},{"@type":"BreadcrumbList","@id":"https:\/\/www.andorra-advisors.com\/fr\/blog\/vacances-andorre\/#breadcrumb","itemListElement":[{"@type":"ListItem","position":1,"name":"Accueil","item":"https:\/\/www.andorra-advisors.com\/fr\/"},{"@type":"ListItem","position":2,"name":"Vacances de l&rsquo;ann\u00e9e en Andorre 2020"}]},{"@type":"WebSite","@id":"https:\/\/www.andorra-advisors.com\/fr\/#website","url":"https:\/\/www.andorra-advisors.com\/fr\/","name":"Andorra Advisors","description":"","potentialAction":[{"@type":"SearchAction","target":{"@type":"EntryPoint","urlTemplate":"https:\/\/www.andorra-advisors.com\/fr\/?s={search_term_string}"},"query-input":{"@type":"PropertyValueSpecification","valueRequired":true,"valueName":"search_term_string"}}],"inLanguage":"fr-FR"},{"@type":"Person","@id":"https:\/\/www.andorra-advisors.com\/fr\/#\/schema\/person\/de736d5ace974a427a41d6034f082942","name":"Cristina L\u00f3pez Morales","image":{"@type":"ImageObject","inLanguage":"fr-FR","@id":"https:\/\/www.andorra-advisors.com\/fr\/#\/schema\/person\/image\/","url":"https:\/\/secure.gravatar.com\/avatar\/fedd1bd1f5793d622244afd8f03c6ec9?s=96&d=mm&r=g","contentUrl":"https:\/\/secure.gravatar.com\/avatar\/fedd1bd1f5793d622244afd8f03c6ec9?s=96&d=mm&r=g","caption":"Cristina L\u00f3pez Morales"},"description":"Baccalaur\u00e9at en administration et gestion des entreprises. Passion pour la finance et la communication. Apprentissage et formation dans le monde des affaires au quotidien. Je collabore avec Andorra Advisors by Aug\u00e9 Grup dans la cr\u00e9ation de contenus li\u00e9s \u00e0 la cr\u00e9ation d'entreprise et \u00e0 la fiscalit\u00e9 en Andorre.","sameAs":["admin"],"url":"https:\/\/www.andorra-advisors.com\/fr\/author\/cristina-lopez\/"}]}},"_links":{"self":[{"href":"https:\/\/www.andorra-advisors.com\/fr\/wp-json\/wp\/v2\/posts\/1970","targetHints":{"allow":["GET"]}}],"collection":[{"href":"https:\/\/www.andorra-advisors.com\/fr\/wp-json\/wp\/v2\/posts"}],"about":[{"href":"https:\/\/www.andorra-advisors.com\/fr\/wp-json\/wp\/v2\/types\/post"}],"author":[{"embeddable":true,"href":"https:\/\/www.andorra-advisors.com\/fr\/wp-json\/wp\/v2\/users\/1"}],"replies":[{"embeddable":true,"href":"https:\/\/www.andorra-advisors.com\/fr\/wp-json\/wp\/v2\/comments?post=1970"}],"version-history":[{"count":4,"href":"https:\/\/www.andorra-advisors.com\/fr\/wp-json\/wp\/v2\/posts\/1970\/revisions"}],"predecessor-version":[{"id":2265,"href":"https:\/\/www.andorra-advisors.com\/fr\/wp-json\/wp\/v2\/posts\/1970\/revisions\/2265"}],"wp:featuredmedia":[{"embeddable":true,"href":"https:\/\/www.andorra-advisors.com\/fr\/wp-json\/wp\/v2\/media\/1977"}],"wp:attachment":[{"href":"https:\/\/www.andorra-advisors.com\/fr\/wp-json\/wp\/v2\/media?parent=1970"}],"wp:term":[{"taxonomy":"category","embeddable":true,"href":"https:\/\/www.andorra-advisors.com\/fr\/wp-json\/wp\/v2\/categories?post=1970"},{"taxonomy":"post_tag","embeddable":true,"href":"https:\/\/www.andorra-advisors.com\/fr\/wp-json\/wp\/v2\/tags?post=1970"}],"curies":[{"name":"wp","href":"https:\/\/api.w.org\/{rel}","templated":true}]}}