{"id":2029,"date":"2020-06-01T06:52:00","date_gmt":"2020-06-01T06:52:00","guid":{"rendered":"https:\/\/www.andorra-advisors.com\/fr\/blog\/\/"},"modified":"2020-06-01T09:52:04","modified_gmt":"2020-06-01T09:52:04","slug":"covid19-andorre","status":"publish","type":"post","link":"https:\/\/www.andorra-advisors.com\/fr\/blog\/covid19-andorre\/","title":{"rendered":"Comment la pand\u00e9mie Covid-19 est v\u00e9cue en Andorre"},"content":{"rendered":"<p>Malgr\u00e9 son emplacement et son environnement naturel, l&rsquo;\u00a0<strong>Andorre n&rsquo;a pas pu \u00e9chapper \u00e0 la pand\u00e9mie mondiale de Covid-19<\/strong>\u00a0.\u00a0Le coronavirus a \u00e9galement attaqu\u00e9 la population d&rsquo;Andorre, mais avec moins d&rsquo;intensit\u00e9 qu&rsquo;ailleurs.\u00a0La faible densit\u00e9 de population et les bonnes performances du gouvernement y sont pour beaucoup.<\/p>\n<h2>Evolution du coronavirus en Andorre<\/h2>\n<p>Le 17 mars, les patients de Covid-19 ont commenc\u00e9 \u00e0 grandir dans la principaut\u00e9.\u00a0Apr\u00e8s avoir atteint 500 infect\u00e9s le 14 avril, il a atteint le pic maximum de la courbe, ce qui serait confirm\u00e9 quelques jours plus tard avec une baisse des infections.\u00a0Au 14 mai, le nombre total de personnes infect\u00e9es \u00e9tait de 750, avec seulement 135 cas actifs et 49 d\u00e9c\u00e8s.\u00a0Vous pouvez suivre l&rsquo;actualit\u00e9 des cas sur la page du gouvernement andorran.<\/p>\n<p>Avec ces donn\u00e9es, nous pouvons dire que l&rsquo;\u00a0<strong>Andorre est actuellement le pays avec les patients Covid-19 les moins actifs dans le monde.<\/strong><\/p>\n<h2>Mesures contre Covid-19 en Andorre<\/h2>\n<p>En Andorre, de bonnes mesures ont \u00e9t\u00e9 prises contre le coronavirus, tant sur le plan de la maladie elle-m\u00eame que sur le plan \u00e9conomique.\u00a0La premi\u00e8re chose \u00e0 noter est que l&rsquo;\u00a0<strong>Andorre a r\u00e9alis\u00e9 un test de coronavirus sur l&rsquo;ensemble de sa population<\/strong>\u00a0.\u00a0De cette fa\u00e7on, la normalit\u00e9 se r\u00e9tablira rapidement et les \u00e9ventuelles repousses seront ma\u00eetris\u00e9es.<\/p>\n<p>Comme partout ailleurs, les contacts avec les autres ont \u00e9t\u00e9 r\u00e9duits pour emp\u00eacher la propagation du virus.\u00a0Vous pouvez sortir pour faire de l&rsquo;exercice en respectant les r\u00e8gles, ainsi que pour acheter des produits de premi\u00e8re n\u00e9cessit\u00e9.\u00a0En Andorre, il est\u00a0<strong>obligatoire de porter un masque<\/strong>\u00a0, bien que ce ne soit pas lorsque vous faites du sport seul et \u00e0 l&rsquo;ext\u00e9rieur.<\/p>\n<p>Comme toutes les courbes se sont stabilis\u00e9es, l&rsquo;isolement se d\u00e9tend et\u00a0<strong>petit \u00e0 petit d&rsquo;autres \u00e9tablissements vont s&rsquo;ouvrir<\/strong>\u00a0.\u00a0Il est pr\u00e9vu que d&rsquo;ici le 1er juin tous les \u00e9tablissements seront ouverts sous des mesures de s\u00e9curit\u00e9 restrictives, y compris les restaurants (sauf les discoth\u00e8ques ou autres o\u00f9 il peut y avoir de la foule).<\/p>\n<h2>Mesures \u00e9conomiques en Andorre pour le coronavirus<\/h2>\n<p>En ce qui concerne l&rsquo;\u00e9conomie, le gouvernement andorran a cr\u00e9\u00e9 une\u00a0<strong>batterie d&rsquo;aide aux entreprises, aux particuliers et aux ind\u00e9pendants\u00a0<\/strong><a href=\"https:\/\/www.andorra-advisors.com\/fr\/residence-en-andorre\/\"><strong>r\u00e9sidant en Andorre<\/strong><\/a><strong>\u00a0.\u00a0<\/strong>Ce sont parmi les plus importants.<\/p>\n<ul>\n<li>120 millions d&rsquo;euros pour garantir les salaires des personnes touch\u00e9es par Covid-19.\u00a0Il est garanti de percevoir le salaire minimum (1083,33 \u20ac).<\/li>\n<li>20% de r\u00e9duction de loyer pour toutes les personnes concern\u00e9es.\u00a0Si votre versement hypoth\u00e9caire mensuel est \u00e9gal ou sup\u00e9rieur \u00e0 30% du revenu de l&rsquo;unit\u00e9 familiale, il est annul\u00e9.<\/li>\n<li>Si vous \u00eates travailleur ind\u00e9pendant et avez d\u00fb suspendre votre activit\u00e9, vous pouvez acc\u00e9der \u00e0 une prestation de salaire minimum mensuel.<\/li>\n<li>Pr\u00eats \u00e0 taux r\u00e9duit pour les entreprises et les ind\u00e9pendants \u00e0 0% d&rsquo;int\u00e9r\u00eat, afin qu&rsquo;ils puissent payer les salaires, les loyers, etc.<\/li>\n<li>80% de r\u00e9duction sur la location de locaux pour les entreprises qui poursuivent leur activit\u00e9.\u00a0Si vous avez d\u00fb fermer, vous n&rsquo;avez rien \u00e0 payer.\u00a0De plus, vous pouvez demander toutes sortes d&rsquo;aide \u00e0 leur retour \u00e0 l&rsquo;activit\u00e9.<\/li>\n<li>Suspension des dettes, taxes, frais et p\u00e9nalit\u00e9s.<\/li>\n<li>Reports, versements et remises sur les fournitures de base.<\/li>\n<\/ul>\n","protected":false},"excerpt":{"rendered":"<p>Malgr\u00e9 son emplacement et son environnement naturel, l&rsquo;\u00a0Andorre n&rsquo;a pas pu \u00e9chapper \u00e0 la pand\u00e9mie mondiale de Covid-19\u00a0.\u00a0Le coronavirus a \u00e9galement attaqu\u00e9 la population d&rsquo;Andorre, mais avec moins d&rsquo;intensit\u00e9 qu&rsquo;ailleurs.\u00a0La faible densit\u00e9 de population et les bonnes performances du gouvernement y sont pour beaucoup. Evolution du coronavirus en Andorre Le 17 mars, les patients de [&hellip;]<\/p>\n","protected":false},"author":1,"featured_media":2030,"comment_status":"closed","ping_status":"closed","sticky":false,"template":"","format":"standard","meta":{"_acf_changed":false,"footnotes":""},"categories":[1],"tags":[],"class_list":["post-2029","post","type-post","status-publish","format-standard","has-post-thumbnail","hentry","category-uncategorized"],"acf":[],"yoast_head":"<!-- This site is optimized with the Yoast SEO plugin v24.6 - https:\/\/yoast.com\/wordpress\/plugins\/seo\/ -->\n<title>Covid-19: Gestion et mesures adopt\u00e9es en Andorre<\/title>\n<meta name=\"description\" content=\"D\u00e9couvrez les mesures sociales, politiques et \u00e9conomiques que l&#039;Andorre a prises dans la lutte contre la pand\u00e9mie de coronavirus.\" \/>\n<meta name=\"robots\" content=\"index, follow, max-snippet:-1, max-image-preview:large, max-video-preview:-1\" \/>\n<link rel=\"canonical\" href=\"https:\/\/www.andorra-advisors.com\/fr\/blog\/covid19-andorre\/\" \/>\n<meta property=\"og:locale\" content=\"fr_FR\" \/>\n<meta property=\"og:type\" content=\"article\" \/>\n<meta property=\"og:title\" content=\"Covid-19: Gestion et mesures adopt\u00e9es en Andorre\" \/>\n<meta property=\"og:description\" content=\"D\u00e9couvrez les mesures sociales, politiques et \u00e9conomiques que l&#039;Andorre a prises dans la lutte contre la pand\u00e9mie de coronavirus.\" \/>\n<meta property=\"og:url\" content=\"https:\/\/www.andorra-advisors.com\/fr\/blog\/covid19-andorre\/\" \/>\n<meta property=\"og:site_name\" content=\"Andorra Advisors\" \/>\n<meta property=\"article:published_time\" content=\"2020-06-01T06:52:00+00:00\" \/>\n<meta property=\"article:modified_time\" content=\"2020-06-01T09:52:04+00:00\" \/>\n<meta property=\"og:image\" content=\"https:\/\/www.andorra-advisors.com\/fr\/wp-content\/uploads\/2020\/05\/apr\u00e8s_covid19.jpg\" \/>\n\t<meta property=\"og:image:width\" content=\"360\" \/>\n\t<meta property=\"og:image:height\" content=\"240\" \/>\n\t<meta property=\"og:image:type\" content=\"image\/jpeg\" \/>\n<meta name=\"author\" content=\"Cristina L\u00f3pez Morales\" \/>\n<meta name=\"twitter:card\" content=\"summary_large_image\" \/>\n<meta name=\"twitter:label1\" content=\"\u00c9crit par\" \/>\n\t<meta name=\"twitter:data1\" content=\"Cristina L\u00f3pez Morales\" \/>\n\t<meta name=\"twitter:label2\" content=\"Dur\u00e9e de lecture estim\u00e9e\" \/>\n\t<meta name=\"twitter:data2\" content=\"3 minutes\" \/>\n<script type=\"application\/ld+json\" class=\"yoast-schema-graph\">{\"@context\":\"https:\/\/schema.org\",\"@graph\":[{\"@type\":\"WebPage\",\"@id\":\"https:\/\/www.andorra-advisors.com\/fr\/blog\/covid19-andorre\/\",\"url\":\"https:\/\/www.andorra-advisors.com\/fr\/blog\/covid19-andorre\/\",\"name\":\"Covid-19: Gestion et mesures adopt\u00e9es en Andorre\",\"isPartOf\":{\"@id\":\"https:\/\/www.andorra-advisors.com\/fr\/#website\"},\"primaryImageOfPage\":{\"@id\":\"https:\/\/www.andorra-advisors.com\/fr\/blog\/covid19-andorre\/#primaryimage\"},\"image\":{\"@id\":\"https:\/\/www.andorra-advisors.com\/fr\/blog\/covid19-andorre\/#primaryimage\"},\"thumbnailUrl\":\"https:\/\/www.andorra-advisors.com\/fr\/wp-content\/uploads\/2020\/05\/apr\u00e8s_covid19.jpg\",\"datePublished\":\"2020-06-01T06:52:00+00:00\",\"dateModified\":\"2020-06-01T09:52:04+00:00\",\"author\":{\"@id\":\"https:\/\/www.andorra-advisors.com\/fr\/#\/schema\/person\/de736d5ace974a427a41d6034f082942\"},\"description\":\"D\u00e9couvrez les mesures sociales, politiques et \u00e9conomiques que l'Andorre a prises dans la lutte contre la pand\u00e9mie de coronavirus.\",\"breadcrumb\":{\"@id\":\"https:\/\/www.andorra-advisors.com\/fr\/blog\/covid19-andorre\/#breadcrumb\"},\"inLanguage\":\"fr\",\"potentialAction\":[{\"@type\":\"ReadAction\",\"target\":[\"https:\/\/www.andorra-advisors.com\/fr\/blog\/covid19-andorre\/\"]}]},{\"@type\":\"ImageObject\",\"inLanguage\":\"fr-FR\",\"@id\":\"https:\/\/www.andorra-advisors.com\/fr\/blog\/covid19-andorre\/#primaryimage\",\"url\":\"https:\/\/www.andorra-advisors.com\/fr\/wp-content\/uploads\/2020\/05\/apr\u00e8s_covid19.jpg\",\"contentUrl\":\"https:\/\/www.andorra-advisors.com\/fr\/wp-content\/uploads\/2020\/05\/apr\u00e8s_covid19.jpg\",\"width\":360,\"height\":240,\"caption\":\"apr\u00e8s covid19\"},{\"@type\":\"BreadcrumbList\",\"@id\":\"https:\/\/www.andorra-advisors.com\/fr\/blog\/covid19-andorre\/#breadcrumb\",\"itemListElement\":[{\"@type\":\"ListItem\",\"position\":1,\"name\":\"Accueil\",\"item\":\"https:\/\/www.andorra-advisors.com\/fr\/\"},{\"@type\":\"ListItem\",\"position\":2,\"name\":\"Comment la pand\u00e9mie Covid-19 est v\u00e9cue en Andorre\"}]},{\"@type\":\"WebSite\",\"@id\":\"https:\/\/www.andorra-advisors.com\/fr\/#website\",\"url\":\"https:\/\/www.andorra-advisors.com\/fr\/\",\"name\":\"Andorra Advisors\",\"description\":\"\",\"potentialAction\":[{\"@type\":\"SearchAction\",\"target\":{\"@type\":\"EntryPoint\",\"urlTemplate\":\"https:\/\/www.andorra-advisors.com\/fr\/?s={search_term_string}\"},\"query-input\":{\"@type\":\"PropertyValueSpecification\",\"valueRequired\":true,\"valueName\":\"search_term_string\"}}],\"inLanguage\":\"fr-FR\"},{\"@type\":\"Person\",\"@id\":\"https:\/\/www.andorra-advisors.com\/fr\/#\/schema\/person\/de736d5ace974a427a41d6034f082942\",\"name\":\"Cristina L\u00f3pez Morales\",\"image\":{\"@type\":\"ImageObject\",\"inLanguage\":\"fr-FR\",\"@id\":\"https:\/\/www.andorra-advisors.com\/fr\/#\/schema\/person\/image\/\",\"url\":\"https:\/\/secure.gravatar.com\/avatar\/fedd1bd1f5793d622244afd8f03c6ec9?s=96&d=mm&r=g\",\"contentUrl\":\"https:\/\/secure.gravatar.com\/avatar\/fedd1bd1f5793d622244afd8f03c6ec9?s=96&d=mm&r=g\",\"caption\":\"Cristina L\u00f3pez Morales\"},\"description\":\"Baccalaur\u00e9at en administration et gestion des entreprises. Passion pour la finance et la communication. Apprentissage et formation dans le monde des affaires au quotidien. Je collabore avec Andorra Advisors by Aug\u00e9 Grup dans la cr\u00e9ation de contenus li\u00e9s \u00e0 la cr\u00e9ation d'entreprise et \u00e0 la fiscalit\u00e9 en Andorre.\",\"sameAs\":[\"admin\"],\"url\":\"https:\/\/www.andorra-advisors.com\/fr\/author\/cristina-lopez\/\"}]}<\/script>\n<!-- \/ Yoast SEO plugin. -->","yoast_head_json":{"title":"Covid-19: Gestion et mesures adopt\u00e9es en Andorre","description":"D\u00e9couvrez les mesures sociales, politiques et \u00e9conomiques que l'Andorre a prises dans la lutte contre la pand\u00e9mie de coronavirus.","robots":{"index":"index","follow":"follow","max-snippet":"max-snippet:-1","max-image-preview":"max-image-preview:large","max-video-preview":"max-video-preview:-1"},"canonical":"https:\/\/www.andorra-advisors.com\/fr\/blog\/covid19-andorre\/","og_locale":"fr_FR","og_type":"article","og_title":"Covid-19: Gestion et mesures adopt\u00e9es en Andorre","og_description":"D\u00e9couvrez les mesures sociales, politiques et \u00e9conomiques que l'Andorre a prises dans la lutte contre la pand\u00e9mie de coronavirus.","og_url":"https:\/\/www.andorra-advisors.com\/fr\/blog\/covid19-andorre\/","og_site_name":"Andorra Advisors","article_published_time":"2020-06-01T06:52:00+00:00","article_modified_time":"2020-06-01T09:52:04+00:00","og_image":[{"width":360,"height":240,"url":"https:\/\/www.andorra-advisors.com\/fr\/wp-content\/uploads\/2020\/05\/apr\u00e8s_covid19.jpg","type":"image\/jpeg"}],"author":"Cristina L\u00f3pez Morales","twitter_card":"summary_large_image","twitter_misc":{"\u00c9crit par":"Cristina L\u00f3pez Morales","Dur\u00e9e de lecture estim\u00e9e":"3 minutes"},"schema":{"@context":"https:\/\/schema.org","@graph":[{"@type":"WebPage","@id":"https:\/\/www.andorra-advisors.com\/fr\/blog\/covid19-andorre\/","url":"https:\/\/www.andorra-advisors.com\/fr\/blog\/covid19-andorre\/","name":"Covid-19: Gestion et mesures adopt\u00e9es en Andorre","isPartOf":{"@id":"https:\/\/www.andorra-advisors.com\/fr\/#website"},"primaryImageOfPage":{"@id":"https:\/\/www.andorra-advisors.com\/fr\/blog\/covid19-andorre\/#primaryimage"},"image":{"@id":"https:\/\/www.andorra-advisors.com\/fr\/blog\/covid19-andorre\/#primaryimage"},"thumbnailUrl":"https:\/\/www.andorra-advisors.com\/fr\/wp-content\/uploads\/2020\/05\/apr\u00e8s_covid19.jpg","datePublished":"2020-06-01T06:52:00+00:00","dateModified":"2020-06-01T09:52:04+00:00","author":{"@id":"https:\/\/www.andorra-advisors.com\/fr\/#\/schema\/person\/de736d5ace974a427a41d6034f082942"},"description":"D\u00e9couvrez les mesures sociales, politiques et \u00e9conomiques que l'Andorre a prises dans la lutte contre la pand\u00e9mie de coronavirus.","breadcrumb":{"@id":"https:\/\/www.andorra-advisors.com\/fr\/blog\/covid19-andorre\/#breadcrumb"},"inLanguage":"fr","potentialAction":[{"@type":"ReadAction","target":["https:\/\/www.andorra-advisors.com\/fr\/blog\/covid19-andorre\/"]}]},{"@type":"ImageObject","inLanguage":"fr-FR","@id":"https:\/\/www.andorra-advisors.com\/fr\/blog\/covid19-andorre\/#primaryimage","url":"https:\/\/www.andorra-advisors.com\/fr\/wp-content\/uploads\/2020\/05\/apr\u00e8s_covid19.jpg","contentUrl":"https:\/\/www.andorra-advisors.com\/fr\/wp-content\/uploads\/2020\/05\/apr\u00e8s_covid19.jpg","width":360,"height":240,"caption":"apr\u00e8s covid19"},{"@type":"BreadcrumbList","@id":"https:\/\/www.andorra-advisors.com\/fr\/blog\/covid19-andorre\/#breadcrumb","itemListElement":[{"@type":"ListItem","position":1,"name":"Accueil","item":"https:\/\/www.andorra-advisors.com\/fr\/"},{"@type":"ListItem","position":2,"name":"Comment la pand\u00e9mie Covid-19 est v\u00e9cue en Andorre"}]},{"@type":"WebSite","@id":"https:\/\/www.andorra-advisors.com\/fr\/#website","url":"https:\/\/www.andorra-advisors.com\/fr\/","name":"Andorra Advisors","description":"","potentialAction":[{"@type":"SearchAction","target":{"@type":"EntryPoint","urlTemplate":"https:\/\/www.andorra-advisors.com\/fr\/?s={search_term_string}"},"query-input":{"@type":"PropertyValueSpecification","valueRequired":true,"valueName":"search_term_string"}}],"inLanguage":"fr-FR"},{"@type":"Person","@id":"https:\/\/www.andorra-advisors.com\/fr\/#\/schema\/person\/de736d5ace974a427a41d6034f082942","name":"Cristina L\u00f3pez Morales","image":{"@type":"ImageObject","inLanguage":"fr-FR","@id":"https:\/\/www.andorra-advisors.com\/fr\/#\/schema\/person\/image\/","url":"https:\/\/secure.gravatar.com\/avatar\/fedd1bd1f5793d622244afd8f03c6ec9?s=96&d=mm&r=g","contentUrl":"https:\/\/secure.gravatar.com\/avatar\/fedd1bd1f5793d622244afd8f03c6ec9?s=96&d=mm&r=g","caption":"Cristina L\u00f3pez Morales"},"description":"Baccalaur\u00e9at en administration et gestion des entreprises. Passion pour la finance et la communication. Apprentissage et formation dans le monde des affaires au quotidien. Je collabore avec Andorra Advisors by Aug\u00e9 Grup dans la cr\u00e9ation de contenus li\u00e9s \u00e0 la cr\u00e9ation d'entreprise et \u00e0 la fiscalit\u00e9 en Andorre.","sameAs":["admin"],"url":"https:\/\/www.andorra-advisors.com\/fr\/author\/cristina-lopez\/"}]}},"_links":{"self":[{"href":"https:\/\/www.andorra-advisors.com\/fr\/wp-json\/wp\/v2\/posts\/2029","targetHints":{"allow":["GET"]}}],"collection":[{"href":"https:\/\/www.andorra-advisors.com\/fr\/wp-json\/wp\/v2\/posts"}],"about":[{"href":"https:\/\/www.andorra-advisors.com\/fr\/wp-json\/wp\/v2\/types\/post"}],"author":[{"embeddable":true,"href":"https:\/\/www.andorra-advisors.com\/fr\/wp-json\/wp\/v2\/users\/1"}],"replies":[{"embeddable":true,"href":"https:\/\/www.andorra-advisors.com\/fr\/wp-json\/wp\/v2\/comments?post=2029"}],"version-history":[{"count":6,"href":"https:\/\/www.andorra-advisors.com\/fr\/wp-json\/wp\/v2\/posts\/2029\/revisions"}],"predecessor-version":[{"id":2036,"href":"https:\/\/www.andorra-advisors.com\/fr\/wp-json\/wp\/v2\/posts\/2029\/revisions\/2036"}],"wp:featuredmedia":[{"embeddable":true,"href":"https:\/\/www.andorra-advisors.com\/fr\/wp-json\/wp\/v2\/media\/2030"}],"wp:attachment":[{"href":"https:\/\/www.andorra-advisors.com\/fr\/wp-json\/wp\/v2\/media?parent=2029"}],"wp:term":[{"taxonomy":"category","embeddable":true,"href":"https:\/\/www.andorra-advisors.com\/fr\/wp-json\/wp\/v2\/categories?post=2029"},{"taxonomy":"post_tag","embeddable":true,"href":"https:\/\/www.andorra-advisors.com\/fr\/wp-json\/wp\/v2\/tags?post=2029"}],"curies":[{"name":"wp","href":"https:\/\/api.w.org\/{rel}","templated":true}]}}