{"id":2110,"date":"2020-08-03T04:10:58","date_gmt":"2020-08-03T04:10:58","guid":{"rendered":"https:\/\/www.andorra-advisors.com\/fr\/blog\/\/"},"modified":"2020-08-03T04:17:03","modified_gmt":"2020-08-03T04:17:03","slug":"tribunal-arbitrage-andorre","status":"publish","type":"post","link":"https:\/\/www.andorra-advisors.com\/fr\/blog\/tribunal-arbitrage-andorre\/","title":{"rendered":"La Cour d&rsquo;arbitrage de la Principaut\u00e9 d&rsquo;Andorre est ouverte"},"content":{"rendered":"<p><span>Apr\u00e8s trois longues ann\u00e9es d&rsquo;attente pour le lancement de ce projet, la&nbsp;<\/span><strong><span>Cour d&rsquo;arbitrage de la Principaut\u00e9 d&rsquo;Andorre<\/span><\/strong><span>&nbsp;est enfin inaugur\u00e9e&nbsp;, abr\u00e9g\u00e9e en TAPA.&nbsp;C&rsquo;est une alliance entre la Chambre de Commerce et l&rsquo;Ordre des Avocats d&rsquo;Andorre qui tentera de r\u00e9soudre les conflits entre entreprises rapidement et sans avoir \u00e0 saisir les tribunaux.<\/span><\/p>\n<p><strong><span>Deux leaders du monde juridique international<\/span><\/strong><span>&nbsp;ont \u00e9t\u00e9 \u00e0 la t\u00eate de ce nouveau tribunal&nbsp;<strong>.&nbsp;<\/strong>Pierre Raoul-Duval en est devenu le pr\u00e9sident et Juan Pablo Correa agira en tant que secr\u00e9taire g\u00e9n\u00e9ral, postes qui leur auront \u00e9t\u00e9 nomm\u00e9s \u00e0 l&rsquo;issue de la rencontre tenue le 15 juillet entre les deux organisations qui le composent.<\/span><\/p>\n<h2><span>TAPA veut devenir le premier moyen de r\u00e9solution des conflits pour les entreprises andorranes<\/span><\/h2>\n<p><span>L&rsquo;objectif principal de ce nouveau tribunal d&rsquo;arbitrage est de&nbsp;<\/span><strong><span>servir<\/span><\/strong><span>&nbsp;de&nbsp;<strong>m\u00e9diateur dans toutes sortes de conflits commerciaux<\/strong>&nbsp;, nationaux et internationaux, afin de parvenir \u00e0 un accord \u00e9quitable pour les deux parties sans avoir \u00e0 recourir aux tribunaux.&nbsp;De cette mani\u00e8re, les entreprises qui d\u00e9cident d&rsquo;opter pour cette option pourront r\u00e9soudre leurs conflits plus rapidement.<\/span><\/p>\n<p><span>La cr\u00e9ation de ce type de tribunal n&rsquo;a rien de nouveau et&nbsp;<\/span><strong><span>son efficacit\u00e9 est plus que prouv\u00e9e<\/span><\/strong><span>&nbsp;.&nbsp;Les entreprises de villes aussi importantes que New York, Paris ou Gen\u00e8ve sont plus qu&rsquo;habitu\u00e9es \u00e0 se tourner vers les tribunaux priv\u00e9s pour r\u00e9soudre leurs conflits de mani\u00e8re plus agile mais aussi plus confidentielle.<\/span><\/p>\n<p><span>Le travail principal est d\u00e9sormais de se faire conna\u00eetre au niveau national et international, dans le but de&nbsp;<\/span><strong><span>devenir l&rsquo;un des leaders mondiaux<\/span><\/strong><span>&nbsp;du secteur de la m\u00e9diation.&nbsp;Pour l&rsquo;instant, ils partent du bon pied, en choisissant des professionnels de classe mondiale poss\u00e9dant une vaste exp\u00e9rience dans le domaine juridique international.<\/span><\/p>\n<h2><span>Les experts \u00e0 la t\u00eate de TAPA ont prononc\u00e9 leurs premiers mots<\/span><\/h2>\n<p><strong><span>Le pr\u00e9sident de la TAPA, Pierre Raoul-Duval,<\/span><\/strong><span>&nbsp;est une autorit\u00e9 en mati\u00e8re de contentieux.&nbsp;En plus d&rsquo;\u00eatre un associ\u00e9 senior du prestigieux buffet fran\u00e7ais Gide depuis des ann\u00e9es, il a fourni ses services \u00e0 de nombreuses reprises devant la Chambre de Commerce Internationale (CCI), le cas le plus connu \u00e9tant l&rsquo;arbitrage de l&rsquo;Eurotunnel.&nbsp;Gr\u00e2ce \u00e0 sa vaste exp\u00e9rience et \u00e0 sa carri\u00e8re professionnelle, il a acquis diff\u00e9rentes strat\u00e9gies et techniques qui se sont r\u00e9v\u00e9l\u00e9es tr\u00e8s efficaces lors de conflits internationaux.<\/span><\/p>\n<p><span>Ses premiers mots lors de la prise de commandement de TAPA ont \u00e9t\u00e9 les suivants: \u00abla cr\u00e9ation du tribunal est l&rsquo;occasion d&rsquo;offrir un service d&rsquo;arbitrage \u00e0 la communaut\u00e9 d&rsquo;affaires andorrane qui recherche un&nbsp;<\/span><strong><span>m\u00e9diateur impartial, neutre et comp\u00e9tent<\/span><\/strong><span>&nbsp;dans les conflits civils, commerciaux et patrimoniaux\u00bb .<\/span><\/p>\n<p><span>De son c\u00f4t\u00e9, Juan Pablo Correa a obtenu son doctorat en droit de l&rsquo;Universit\u00e9 de Barcelone en 1977. Depuis, il a acquis une vaste exp\u00e9rience dans la r\u00e9solution de conflits internationaux, travaillant pour diff\u00e9rents cabinets d&rsquo;avocats prestigieux.&nbsp;Il est \u00e9galement une personnalit\u00e9 reconnue dans le monde entier pour avoir agi en tant que m\u00e9diateur international, pour \u00eatre professeur dans des universit\u00e9s renomm\u00e9es et comme auteur de nombreux articles de grande valeur \u00e0 travers le monde.<\/span><\/p>\n<p><span>Juan Pablo a prononc\u00e9 quelques mots en faveur de l&rsquo;\u00e9conomie cr\u00e9\u00e9e autour des tribunaux priv\u00e9s: \u00abLe&nbsp;<\/span><strong><span>tribunal arbitral de Paris g\u00e9n\u00e8re 400 millions d&rsquo;euros par an<\/span><\/strong><span>&nbsp;gr\u00e2ce \u00e0 tous les professionnels impliqu\u00e9s, en plus de l&rsquo;h\u00f4tellerie et des transports.&nbsp;Il est consid\u00e9r\u00e9 comme un tourisme de luxe \u00bb.<\/span><\/p>\n<p><span>Avec la cr\u00e9ation de ce tribunal, Andorre esp\u00e8re attirer l&rsquo;attention des entreprises internationales qui souhaitent r\u00e9soudre leurs conflits d&rsquo;une mani\u00e8re diff\u00e9rente.<\/span><\/p>\n","protected":false},"excerpt":{"rendered":"<p>Apr\u00e8s trois longues ann\u00e9es d&rsquo;attente pour le lancement de ce projet, la&nbsp;Cour d&rsquo;arbitrage de la Principaut\u00e9 d&rsquo;Andorre&nbsp;est enfin inaugur\u00e9e&nbsp;, abr\u00e9g\u00e9e en TAPA.&nbsp;C&rsquo;est une alliance entre la Chambre de Commerce et l&rsquo;Ordre des Avocats d&rsquo;Andorre qui tentera de r\u00e9soudre les conflits entre entreprises rapidement et sans avoir \u00e0 saisir les tribunaux. Deux leaders du monde juridique [&hellip;]<\/p>\n","protected":false},"author":1,"featured_media":2111,"comment_status":"closed","ping_status":"closed","sticky":false,"template":"","format":"standard","meta":{"_acf_changed":false,"footnotes":""},"categories":[1],"tags":[],"class_list":["post-2110","post","type-post","status-publish","format-standard","has-post-thumbnail","hentry","category-uncategorized"],"acf":[],"yoast_head":"<!-- This site is optimized with the Yoast SEO plugin v24.6 - https:\/\/yoast.com\/wordpress\/plugins\/seo\/ -->\n<title>La Cour d&#039;arbitrage de la Principaut\u00e9 d&#039;Andorre est ouverte - Andorra Advisors<\/title>\n<meta name=\"robots\" content=\"index, follow, max-snippet:-1, max-image-preview:large, max-video-preview:-1\" \/>\n<link rel=\"canonical\" href=\"https:\/\/www.andorra-advisors.com\/fr\/blog\/tribunal-arbitrage-andorre\/\" \/>\n<meta property=\"og:locale\" content=\"fr_FR\" \/>\n<meta property=\"og:type\" content=\"article\" \/>\n<meta property=\"og:title\" content=\"La Cour d&#039;arbitrage de la Principaut\u00e9 d&#039;Andorre est ouverte - Andorra Advisors\" \/>\n<meta property=\"og:description\" content=\"Apr\u00e8s trois longues ann\u00e9es d&rsquo;attente pour le lancement de ce projet, la&nbsp;Cour d&rsquo;arbitrage de la Principaut\u00e9 d&rsquo;Andorre&nbsp;est enfin inaugur\u00e9e&nbsp;, abr\u00e9g\u00e9e en TAPA.&nbsp;C&rsquo;est une alliance entre la Chambre de Commerce et l&rsquo;Ordre des Avocats d&rsquo;Andorre qui tentera de r\u00e9soudre les conflits entre entreprises rapidement et sans avoir \u00e0 saisir les tribunaux. Deux leaders du monde juridique [&hellip;]\" \/>\n<meta property=\"og:url\" content=\"https:\/\/www.andorra-advisors.com\/fr\/blog\/tribunal-arbitrage-andorre\/\" \/>\n<meta property=\"og:site_name\" content=\"Andorra Advisors\" \/>\n<meta property=\"article:published_time\" content=\"2020-08-03T04:10:58+00:00\" \/>\n<meta property=\"article:modified_time\" content=\"2020-08-03T04:17:03+00:00\" \/>\n<meta property=\"og:image\" content=\"https:\/\/www.andorra-advisors.com\/fr\/wp-content\/uploads\/2020\/08\/tribunal-arbitral-dAndorre.jpg\" \/>\n\t<meta property=\"og:image:width\" content=\"360\" \/>\n\t<meta property=\"og:image:height\" content=\"240\" \/>\n\t<meta property=\"og:image:type\" content=\"image\/jpeg\" \/>\n<meta name=\"author\" content=\"Cristina L\u00f3pez Morales\" \/>\n<meta name=\"twitter:card\" content=\"summary_large_image\" \/>\n<meta name=\"twitter:label1\" content=\"\u00c9crit par\" \/>\n\t<meta name=\"twitter:data1\" content=\"Cristina L\u00f3pez Morales\" \/>\n\t<meta name=\"twitter:label2\" content=\"Dur\u00e9e de lecture estim\u00e9e\" \/>\n\t<meta name=\"twitter:data2\" content=\"3 minutes\" \/>\n<script type=\"application\/ld+json\" class=\"yoast-schema-graph\">{\"@context\":\"https:\/\/schema.org\",\"@graph\":[{\"@type\":\"WebPage\",\"@id\":\"https:\/\/www.andorra-advisors.com\/fr\/blog\/tribunal-arbitrage-andorre\/\",\"url\":\"https:\/\/www.andorra-advisors.com\/fr\/blog\/tribunal-arbitrage-andorre\/\",\"name\":\"La Cour d'arbitrage de la Principaut\u00e9 d'Andorre est ouverte - Andorra Advisors\",\"isPartOf\":{\"@id\":\"https:\/\/www.andorra-advisors.com\/fr\/#website\"},\"primaryImageOfPage\":{\"@id\":\"https:\/\/www.andorra-advisors.com\/fr\/blog\/tribunal-arbitrage-andorre\/#primaryimage\"},\"image\":{\"@id\":\"https:\/\/www.andorra-advisors.com\/fr\/blog\/tribunal-arbitrage-andorre\/#primaryimage\"},\"thumbnailUrl\":\"https:\/\/www.andorra-advisors.com\/fr\/wp-content\/uploads\/2020\/08\/tribunal-arbitral-dAndorre.jpg\",\"datePublished\":\"2020-08-03T04:10:58+00:00\",\"dateModified\":\"2020-08-03T04:17:03+00:00\",\"author\":{\"@id\":\"https:\/\/www.andorra-advisors.com\/fr\/#\/schema\/person\/de736d5ace974a427a41d6034f082942\"},\"breadcrumb\":{\"@id\":\"https:\/\/www.andorra-advisors.com\/fr\/blog\/tribunal-arbitrage-andorre\/#breadcrumb\"},\"inLanguage\":\"fr\",\"potentialAction\":[{\"@type\":\"ReadAction\",\"target\":[\"https:\/\/www.andorra-advisors.com\/fr\/blog\/tribunal-arbitrage-andorre\/\"]}]},{\"@type\":\"ImageObject\",\"inLanguage\":\"fr-FR\",\"@id\":\"https:\/\/www.andorra-advisors.com\/fr\/blog\/tribunal-arbitrage-andorre\/#primaryimage\",\"url\":\"https:\/\/www.andorra-advisors.com\/fr\/wp-content\/uploads\/2020\/08\/tribunal-arbitral-dAndorre.jpg\",\"contentUrl\":\"https:\/\/www.andorra-advisors.com\/fr\/wp-content\/uploads\/2020\/08\/tribunal-arbitral-dAndorre.jpg\",\"width\":360,\"height\":240,\"caption\":\"tribunal arbitral d'Andorre\"},{\"@type\":\"BreadcrumbList\",\"@id\":\"https:\/\/www.andorra-advisors.com\/fr\/blog\/tribunal-arbitrage-andorre\/#breadcrumb\",\"itemListElement\":[{\"@type\":\"ListItem\",\"position\":1,\"name\":\"Accueil\",\"item\":\"https:\/\/www.andorra-advisors.com\/fr\/\"},{\"@type\":\"ListItem\",\"position\":2,\"name\":\"La Cour d&rsquo;arbitrage de la Principaut\u00e9 d&rsquo;Andorre est ouverte\"}]},{\"@type\":\"WebSite\",\"@id\":\"https:\/\/www.andorra-advisors.com\/fr\/#website\",\"url\":\"https:\/\/www.andorra-advisors.com\/fr\/\",\"name\":\"Andorra Advisors\",\"description\":\"\",\"potentialAction\":[{\"@type\":\"SearchAction\",\"target\":{\"@type\":\"EntryPoint\",\"urlTemplate\":\"https:\/\/www.andorra-advisors.com\/fr\/?s={search_term_string}\"},\"query-input\":{\"@type\":\"PropertyValueSpecification\",\"valueRequired\":true,\"valueName\":\"search_term_string\"}}],\"inLanguage\":\"fr-FR\"},{\"@type\":\"Person\",\"@id\":\"https:\/\/www.andorra-advisors.com\/fr\/#\/schema\/person\/de736d5ace974a427a41d6034f082942\",\"name\":\"Cristina L\u00f3pez Morales\",\"image\":{\"@type\":\"ImageObject\",\"inLanguage\":\"fr-FR\",\"@id\":\"https:\/\/www.andorra-advisors.com\/fr\/#\/schema\/person\/image\/\",\"url\":\"https:\/\/secure.gravatar.com\/avatar\/fedd1bd1f5793d622244afd8f03c6ec9?s=96&d=mm&r=g\",\"contentUrl\":\"https:\/\/secure.gravatar.com\/avatar\/fedd1bd1f5793d622244afd8f03c6ec9?s=96&d=mm&r=g\",\"caption\":\"Cristina L\u00f3pez Morales\"},\"description\":\"Baccalaur\u00e9at en administration et gestion des entreprises. Passion pour la finance et la communication. Apprentissage et formation dans le monde des affaires au quotidien. Je collabore avec Andorra Advisors by Aug\u00e9 Grup dans la cr\u00e9ation de contenus li\u00e9s \u00e0 la cr\u00e9ation d'entreprise et \u00e0 la fiscalit\u00e9 en Andorre.\",\"sameAs\":[\"admin\"],\"url\":\"https:\/\/www.andorra-advisors.com\/fr\/author\/cristina-lopez\/\"}]}<\/script>\n<!-- \/ Yoast SEO plugin. -->","yoast_head_json":{"title":"La Cour d'arbitrage de la Principaut\u00e9 d'Andorre est ouverte - Andorra Advisors","robots":{"index":"index","follow":"follow","max-snippet":"max-snippet:-1","max-image-preview":"max-image-preview:large","max-video-preview":"max-video-preview:-1"},"canonical":"https:\/\/www.andorra-advisors.com\/fr\/blog\/tribunal-arbitrage-andorre\/","og_locale":"fr_FR","og_type":"article","og_title":"La Cour d'arbitrage de la Principaut\u00e9 d'Andorre est ouverte - Andorra Advisors","og_description":"Apr\u00e8s trois longues ann\u00e9es d&rsquo;attente pour le lancement de ce projet, la&nbsp;Cour d&rsquo;arbitrage de la Principaut\u00e9 d&rsquo;Andorre&nbsp;est enfin inaugur\u00e9e&nbsp;, abr\u00e9g\u00e9e en TAPA.&nbsp;C&rsquo;est une alliance entre la Chambre de Commerce et l&rsquo;Ordre des Avocats d&rsquo;Andorre qui tentera de r\u00e9soudre les conflits entre entreprises rapidement et sans avoir \u00e0 saisir les tribunaux. Deux leaders du monde juridique [&hellip;]","og_url":"https:\/\/www.andorra-advisors.com\/fr\/blog\/tribunal-arbitrage-andorre\/","og_site_name":"Andorra Advisors","article_published_time":"2020-08-03T04:10:58+00:00","article_modified_time":"2020-08-03T04:17:03+00:00","og_image":[{"width":360,"height":240,"url":"https:\/\/www.andorra-advisors.com\/fr\/wp-content\/uploads\/2020\/08\/tribunal-arbitral-dAndorre.jpg","type":"image\/jpeg"}],"author":"Cristina L\u00f3pez Morales","twitter_card":"summary_large_image","twitter_misc":{"\u00c9crit par":"Cristina L\u00f3pez Morales","Dur\u00e9e de lecture estim\u00e9e":"3 minutes"},"schema":{"@context":"https:\/\/schema.org","@graph":[{"@type":"WebPage","@id":"https:\/\/www.andorra-advisors.com\/fr\/blog\/tribunal-arbitrage-andorre\/","url":"https:\/\/www.andorra-advisors.com\/fr\/blog\/tribunal-arbitrage-andorre\/","name":"La Cour d'arbitrage de la Principaut\u00e9 d'Andorre est ouverte - Andorra Advisors","isPartOf":{"@id":"https:\/\/www.andorra-advisors.com\/fr\/#website"},"primaryImageOfPage":{"@id":"https:\/\/www.andorra-advisors.com\/fr\/blog\/tribunal-arbitrage-andorre\/#primaryimage"},"image":{"@id":"https:\/\/www.andorra-advisors.com\/fr\/blog\/tribunal-arbitrage-andorre\/#primaryimage"},"thumbnailUrl":"https:\/\/www.andorra-advisors.com\/fr\/wp-content\/uploads\/2020\/08\/tribunal-arbitral-dAndorre.jpg","datePublished":"2020-08-03T04:10:58+00:00","dateModified":"2020-08-03T04:17:03+00:00","author":{"@id":"https:\/\/www.andorra-advisors.com\/fr\/#\/schema\/person\/de736d5ace974a427a41d6034f082942"},"breadcrumb":{"@id":"https:\/\/www.andorra-advisors.com\/fr\/blog\/tribunal-arbitrage-andorre\/#breadcrumb"},"inLanguage":"fr","potentialAction":[{"@type":"ReadAction","target":["https:\/\/www.andorra-advisors.com\/fr\/blog\/tribunal-arbitrage-andorre\/"]}]},{"@type":"ImageObject","inLanguage":"fr-FR","@id":"https:\/\/www.andorra-advisors.com\/fr\/blog\/tribunal-arbitrage-andorre\/#primaryimage","url":"https:\/\/www.andorra-advisors.com\/fr\/wp-content\/uploads\/2020\/08\/tribunal-arbitral-dAndorre.jpg","contentUrl":"https:\/\/www.andorra-advisors.com\/fr\/wp-content\/uploads\/2020\/08\/tribunal-arbitral-dAndorre.jpg","width":360,"height":240,"caption":"tribunal arbitral d'Andorre"},{"@type":"BreadcrumbList","@id":"https:\/\/www.andorra-advisors.com\/fr\/blog\/tribunal-arbitrage-andorre\/#breadcrumb","itemListElement":[{"@type":"ListItem","position":1,"name":"Accueil","item":"https:\/\/www.andorra-advisors.com\/fr\/"},{"@type":"ListItem","position":2,"name":"La Cour d&rsquo;arbitrage de la Principaut\u00e9 d&rsquo;Andorre est ouverte"}]},{"@type":"WebSite","@id":"https:\/\/www.andorra-advisors.com\/fr\/#website","url":"https:\/\/www.andorra-advisors.com\/fr\/","name":"Andorra Advisors","description":"","potentialAction":[{"@type":"SearchAction","target":{"@type":"EntryPoint","urlTemplate":"https:\/\/www.andorra-advisors.com\/fr\/?s={search_term_string}"},"query-input":{"@type":"PropertyValueSpecification","valueRequired":true,"valueName":"search_term_string"}}],"inLanguage":"fr-FR"},{"@type":"Person","@id":"https:\/\/www.andorra-advisors.com\/fr\/#\/schema\/person\/de736d5ace974a427a41d6034f082942","name":"Cristina L\u00f3pez Morales","image":{"@type":"ImageObject","inLanguage":"fr-FR","@id":"https:\/\/www.andorra-advisors.com\/fr\/#\/schema\/person\/image\/","url":"https:\/\/secure.gravatar.com\/avatar\/fedd1bd1f5793d622244afd8f03c6ec9?s=96&d=mm&r=g","contentUrl":"https:\/\/secure.gravatar.com\/avatar\/fedd1bd1f5793d622244afd8f03c6ec9?s=96&d=mm&r=g","caption":"Cristina L\u00f3pez Morales"},"description":"Baccalaur\u00e9at en administration et gestion des entreprises. Passion pour la finance et la communication. Apprentissage et formation dans le monde des affaires au quotidien. Je collabore avec Andorra Advisors by Aug\u00e9 Grup dans la cr\u00e9ation de contenus li\u00e9s \u00e0 la cr\u00e9ation d'entreprise et \u00e0 la fiscalit\u00e9 en Andorre.","sameAs":["admin"],"url":"https:\/\/www.andorra-advisors.com\/fr\/author\/cristina-lopez\/"}]}},"_links":{"self":[{"href":"https:\/\/www.andorra-advisors.com\/fr\/wp-json\/wp\/v2\/posts\/2110","targetHints":{"allow":["GET"]}}],"collection":[{"href":"https:\/\/www.andorra-advisors.com\/fr\/wp-json\/wp\/v2\/posts"}],"about":[{"href":"https:\/\/www.andorra-advisors.com\/fr\/wp-json\/wp\/v2\/types\/post"}],"author":[{"embeddable":true,"href":"https:\/\/www.andorra-advisors.com\/fr\/wp-json\/wp\/v2\/users\/1"}],"replies":[{"embeddable":true,"href":"https:\/\/www.andorra-advisors.com\/fr\/wp-json\/wp\/v2\/comments?post=2110"}],"version-history":[{"count":3,"href":"https:\/\/www.andorra-advisors.com\/fr\/wp-json\/wp\/v2\/posts\/2110\/revisions"}],"predecessor-version":[{"id":2114,"href":"https:\/\/www.andorra-advisors.com\/fr\/wp-json\/wp\/v2\/posts\/2110\/revisions\/2114"}],"wp:featuredmedia":[{"embeddable":true,"href":"https:\/\/www.andorra-advisors.com\/fr\/wp-json\/wp\/v2\/media\/2111"}],"wp:attachment":[{"href":"https:\/\/www.andorra-advisors.com\/fr\/wp-json\/wp\/v2\/media?parent=2110"}],"wp:term":[{"taxonomy":"category","embeddable":true,"href":"https:\/\/www.andorra-advisors.com\/fr\/wp-json\/wp\/v2\/categories?post=2110"},{"taxonomy":"post_tag","embeddable":true,"href":"https:\/\/www.andorra-advisors.com\/fr\/wp-json\/wp\/v2\/tags?post=2110"}],"curies":[{"name":"wp","href":"https:\/\/api.w.org\/{rel}","templated":true}]}}