{"id":2543,"date":"2022-11-08T05:03:49","date_gmt":"2022-11-08T05:03:49","guid":{"rendered":"https:\/\/www.andorra-advisors.com\/fr\/blog\/\/"},"modified":"2023-09-14T07:07:25","modified_gmt":"2023-09-14T07:07:25","slug":"la-nouvelle-loi-propose-un-nouveau-systeme-de-cotisation-pour-les-independants","status":"publish","type":"post","link":"https:\/\/www.andorra-advisors.com\/fr\/blog\/la-nouvelle-loi-propose-un-nouveau-systeme-de-cotisation-pour-les-independants\/","title":{"rendered":"La nouvelle loi propose un nouveau syst\u00e8me de cotisation pour les ind\u00e9pendants"},"content":{"rendered":"\n<p>Le projet de loi sur les <a href=\"https:\/\/www.andorra-advisors.com\/fr\/independant-en-andorre\/\" target=\"_blank\" rel=\"noreferrer noopener\">travailleurs ind\u00e9pendants en Andorre<\/a> ouvre un nouveau paysage pour ces derniers. Comme les ind\u00e9pendants trouvent une occasion de rattraper leur retard sur le march\u00e9. Il est donc n\u00e9cessaire de comprendre en quoi consiste cette nouvelle loi impos\u00e9e en Andorre.<\/p>\n\n\n\n<p>C&rsquo;est pourquoi nous allons vous expliquer en d\u00e9tail en quoi consiste cette nouvelle proposition et comment elle peut vous \u00eatre utile. Nous vous montrerons \u00e9galement les principaux objectifs que le gouvernement cherche \u00e0 atteindre avec ce coup de pouce \u00e9conomique. En outre, vous d\u00e9couvrirez le principe qui promeut ce projet ax\u00e9 sur la figure \u00e9conomique des travailleurs ind\u00e9pendants.<\/p>\n\n\n\n<h2 class=\"wp-block-heading\">Nouvelle forme de paiement des imp\u00f4ts pour les travailleurs ind\u00e9pendants<\/h2>\n\n\n\n<p>Le projet de loi sur les ind\u00e9pendants propose un nouveau panorama pour les ind\u00e9pendants en Andorre. Ils ne seront plus impos\u00e9s selon le syst\u00e8me des grilles salariales avec des tranches de r\u00e9mun\u00e9ration fixes. Au lieu de cela, les d\u00e9ductions seront effectu\u00e9es en fonction des b\u00e9n\u00e9fices de chaque travailleur ind\u00e9pendant.<\/p>\n\n\n\n<p>En outre, ils proposent la possibilit\u00e9 d&rsquo;un ajustement trimestriel du montant gagn\u00e9. Cela permet d&rsquo;\u00e9viter la pr\u00e9carit\u00e9 du secteur et de faire un saut qualitatif vers une figure \u00e9conomique plus stable. Pour que les entrepreneurs puissent relancer leurs activit\u00e9s, avec des conditions de d\u00e9veloppement am\u00e9lior\u00e9es.<\/p>\n\n\n\n<p>Quant au contenu du projet, il est en train d&rsquo;\u00eatre modifi\u00e9. Il vise \u00e0 adapter les cotisations \u00e0 la r\u00e9alit\u00e9 individuelle de chaque travailleur ind\u00e9pendant, au lieu de se concentrer sur le chiffre d&rsquo;affaires. Cette loi s&rsquo;applique aux personnes physiques qui exercent des activit\u00e9s \u00e9conomiques pour leur propre compte et en dehors de la direction de quelqu&rsquo;un d&rsquo;autre.<\/p>\n\n\n\n<p>En outre, l&rsquo;enregistrement des travailleurs ne sera pas obligatoire, bien qu&rsquo;il y ait une incitation fiscale. En outre, ces registres ne sont pas destin\u00e9s \u00e0 \u00eatre un outil de contr\u00f4le. Ils peuvent au contraire devenir un instrument permettant d&rsquo;\u00e9tendre plus efficacement les nouvelles politiques \u00e9conomiques.<\/p>\n\n\n\n<p>La structure de ce projet de loi se compose de six titres, d&rsquo;une seule disposition d\u00e9rogatoire et de trois dispositions finales. dont les rubriques sont indiqu\u00e9es ci-dessous:<\/p>\n\n\n\n<ol class=\"wp-block-list\" type=\"1\">\n<li>R\u00e9gime du travailleur ind\u00e9pendant \u00e9conomiquement d\u00e9pendant.<\/li>\n\n\n\n<li>Mesures de promotion et de protection des personnes exer\u00e7ant une activit\u00e9 ind\u00e9pendante.<\/li>\n\n\n\n<li>des mesures visant \u00e0 favoriser la conciliation entre la vie familiale et la vie professionnelle des personnes qui exercent une activit\u00e9 ind\u00e9pendante.<\/li>\n\n\n\n<li>Mesures visant \u00e0 am\u00e9liorer la contribution des personnes exer\u00e7ant une activit\u00e9 en tant que travailleurs ind\u00e9pendants.<\/li>\n\n\n\n<li>Le d\u00e9partement du travail ind\u00e9pendant.<\/li>\n\n\n\n<li>Enregistrement des travailleurs ind\u00e9pendants.<\/li>\n<\/ol>\n\n\n\n<h2 class=\"wp-block-heading\">Objectif de la nouvelle loi<\/h2>\n\n\n\n<p>L&rsquo;objectif de la proposition est de mettre les ind\u00e9pendants et les salari\u00e9s sur un pied d&rsquo;\u00e9galit\u00e9 en termes de fiscalit\u00e9 et de s\u00e9curit\u00e9 sociale. On reconna\u00eet donc l&rsquo;importance de la cr\u00e9ation d&rsquo;un d\u00e9partement ax\u00e9 sur cette figure \u00e9conomique. Selon le ministre de la pr\u00e9sidence, de l&rsquo;\u00e9conomie et de l&rsquo;entreprise, Jordi Gallardo, les objectifs du projet sont les suivants :<\/p>\n\n\n\n<ul class=\"wp-block-list\">\n<li>Assurer la transition commerciale des unit\u00e9s d&rsquo;exploitation des ind\u00e9pendants et \u00e9tablir ainsi la s\u00e9curit\u00e9 et la stabilit\u00e9.<\/li>\n\n\n\n<li>\u00e9galiser les conditions des travailleurs ind\u00e9pendants par rapport aux travailleurs salari\u00e9s.<\/li>\n\n\n\n<li>Promouvoir l&rsquo;activit\u00e9 ind\u00e9pendante des citoyens andorrans en tant que ressource pour la productivit\u00e9 \u00e9conomique.<\/li>\n\n\n\n<li>Am\u00e9liorer les conditions de d\u00e9veloppement de l&rsquo;activit\u00e9 professionnelle des ind\u00e9pendants, du d\u00e9but \u00e0 la fin de son ex\u00e9cution.<\/li>\n<\/ul>\n\n\n\n<p>En ce sens, le principe promu par ce projet de loi est bas\u00e9 sur l&rsquo;am\u00e9lioration des conditions de travail de ce groupe. L&rsquo;objectif est de parvenir \u00e0 une plus grande coh\u00e9sion du march\u00e9 du travail en mettant les travailleurs ind\u00e9pendants sur un pied d&rsquo;\u00e9galit\u00e9 avec les salari\u00e9s. De telle sorte que les actions de protection puissent \u00eatre consolid\u00e9es dans diff\u00e9rents domaines tels que :<\/p>\n\n\n\n<ul class=\"wp-block-list\">\n<li>La conciliation de la vie professionnelle et de la vie familiale.<\/li>\n\n\n\n<li>Am\u00e9liorer les conditions de cotisation.<\/li>\n\n\n\n<li>D\u00e9pendance \u00e0 l&rsquo;\u00e9gard d&rsquo;un seul client ou de mesures fiscales.<\/li>\n<\/ul>\n","protected":false},"excerpt":{"rendered":"<p>Le projet de loi sur les travailleurs ind\u00e9pendants en Andorre ouvre un nouveau paysage pour ces derniers. Comme les ind\u00e9pendants trouvent une occasion de rattraper leur retard sur le march\u00e9. Il est donc n\u00e9cessaire de comprendre en quoi consiste cette nouvelle loi impos\u00e9e en Andorre. C&rsquo;est pourquoi nous allons vous expliquer en d\u00e9tail en quoi [&hellip;]<\/p>\n","protected":false},"author":1,"featured_media":2541,"comment_status":"closed","ping_status":"closed","sticky":false,"template":"","format":"standard","meta":{"_acf_changed":false,"footnotes":""},"categories":[1],"tags":[],"class_list":["post-2543","post","type-post","status-publish","format-standard","has-post-thumbnail","hentry","category-uncategorized"],"acf":[],"yoast_head":"<!-- This site is optimized with the Yoast SEO plugin v24.6 - https:\/\/yoast.com\/wordpress\/plugins\/seo\/ -->\n<title>Les travailleurs ind\u00e9pendants ne paieront pas de cotisations dans le cadre du syst\u00e8me salarial actuel<\/title>\n<meta name=\"description\" content=\"La nouvelle loi sur les ind\u00e9pendants pr\u00e9voit une nouvelle forme de d\u00e9duction. Cela signifie que l&#039;on s&#039;\u00e9loigne du syst\u00e8me de la grille salariale.\" \/>\n<meta name=\"robots\" content=\"index, follow, max-snippet:-1, max-image-preview:large, max-video-preview:-1\" \/>\n<link rel=\"canonical\" href=\"https:\/\/www.andorra-advisors.com\/fr\/blog\/la-nouvelle-loi-propose-un-nouveau-systeme-de-cotisation-pour-les-independants\/\" \/>\n<meta property=\"og:locale\" content=\"fr_FR\" \/>\n<meta property=\"og:type\" content=\"article\" \/>\n<meta property=\"og:title\" content=\"Les travailleurs ind\u00e9pendants ne paieront pas de cotisations dans le cadre du syst\u00e8me salarial actuel\" \/>\n<meta property=\"og:description\" content=\"La nouvelle loi sur les ind\u00e9pendants pr\u00e9voit une nouvelle forme de d\u00e9duction. Cela signifie que l&#039;on s&#039;\u00e9loigne du syst\u00e8me de la grille salariale.\" \/>\n<meta property=\"og:url\" content=\"https:\/\/www.andorra-advisors.com\/fr\/blog\/la-nouvelle-loi-propose-un-nouveau-systeme-de-cotisation-pour-les-independants\/\" \/>\n<meta property=\"og:site_name\" content=\"Andorra Advisors\" \/>\n<meta property=\"article:published_time\" content=\"2022-11-08T05:03:49+00:00\" \/>\n<meta property=\"article:modified_time\" content=\"2023-09-14T07:07:25+00:00\" \/>\n<meta property=\"og:image\" content=\"https:\/\/www.andorra-advisors.com\/fr\/wp-content\/uploads\/2022\/11\/autonomos-no-cotizaran-con-el-sistema-salarial-actual.png\" \/>\n\t<meta property=\"og:image:width\" content=\"709\" \/>\n\t<meta property=\"og:image:height\" content=\"473\" \/>\n\t<meta property=\"og:image:type\" content=\"image\/png\" \/>\n<meta name=\"author\" content=\"Cristina L\u00f3pez Morales\" \/>\n<meta name=\"twitter:card\" content=\"summary_large_image\" \/>\n<meta name=\"twitter:label1\" content=\"\u00c9crit par\" \/>\n\t<meta name=\"twitter:data1\" content=\"Cristina L\u00f3pez Morales\" \/>\n\t<meta name=\"twitter:label2\" content=\"Dur\u00e9e de lecture estim\u00e9e\" \/>\n\t<meta name=\"twitter:data2\" content=\"4 minutes\" \/>\n<script type=\"application\/ld+json\" class=\"yoast-schema-graph\">{\"@context\":\"https:\/\/schema.org\",\"@graph\":[{\"@type\":\"WebPage\",\"@id\":\"https:\/\/www.andorra-advisors.com\/fr\/blog\/la-nouvelle-loi-propose-un-nouveau-systeme-de-cotisation-pour-les-independants\/\",\"url\":\"https:\/\/www.andorra-advisors.com\/fr\/blog\/la-nouvelle-loi-propose-un-nouveau-systeme-de-cotisation-pour-les-independants\/\",\"name\":\"Les travailleurs ind\u00e9pendants ne paieront pas de cotisations dans le cadre du syst\u00e8me salarial actuel\",\"isPartOf\":{\"@id\":\"https:\/\/www.andorra-advisors.com\/fr\/#website\"},\"primaryImageOfPage\":{\"@id\":\"https:\/\/www.andorra-advisors.com\/fr\/blog\/la-nouvelle-loi-propose-un-nouveau-systeme-de-cotisation-pour-les-independants\/#primaryimage\"},\"image\":{\"@id\":\"https:\/\/www.andorra-advisors.com\/fr\/blog\/la-nouvelle-loi-propose-un-nouveau-systeme-de-cotisation-pour-les-independants\/#primaryimage\"},\"thumbnailUrl\":\"https:\/\/www.andorra-advisors.com\/fr\/wp-content\/uploads\/2022\/11\/autonomos-no-cotizaran-con-el-sistema-salarial-actual.png\",\"datePublished\":\"2022-11-08T05:03:49+00:00\",\"dateModified\":\"2023-09-14T07:07:25+00:00\",\"author\":{\"@id\":\"https:\/\/www.andorra-advisors.com\/fr\/#\/schema\/person\/de736d5ace974a427a41d6034f082942\"},\"description\":\"La nouvelle loi sur les ind\u00e9pendants pr\u00e9voit une nouvelle forme de d\u00e9duction. Cela signifie que l'on s'\u00e9loigne du syst\u00e8me de la grille salariale.\",\"breadcrumb\":{\"@id\":\"https:\/\/www.andorra-advisors.com\/fr\/blog\/la-nouvelle-loi-propose-un-nouveau-systeme-de-cotisation-pour-les-independants\/#breadcrumb\"},\"inLanguage\":\"fr\",\"potentialAction\":[{\"@type\":\"ReadAction\",\"target\":[\"https:\/\/www.andorra-advisors.com\/fr\/blog\/la-nouvelle-loi-propose-un-nouveau-systeme-de-cotisation-pour-les-independants\/\"]}]},{\"@type\":\"ImageObject\",\"inLanguage\":\"fr-FR\",\"@id\":\"https:\/\/www.andorra-advisors.com\/fr\/blog\/la-nouvelle-loi-propose-un-nouveau-systeme-de-cotisation-pour-les-independants\/#primaryimage\",\"url\":\"https:\/\/www.andorra-advisors.com\/fr\/wp-content\/uploads\/2022\/11\/autonomos-no-cotizaran-con-el-sistema-salarial-actual.png\",\"contentUrl\":\"https:\/\/www.andorra-advisors.com\/fr\/wp-content\/uploads\/2022\/11\/autonomos-no-cotizaran-con-el-sistema-salarial-actual.png\",\"width\":709,\"height\":473,\"caption\":\"aut\u00f3nomos no cotizar\u00e1n con el sistema salarial actual\"},{\"@type\":\"BreadcrumbList\",\"@id\":\"https:\/\/www.andorra-advisors.com\/fr\/blog\/la-nouvelle-loi-propose-un-nouveau-systeme-de-cotisation-pour-les-independants\/#breadcrumb\",\"itemListElement\":[{\"@type\":\"ListItem\",\"position\":1,\"name\":\"Accueil\",\"item\":\"https:\/\/www.andorra-advisors.com\/fr\/\"},{\"@type\":\"ListItem\",\"position\":2,\"name\":\"La nouvelle loi propose un nouveau syst\u00e8me de cotisation pour les ind\u00e9pendants\"}]},{\"@type\":\"WebSite\",\"@id\":\"https:\/\/www.andorra-advisors.com\/fr\/#website\",\"url\":\"https:\/\/www.andorra-advisors.com\/fr\/\",\"name\":\"Andorra Advisors\",\"description\":\"\",\"potentialAction\":[{\"@type\":\"SearchAction\",\"target\":{\"@type\":\"EntryPoint\",\"urlTemplate\":\"https:\/\/www.andorra-advisors.com\/fr\/?s={search_term_string}\"},\"query-input\":{\"@type\":\"PropertyValueSpecification\",\"valueRequired\":true,\"valueName\":\"search_term_string\"}}],\"inLanguage\":\"fr-FR\"},{\"@type\":\"Person\",\"@id\":\"https:\/\/www.andorra-advisors.com\/fr\/#\/schema\/person\/de736d5ace974a427a41d6034f082942\",\"name\":\"Cristina L\u00f3pez Morales\",\"image\":{\"@type\":\"ImageObject\",\"inLanguage\":\"fr-FR\",\"@id\":\"https:\/\/www.andorra-advisors.com\/fr\/#\/schema\/person\/image\/\",\"url\":\"https:\/\/secure.gravatar.com\/avatar\/fedd1bd1f5793d622244afd8f03c6ec9?s=96&d=mm&r=g\",\"contentUrl\":\"https:\/\/secure.gravatar.com\/avatar\/fedd1bd1f5793d622244afd8f03c6ec9?s=96&d=mm&r=g\",\"caption\":\"Cristina L\u00f3pez Morales\"},\"description\":\"Baccalaur\u00e9at en administration et gestion des entreprises. Passion pour la finance et la communication. Apprentissage et formation dans le monde des affaires au quotidien. Je collabore avec Andorra Advisors by Aug\u00e9 Grup dans la cr\u00e9ation de contenus li\u00e9s \u00e0 la cr\u00e9ation d'entreprise et \u00e0 la fiscalit\u00e9 en Andorre.\",\"sameAs\":[\"admin\"],\"url\":\"https:\/\/www.andorra-advisors.com\/fr\/author\/cristina-lopez\/\"}]}<\/script>\n<!-- \/ Yoast SEO plugin. -->","yoast_head_json":{"title":"Les travailleurs ind\u00e9pendants ne paieront pas de cotisations dans le cadre du syst\u00e8me salarial actuel","description":"La nouvelle loi sur les ind\u00e9pendants pr\u00e9voit une nouvelle forme de d\u00e9duction. Cela signifie que l'on s'\u00e9loigne du syst\u00e8me de la grille salariale.","robots":{"index":"index","follow":"follow","max-snippet":"max-snippet:-1","max-image-preview":"max-image-preview:large","max-video-preview":"max-video-preview:-1"},"canonical":"https:\/\/www.andorra-advisors.com\/fr\/blog\/la-nouvelle-loi-propose-un-nouveau-systeme-de-cotisation-pour-les-independants\/","og_locale":"fr_FR","og_type":"article","og_title":"Les travailleurs ind\u00e9pendants ne paieront pas de cotisations dans le cadre du syst\u00e8me salarial actuel","og_description":"La nouvelle loi sur les ind\u00e9pendants pr\u00e9voit une nouvelle forme de d\u00e9duction. Cela signifie que l'on s'\u00e9loigne du syst\u00e8me de la grille salariale.","og_url":"https:\/\/www.andorra-advisors.com\/fr\/blog\/la-nouvelle-loi-propose-un-nouveau-systeme-de-cotisation-pour-les-independants\/","og_site_name":"Andorra Advisors","article_published_time":"2022-11-08T05:03:49+00:00","article_modified_time":"2023-09-14T07:07:25+00:00","og_image":[{"width":709,"height":473,"url":"https:\/\/www.andorra-advisors.com\/fr\/wp-content\/uploads\/2022\/11\/autonomos-no-cotizaran-con-el-sistema-salarial-actual.png","type":"image\/png"}],"author":"Cristina L\u00f3pez Morales","twitter_card":"summary_large_image","twitter_misc":{"\u00c9crit par":"Cristina L\u00f3pez Morales","Dur\u00e9e de lecture estim\u00e9e":"4 minutes"},"schema":{"@context":"https:\/\/schema.org","@graph":[{"@type":"WebPage","@id":"https:\/\/www.andorra-advisors.com\/fr\/blog\/la-nouvelle-loi-propose-un-nouveau-systeme-de-cotisation-pour-les-independants\/","url":"https:\/\/www.andorra-advisors.com\/fr\/blog\/la-nouvelle-loi-propose-un-nouveau-systeme-de-cotisation-pour-les-independants\/","name":"Les travailleurs ind\u00e9pendants ne paieront pas de cotisations dans le cadre du syst\u00e8me salarial actuel","isPartOf":{"@id":"https:\/\/www.andorra-advisors.com\/fr\/#website"},"primaryImageOfPage":{"@id":"https:\/\/www.andorra-advisors.com\/fr\/blog\/la-nouvelle-loi-propose-un-nouveau-systeme-de-cotisation-pour-les-independants\/#primaryimage"},"image":{"@id":"https:\/\/www.andorra-advisors.com\/fr\/blog\/la-nouvelle-loi-propose-un-nouveau-systeme-de-cotisation-pour-les-independants\/#primaryimage"},"thumbnailUrl":"https:\/\/www.andorra-advisors.com\/fr\/wp-content\/uploads\/2022\/11\/autonomos-no-cotizaran-con-el-sistema-salarial-actual.png","datePublished":"2022-11-08T05:03:49+00:00","dateModified":"2023-09-14T07:07:25+00:00","author":{"@id":"https:\/\/www.andorra-advisors.com\/fr\/#\/schema\/person\/de736d5ace974a427a41d6034f082942"},"description":"La nouvelle loi sur les ind\u00e9pendants pr\u00e9voit une nouvelle forme de d\u00e9duction. Cela signifie que l'on s'\u00e9loigne du syst\u00e8me de la grille salariale.","breadcrumb":{"@id":"https:\/\/www.andorra-advisors.com\/fr\/blog\/la-nouvelle-loi-propose-un-nouveau-systeme-de-cotisation-pour-les-independants\/#breadcrumb"},"inLanguage":"fr","potentialAction":[{"@type":"ReadAction","target":["https:\/\/www.andorra-advisors.com\/fr\/blog\/la-nouvelle-loi-propose-un-nouveau-systeme-de-cotisation-pour-les-independants\/"]}]},{"@type":"ImageObject","inLanguage":"fr-FR","@id":"https:\/\/www.andorra-advisors.com\/fr\/blog\/la-nouvelle-loi-propose-un-nouveau-systeme-de-cotisation-pour-les-independants\/#primaryimage","url":"https:\/\/www.andorra-advisors.com\/fr\/wp-content\/uploads\/2022\/11\/autonomos-no-cotizaran-con-el-sistema-salarial-actual.png","contentUrl":"https:\/\/www.andorra-advisors.com\/fr\/wp-content\/uploads\/2022\/11\/autonomos-no-cotizaran-con-el-sistema-salarial-actual.png","width":709,"height":473,"caption":"aut\u00f3nomos no cotizar\u00e1n con el sistema salarial actual"},{"@type":"BreadcrumbList","@id":"https:\/\/www.andorra-advisors.com\/fr\/blog\/la-nouvelle-loi-propose-un-nouveau-systeme-de-cotisation-pour-les-independants\/#breadcrumb","itemListElement":[{"@type":"ListItem","position":1,"name":"Accueil","item":"https:\/\/www.andorra-advisors.com\/fr\/"},{"@type":"ListItem","position":2,"name":"La nouvelle loi propose un nouveau syst\u00e8me de cotisation pour les ind\u00e9pendants"}]},{"@type":"WebSite","@id":"https:\/\/www.andorra-advisors.com\/fr\/#website","url":"https:\/\/www.andorra-advisors.com\/fr\/","name":"Andorra Advisors","description":"","potentialAction":[{"@type":"SearchAction","target":{"@type":"EntryPoint","urlTemplate":"https:\/\/www.andorra-advisors.com\/fr\/?s={search_term_string}"},"query-input":{"@type":"PropertyValueSpecification","valueRequired":true,"valueName":"search_term_string"}}],"inLanguage":"fr-FR"},{"@type":"Person","@id":"https:\/\/www.andorra-advisors.com\/fr\/#\/schema\/person\/de736d5ace974a427a41d6034f082942","name":"Cristina L\u00f3pez Morales","image":{"@type":"ImageObject","inLanguage":"fr-FR","@id":"https:\/\/www.andorra-advisors.com\/fr\/#\/schema\/person\/image\/","url":"https:\/\/secure.gravatar.com\/avatar\/fedd1bd1f5793d622244afd8f03c6ec9?s=96&d=mm&r=g","contentUrl":"https:\/\/secure.gravatar.com\/avatar\/fedd1bd1f5793d622244afd8f03c6ec9?s=96&d=mm&r=g","caption":"Cristina L\u00f3pez Morales"},"description":"Baccalaur\u00e9at en administration et gestion des entreprises. Passion pour la finance et la communication. Apprentissage et formation dans le monde des affaires au quotidien. Je collabore avec Andorra Advisors by Aug\u00e9 Grup dans la cr\u00e9ation de contenus li\u00e9s \u00e0 la cr\u00e9ation d'entreprise et \u00e0 la fiscalit\u00e9 en Andorre.","sameAs":["admin"],"url":"https:\/\/www.andorra-advisors.com\/fr\/author\/cristina-lopez\/"}]}},"_links":{"self":[{"href":"https:\/\/www.andorra-advisors.com\/fr\/wp-json\/wp\/v2\/posts\/2543","targetHints":{"allow":["GET"]}}],"collection":[{"href":"https:\/\/www.andorra-advisors.com\/fr\/wp-json\/wp\/v2\/posts"}],"about":[{"href":"https:\/\/www.andorra-advisors.com\/fr\/wp-json\/wp\/v2\/types\/post"}],"author":[{"embeddable":true,"href":"https:\/\/www.andorra-advisors.com\/fr\/wp-json\/wp\/v2\/users\/1"}],"replies":[{"embeddable":true,"href":"https:\/\/www.andorra-advisors.com\/fr\/wp-json\/wp\/v2\/comments?post=2543"}],"version-history":[{"count":3,"href":"https:\/\/www.andorra-advisors.com\/fr\/wp-json\/wp\/v2\/posts\/2543\/revisions"}],"predecessor-version":[{"id":2639,"href":"https:\/\/www.andorra-advisors.com\/fr\/wp-json\/wp\/v2\/posts\/2543\/revisions\/2639"}],"wp:featuredmedia":[{"embeddable":true,"href":"https:\/\/www.andorra-advisors.com\/fr\/wp-json\/wp\/v2\/media\/2541"}],"wp:attachment":[{"href":"https:\/\/www.andorra-advisors.com\/fr\/wp-json\/wp\/v2\/media?parent=2543"}],"wp:term":[{"taxonomy":"category","embeddable":true,"href":"https:\/\/www.andorra-advisors.com\/fr\/wp-json\/wp\/v2\/categories?post=2543"},{"taxonomy":"post_tag","embeddable":true,"href":"https:\/\/www.andorra-advisors.com\/fr\/wp-json\/wp\/v2\/tags?post=2543"}],"curies":[{"name":"wp","href":"https:\/\/api.w.org\/{rel}","templated":true}]}}