{"id":2663,"date":"2024-03-14T09:00:00","date_gmt":"2024-03-14T09:00:00","guid":{"rendered":"https:\/\/www.andorra-advisors.com\/fr\/blog\/\/"},"modified":"2024-04-03T10:32:10","modified_gmt":"2024-04-03T10:32:10","slug":"limitation-de-location-andorre","status":"publish","type":"post","link":"https:\/\/www.andorra-advisors.com\/fr\/blog\/limitation-de-location-andorre\/","title":{"rendered":"Nouvelle l\u00e9gislation en Andorre : Un r\u00e9pit pour le march\u00e9 locatif"},"content":{"rendered":"\n<p>Ces derni\u00e8res ann\u00e9es, l\u2019acc\u00e8s \u00e0 un logement abordable est devenu un d\u00e9fi croissant pour les r\u00e9sidents andorrans, exacerb\u00e9 par une croissance r\u00e9sidentielle notable et une inflation croissante.&nbsp;En r\u00e9ponse \u00e0 ce probl\u00e8me, le Gouvernement de la Principaut\u00e9 d&rsquo;Andorre a pris des mesures significatives avec la publication de la \u00ab Loi 24\/2023 du 28 novembre relative aux mesures de relance et de stabilit\u00e9 du march\u00e9 locatif de logements \u00bb, entr\u00e9e en vigueur le 1er janvier. 2024.<\/p>\n\n\n\n<p>Cette loi appara\u00eet comme un effort pour offrir des solutions tant aux locataires qu&rsquo;aux propri\u00e9taires, dans un contexte o\u00f9 les tensions sociales et les difficult\u00e9s d&rsquo;acc\u00e8s au logement ont pouss\u00e9 l&rsquo;ex\u00e9cutif \u00e0 intervenir sur le march\u00e9 locatif.<\/p>\n\n\n\n<h2 class=\"wp-block-heading\">Aspects cl\u00e9s de la nouvelle r\u00e9glementation<\/h2>\n\n\n\n<p>La loi introduit un syst\u00e8me de prolongations et d&rsquo;actualisations de loyer qui varie en fonction de l&rsquo;ann\u00e9e de formalisation du contrat de bail, dans le but de prot\u00e9ger les locataires contre des augmentations disproportionn\u00e9es et d&rsquo;offrir une certaine stabilit\u00e9 aux propri\u00e9taires.<\/p>\n\n\n\n<ul class=\"wp-block-list\">\n<li><strong>Extensions et mises \u00e0 jour<\/strong>&nbsp;&nbsp;: Les contrats de bail sign\u00e9s dans les ann\u00e9es ant\u00e9rieures \u00e0 2022 b\u00e9n\u00e9ficient de prolongations automatiques, avec des mises \u00e0 jour de loyer qui d\u00e9pendent du prix au m\u00e8tre carr\u00e9, n&rsquo;exc\u00e9dant g\u00e9n\u00e9ralement pas l&rsquo;IPC major\u00e9 d&rsquo;un pourcentage suppl\u00e9mentaire limit\u00e9.<\/li>\n\n\n\n<li><strong>Exceptions aux extensions<\/strong>&nbsp;&nbsp;: La loi \u00e9tablit des exceptions claires, telles que l&rsquo;utilisation du logement \u00e0 des fins sociales par le gouvernement, la n\u00e9cessit\u00e9 de travaux de s\u00e9curit\u00e9 ou l&rsquo;usage personnel du propri\u00e9taire, entre autres.<\/li>\n\n\n\n<li><strong>R\u00e9solution de contrat<\/strong>&nbsp;&nbsp;: La r\u00e9solution de contrat est autoris\u00e9e sous certaines conditions, en recherchant toujours la protection du locataire et en \u00e9vitant des augmentations excessives de loyer.<\/li>\n<\/ul>\n\n\n\n<h2 class=\"wp-block-heading\">Impact et perspectives<\/h2>\n\n\n\n<p>La mise en \u0153uvre de cette loi repr\u00e9sente un pas en avant vers la stabilisation du march\u00e9 locatif en Andorre.&nbsp;En limitant les augmentations de loyer et en mettant en place des prolongations automatiques, nous cherchons \u00e0 prot\u00e9ger les locataires les plus vuln\u00e9rables et \u00e0 offrir une pr\u00e9visibilit\u00e9 tant aux locataires qu\u2019aux propri\u00e9taires.<\/p>\n\n\n\n<p>Les experts et les autorit\u00e9s conviennent que ces mesures sont cruciales pour att\u00e9nuer la pression sur le march\u00e9 locatif, mais ils soulignent \u00e9galement l\u2019importance de continuer \u00e0 travailler sur des solutions \u00e0 long terme qui r\u00e9pondent \u00e0 la p\u00e9nurie d\u2019offre et favorisent un march\u00e9 locatif plus dynamique et plus accessible.<\/p>\n\n\n\n<h2 class=\"wp-block-heading\">Conclusions<\/h2>\n\n\n\n<p>La \u00ab Loi 24\/2023 \u00bb refl\u00e8te l&rsquo;engagement du Gouvernement andorran en faveur de la stabilit\u00e9 et de l&rsquo;accessibilit\u00e9 du march\u00e9 locatif.&nbsp;Bien qu\u2019il s\u2019agisse d\u2019un progr\u00e8s significatif, le dialogue entre tous les secteurs concern\u00e9s sera essentiel pour garantir que les mesures adopt\u00e9es se traduisent par des b\u00e9n\u00e9fices tangibles pour la population andorrane, sans perdre de vue la n\u00e9cessit\u00e9 d\u2019une vision \u00e0 long terme garantissant un \u00e9quilibre durable dans la r\u00e9alit\u00e9. march\u00e9 immobilier.<\/p>\n","protected":false},"excerpt":{"rendered":"<p>Ces derni\u00e8res ann\u00e9es, l\u2019acc\u00e8s \u00e0 un logement abordable est devenu un d\u00e9fi croissant pour les r\u00e9sidents andorrans, exacerb\u00e9 par une croissance r\u00e9sidentielle notable et une inflation croissante.&nbsp;En r\u00e9ponse \u00e0 ce probl\u00e8me, le Gouvernement de la Principaut\u00e9 d&rsquo;Andorre a pris des mesures significatives avec la publication de la \u00ab Loi 24\/2023 du 28 novembre relative aux [&hellip;]<\/p>\n","protected":false},"author":1,"featured_media":2683,"comment_status":"closed","ping_status":"closed","sticky":false,"template":"","format":"standard","meta":{"_acf_changed":false,"footnotes":""},"categories":[1],"tags":[],"class_list":["post-2663","post","type-post","status-publish","format-standard","has-post-thumbnail","hentry","category-uncategorized"],"acf":[],"yoast_head":"<!-- This site is optimized with the Yoast SEO plugin v24.6 - https:\/\/yoast.com\/wordpress\/plugins\/seo\/ -->\n<title>Nouvelle loi sur les locations en Andorre 2024 : Limitation des prix<\/title>\n<meta name=\"description\" content=\"D\u00e9couvrez la loi andorrane 24\/2023\u00a0: mesures cl\u00e9s pour stabiliser le march\u00e9 locatif et prot\u00e9ger les locataires et les propri\u00e9taires.\" \/>\n<meta name=\"robots\" content=\"index, follow, max-snippet:-1, max-image-preview:large, max-video-preview:-1\" \/>\n<link rel=\"canonical\" href=\"https:\/\/www.andorra-advisors.com\/fr\/blog\/limitation-de-location-andorre\/\" \/>\n<meta property=\"og:locale\" content=\"fr_FR\" \/>\n<meta property=\"og:type\" content=\"article\" \/>\n<meta property=\"og:title\" content=\"Nouvelle loi sur les locations en Andorre 2024 : Limitation des prix\" \/>\n<meta property=\"og:description\" content=\"D\u00e9couvrez la loi andorrane 24\/2023\u00a0: mesures cl\u00e9s pour stabiliser le march\u00e9 locatif et prot\u00e9ger les locataires et les propri\u00e9taires.\" \/>\n<meta property=\"og:url\" content=\"https:\/\/www.andorra-advisors.com\/fr\/blog\/limitation-de-location-andorre\/\" \/>\n<meta property=\"og:site_name\" content=\"Andorra Advisors\" \/>\n<meta property=\"article:published_time\" content=\"2024-03-14T09:00:00+00:00\" \/>\n<meta property=\"article:modified_time\" content=\"2024-04-03T10:32:10+00:00\" \/>\n<meta property=\"og:image\" content=\"https:\/\/www.andorra-advisors.com\/fr\/wp-content\/uploads\/2024\/03\/limitation-de-location.jpg\" \/>\n\t<meta property=\"og:image:width\" content=\"709\" \/>\n\t<meta property=\"og:image:height\" content=\"473\" \/>\n\t<meta property=\"og:image:type\" content=\"image\/jpeg\" \/>\n<meta name=\"author\" content=\"Cristina L\u00f3pez Morales\" \/>\n<meta name=\"twitter:card\" content=\"summary_large_image\" \/>\n<meta name=\"twitter:label1\" content=\"\u00c9crit par\" \/>\n\t<meta name=\"twitter:data1\" content=\"Cristina L\u00f3pez Morales\" \/>\n\t<meta name=\"twitter:label2\" content=\"Dur\u00e9e de lecture estim\u00e9e\" \/>\n\t<meta name=\"twitter:data2\" content=\"3 minutes\" \/>\n<script type=\"application\/ld+json\" class=\"yoast-schema-graph\">{\"@context\":\"https:\/\/schema.org\",\"@graph\":[{\"@type\":\"WebPage\",\"@id\":\"https:\/\/www.andorra-advisors.com\/fr\/blog\/limitation-de-location-andorre\/\",\"url\":\"https:\/\/www.andorra-advisors.com\/fr\/blog\/limitation-de-location-andorre\/\",\"name\":\"Nouvelle loi sur les locations en Andorre 2024 : Limitation des prix\",\"isPartOf\":{\"@id\":\"https:\/\/www.andorra-advisors.com\/fr\/#website\"},\"primaryImageOfPage\":{\"@id\":\"https:\/\/www.andorra-advisors.com\/fr\/blog\/limitation-de-location-andorre\/#primaryimage\"},\"image\":{\"@id\":\"https:\/\/www.andorra-advisors.com\/fr\/blog\/limitation-de-location-andorre\/#primaryimage\"},\"thumbnailUrl\":\"https:\/\/www.andorra-advisors.com\/fr\/wp-content\/uploads\/2024\/03\/limitation-de-location.jpg\",\"datePublished\":\"2024-03-14T09:00:00+00:00\",\"dateModified\":\"2024-04-03T10:32:10+00:00\",\"author\":{\"@id\":\"https:\/\/www.andorra-advisors.com\/fr\/#\/schema\/person\/de736d5ace974a427a41d6034f082942\"},\"description\":\"D\u00e9couvrez la loi andorrane 24\/2023\u00a0: mesures cl\u00e9s pour stabiliser le march\u00e9 locatif et prot\u00e9ger les locataires et les propri\u00e9taires.\",\"breadcrumb\":{\"@id\":\"https:\/\/www.andorra-advisors.com\/fr\/blog\/limitation-de-location-andorre\/#breadcrumb\"},\"inLanguage\":\"fr\",\"potentialAction\":[{\"@type\":\"ReadAction\",\"target\":[\"https:\/\/www.andorra-advisors.com\/fr\/blog\/limitation-de-location-andorre\/\"]}]},{\"@type\":\"ImageObject\",\"inLanguage\":\"fr-FR\",\"@id\":\"https:\/\/www.andorra-advisors.com\/fr\/blog\/limitation-de-location-andorre\/#primaryimage\",\"url\":\"https:\/\/www.andorra-advisors.com\/fr\/wp-content\/uploads\/2024\/03\/limitation-de-location.jpg\",\"contentUrl\":\"https:\/\/www.andorra-advisors.com\/fr\/wp-content\/uploads\/2024\/03\/limitation-de-location.jpg\",\"width\":709,\"height\":473,\"caption\":\"Limitation des locations\"},{\"@type\":\"BreadcrumbList\",\"@id\":\"https:\/\/www.andorra-advisors.com\/fr\/blog\/limitation-de-location-andorre\/#breadcrumb\",\"itemListElement\":[{\"@type\":\"ListItem\",\"position\":1,\"name\":\"Accueil\",\"item\":\"https:\/\/www.andorra-advisors.com\/fr\/\"},{\"@type\":\"ListItem\",\"position\":2,\"name\":\"Nouvelle l\u00e9gislation en Andorre : Un r\u00e9pit pour le march\u00e9 locatif\"}]},{\"@type\":\"WebSite\",\"@id\":\"https:\/\/www.andorra-advisors.com\/fr\/#website\",\"url\":\"https:\/\/www.andorra-advisors.com\/fr\/\",\"name\":\"Andorra Advisors\",\"description\":\"\",\"potentialAction\":[{\"@type\":\"SearchAction\",\"target\":{\"@type\":\"EntryPoint\",\"urlTemplate\":\"https:\/\/www.andorra-advisors.com\/fr\/?s={search_term_string}\"},\"query-input\":{\"@type\":\"PropertyValueSpecification\",\"valueRequired\":true,\"valueName\":\"search_term_string\"}}],\"inLanguage\":\"fr-FR\"},{\"@type\":\"Person\",\"@id\":\"https:\/\/www.andorra-advisors.com\/fr\/#\/schema\/person\/de736d5ace974a427a41d6034f082942\",\"name\":\"Cristina L\u00f3pez Morales\",\"image\":{\"@type\":\"ImageObject\",\"inLanguage\":\"fr-FR\",\"@id\":\"https:\/\/www.andorra-advisors.com\/fr\/#\/schema\/person\/image\/\",\"url\":\"https:\/\/secure.gravatar.com\/avatar\/fedd1bd1f5793d622244afd8f03c6ec9?s=96&d=mm&r=g\",\"contentUrl\":\"https:\/\/secure.gravatar.com\/avatar\/fedd1bd1f5793d622244afd8f03c6ec9?s=96&d=mm&r=g\",\"caption\":\"Cristina L\u00f3pez Morales\"},\"description\":\"Baccalaur\u00e9at en administration et gestion des entreprises. Passion pour la finance et la communication. Apprentissage et formation dans le monde des affaires au quotidien. Je collabore avec Andorra Advisors by Aug\u00e9 Grup dans la cr\u00e9ation de contenus li\u00e9s \u00e0 la cr\u00e9ation d'entreprise et \u00e0 la fiscalit\u00e9 en Andorre.\",\"sameAs\":[\"admin\"],\"url\":\"https:\/\/www.andorra-advisors.com\/fr\/author\/cristina-lopez\/\"}]}<\/script>\n<!-- \/ Yoast SEO plugin. -->","yoast_head_json":{"title":"Nouvelle loi sur les locations en Andorre 2024 : Limitation des prix","description":"D\u00e9couvrez la loi andorrane 24\/2023\u00a0: mesures cl\u00e9s pour stabiliser le march\u00e9 locatif et prot\u00e9ger les locataires et les propri\u00e9taires.","robots":{"index":"index","follow":"follow","max-snippet":"max-snippet:-1","max-image-preview":"max-image-preview:large","max-video-preview":"max-video-preview:-1"},"canonical":"https:\/\/www.andorra-advisors.com\/fr\/blog\/limitation-de-location-andorre\/","og_locale":"fr_FR","og_type":"article","og_title":"Nouvelle loi sur les locations en Andorre 2024 : Limitation des prix","og_description":"D\u00e9couvrez la loi andorrane 24\/2023\u00a0: mesures cl\u00e9s pour stabiliser le march\u00e9 locatif et prot\u00e9ger les locataires et les propri\u00e9taires.","og_url":"https:\/\/www.andorra-advisors.com\/fr\/blog\/limitation-de-location-andorre\/","og_site_name":"Andorra Advisors","article_published_time":"2024-03-14T09:00:00+00:00","article_modified_time":"2024-04-03T10:32:10+00:00","og_image":[{"width":709,"height":473,"url":"https:\/\/www.andorra-advisors.com\/fr\/wp-content\/uploads\/2024\/03\/limitation-de-location.jpg","type":"image\/jpeg"}],"author":"Cristina L\u00f3pez Morales","twitter_card":"summary_large_image","twitter_misc":{"\u00c9crit par":"Cristina L\u00f3pez Morales","Dur\u00e9e de lecture estim\u00e9e":"3 minutes"},"schema":{"@context":"https:\/\/schema.org","@graph":[{"@type":"WebPage","@id":"https:\/\/www.andorra-advisors.com\/fr\/blog\/limitation-de-location-andorre\/","url":"https:\/\/www.andorra-advisors.com\/fr\/blog\/limitation-de-location-andorre\/","name":"Nouvelle loi sur les locations en Andorre 2024 : Limitation des prix","isPartOf":{"@id":"https:\/\/www.andorra-advisors.com\/fr\/#website"},"primaryImageOfPage":{"@id":"https:\/\/www.andorra-advisors.com\/fr\/blog\/limitation-de-location-andorre\/#primaryimage"},"image":{"@id":"https:\/\/www.andorra-advisors.com\/fr\/blog\/limitation-de-location-andorre\/#primaryimage"},"thumbnailUrl":"https:\/\/www.andorra-advisors.com\/fr\/wp-content\/uploads\/2024\/03\/limitation-de-location.jpg","datePublished":"2024-03-14T09:00:00+00:00","dateModified":"2024-04-03T10:32:10+00:00","author":{"@id":"https:\/\/www.andorra-advisors.com\/fr\/#\/schema\/person\/de736d5ace974a427a41d6034f082942"},"description":"D\u00e9couvrez la loi andorrane 24\/2023\u00a0: mesures cl\u00e9s pour stabiliser le march\u00e9 locatif et prot\u00e9ger les locataires et les propri\u00e9taires.","breadcrumb":{"@id":"https:\/\/www.andorra-advisors.com\/fr\/blog\/limitation-de-location-andorre\/#breadcrumb"},"inLanguage":"fr","potentialAction":[{"@type":"ReadAction","target":["https:\/\/www.andorra-advisors.com\/fr\/blog\/limitation-de-location-andorre\/"]}]},{"@type":"ImageObject","inLanguage":"fr-FR","@id":"https:\/\/www.andorra-advisors.com\/fr\/blog\/limitation-de-location-andorre\/#primaryimage","url":"https:\/\/www.andorra-advisors.com\/fr\/wp-content\/uploads\/2024\/03\/limitation-de-location.jpg","contentUrl":"https:\/\/www.andorra-advisors.com\/fr\/wp-content\/uploads\/2024\/03\/limitation-de-location.jpg","width":709,"height":473,"caption":"Limitation des locations"},{"@type":"BreadcrumbList","@id":"https:\/\/www.andorra-advisors.com\/fr\/blog\/limitation-de-location-andorre\/#breadcrumb","itemListElement":[{"@type":"ListItem","position":1,"name":"Accueil","item":"https:\/\/www.andorra-advisors.com\/fr\/"},{"@type":"ListItem","position":2,"name":"Nouvelle l\u00e9gislation en Andorre : Un r\u00e9pit pour le march\u00e9 locatif"}]},{"@type":"WebSite","@id":"https:\/\/www.andorra-advisors.com\/fr\/#website","url":"https:\/\/www.andorra-advisors.com\/fr\/","name":"Andorra Advisors","description":"","potentialAction":[{"@type":"SearchAction","target":{"@type":"EntryPoint","urlTemplate":"https:\/\/www.andorra-advisors.com\/fr\/?s={search_term_string}"},"query-input":{"@type":"PropertyValueSpecification","valueRequired":true,"valueName":"search_term_string"}}],"inLanguage":"fr-FR"},{"@type":"Person","@id":"https:\/\/www.andorra-advisors.com\/fr\/#\/schema\/person\/de736d5ace974a427a41d6034f082942","name":"Cristina L\u00f3pez Morales","image":{"@type":"ImageObject","inLanguage":"fr-FR","@id":"https:\/\/www.andorra-advisors.com\/fr\/#\/schema\/person\/image\/","url":"https:\/\/secure.gravatar.com\/avatar\/fedd1bd1f5793d622244afd8f03c6ec9?s=96&d=mm&r=g","contentUrl":"https:\/\/secure.gravatar.com\/avatar\/fedd1bd1f5793d622244afd8f03c6ec9?s=96&d=mm&r=g","caption":"Cristina L\u00f3pez Morales"},"description":"Baccalaur\u00e9at en administration et gestion des entreprises. Passion pour la finance et la communication. Apprentissage et formation dans le monde des affaires au quotidien. Je collabore avec Andorra Advisors by Aug\u00e9 Grup dans la cr\u00e9ation de contenus li\u00e9s \u00e0 la cr\u00e9ation d'entreprise et \u00e0 la fiscalit\u00e9 en Andorre.","sameAs":["admin"],"url":"https:\/\/www.andorra-advisors.com\/fr\/author\/cristina-lopez\/"}]}},"_links":{"self":[{"href":"https:\/\/www.andorra-advisors.com\/fr\/wp-json\/wp\/v2\/posts\/2663","targetHints":{"allow":["GET"]}}],"collection":[{"href":"https:\/\/www.andorra-advisors.com\/fr\/wp-json\/wp\/v2\/posts"}],"about":[{"href":"https:\/\/www.andorra-advisors.com\/fr\/wp-json\/wp\/v2\/types\/post"}],"author":[{"embeddable":true,"href":"https:\/\/www.andorra-advisors.com\/fr\/wp-json\/wp\/v2\/users\/1"}],"replies":[{"embeddable":true,"href":"https:\/\/www.andorra-advisors.com\/fr\/wp-json\/wp\/v2\/comments?post=2663"}],"version-history":[{"count":3,"href":"https:\/\/www.andorra-advisors.com\/fr\/wp-json\/wp\/v2\/posts\/2663\/revisions"}],"predecessor-version":[{"id":2691,"href":"https:\/\/www.andorra-advisors.com\/fr\/wp-json\/wp\/v2\/posts\/2663\/revisions\/2691"}],"wp:featuredmedia":[{"embeddable":true,"href":"https:\/\/www.andorra-advisors.com\/fr\/wp-json\/wp\/v2\/media\/2683"}],"wp:attachment":[{"href":"https:\/\/www.andorra-advisors.com\/fr\/wp-json\/wp\/v2\/media?parent=2663"}],"wp:term":[{"taxonomy":"category","embeddable":true,"href":"https:\/\/www.andorra-advisors.com\/fr\/wp-json\/wp\/v2\/categories?post=2663"},{"taxonomy":"post_tag","embeddable":true,"href":"https:\/\/www.andorra-advisors.com\/fr\/wp-json\/wp\/v2\/tags?post=2663"}],"curies":[{"name":"wp","href":"https:\/\/api.w.org\/{rel}","templated":true}]}}