{"id":952,"date":"2019-03-27T08:16:05","date_gmt":"2019-03-27T08:16:05","guid":{"rendered":"https:\/\/www.andorra-advisors.com\/fr\/?p=952"},"modified":"2019-03-27T08:16:05","modified_gmt":"2019-03-27T08:16:05","slug":"salaire-minimum-andorre-augmente","status":"publish","type":"post","link":"https:\/\/www.andorra-advisors.com\/fr\/blog\/salaire-minimum-andorre-augmente\/","title":{"rendered":"Le salaire minimum d&rsquo;Andorre augmente d&rsquo;un minimum de 3,2%"},"content":{"rendered":"<p style=\"text-align: justify;\">Le gouvernement d\u2019Andorre s\u2019est efforc\u00e9 d\u2019informer, par le biais de diff\u00e9rents repr\u00e9sentants des milieux d\u2019affaires et des syndicats andorrans, de l\u2019ensemble de mesures \u00e9conomiques prises au b\u00e9n\u00e9fice des citoyens.\u00a0<strong>Parmi ces mesures, l&rsquo;augmentation du salaire minimum est d&rsquo;au moins 3,2%.\u00a0<\/strong>L&rsquo;application de l&rsquo;augmentation de l&rsquo;IPC de l&rsquo;ann\u00e9e pr\u00e9c\u00e9dente est \u00e9galement observ\u00e9e pour les travailleurs dont le revenu est inf\u00e9rieur \u00e0 24 000 \u20ac par an.<\/p>\n<p style=\"text-align: justify;\">Avec cette mesure d&rsquo;augmentation minimale de 3,2%, on\u00a0<strong>s&rsquo;attend \u00e0 ce qu&rsquo;au moins 3 000 personnes puissent en b\u00e9n\u00e9ficier<\/strong>, bien que cela s&rsquo;applique \u00e9galement aux avantages sociaux.\u00a0De m\u00eame, il sera appliqu\u00e9 aux d\u00e9parts \u00e0 la retraite dont le revenu n&rsquo;atteint pas le salaire minimum, apr\u00e8s une cotation sup\u00e9rieure \u00e0 25 ans.<\/p>\n<h2 style=\"text-align: justify;\">Les mesures adopt\u00e9es par le gouvernement d\u2019Andorre sont r\u00e9alisables pour am\u00e9liorer l\u2019\u00e9conomie<\/h2>\n<p style=\"text-align: justify;\">Apr\u00e8s la r\u00e9union entre le ministre des Finances, Jordi Cinca, et le ministre des Affaires sociales, Xavier Espot, ont tous deux expliqu\u00e9 les am\u00e9liorations apport\u00e9es \u00e0 ce paquet lors d&rsquo;une conf\u00e9rence de presse<strong>.\u00a0La situation \u00e9conomique du pays \u00e9tait d\u00e9taill\u00e9e et ils ont \u00e9galement publi\u00e9 des d\u00e9tails sur les finances publiques<\/strong>, affirmant qu&rsquo;elles \u00e9taient saines.\u00a0Ils ont soulign\u00e9 que les mesures adopt\u00e9es sont r\u00e9alisables en raison de l&rsquo;am\u00e9lioration globale de l&rsquo;\u00e9conomie.<\/p>\n<p style=\"text-align: justify;\">En revanche,\u00a0<strong>les contrats de location qui aboutissent \u00e0 cette ann\u00e9e 2019 peuvent \u00eatre prolong\u00e9s d&rsquo;au moins un an<\/strong>.\u00a0En ce sens, l&rsquo;augmentation de l&rsquo;IPC calcul\u00e9e entre 0,7 et 0,9% sera autoris\u00e9e.\u00a0Cette mesure sera incluse dans la loi de finances pour cette nouvelle ann\u00e9e.<\/p>\n<p style=\"text-align: justify;\">Dans le cadre de ces mesures, les ministres ont \u00e9galement rendu compte de n\u00e9gociations avec les banques du pays.\u00a0<strong>Il s\u2019agit d\u2019un accord visant \u00e0 confier les b\u00e2timents au gouvernement d\u2019Andorre<\/strong>\u00a0afin qu\u2019ils puissent \u00eatre affect\u00e9s \u00e0 des \u00ab\u00a0personnes vuln\u00e9rables\u00a0\u00bb.\u00a0Il s\u2019agit d\u2019une mesure visant \u00e0 prot\u00e9ger les citoyens dans des \u00ab\u00a0situations de vuln\u00e9rabilit\u00e9\u00a0\u00bb.<\/p>\n<p style=\"text-align: justify;\">Enfin,\u00a0<strong>les ench\u00e8res immobili\u00e8res peuvent avoir une valeur de sortie d\u2019au moins 90% de leur valeur<\/strong>.\u00a0En effet, \u00e0 ce jour, leur prix de d\u00e9part se situait entre 70% et 50%.\u00a0De cette mani\u00e8re, il est pr\u00e9vu que cette mesure soit attribu\u00e9e \u00e0 un prix \u00e9quitable, en \u00e9vitant la vente \u00e0 des prix inf\u00e9rieurs de sa valeur r\u00e9elle.<\/p>\n","protected":false},"excerpt":{"rendered":"<p>Le gouvernement d\u2019Andorre s\u2019est efforc\u00e9 d\u2019informer, par le biais de diff\u00e9rents repr\u00e9sentants des milieux d\u2019affaires et des syndicats andorrans, de l\u2019ensemble de mesures \u00e9conomiques prises au b\u00e9n\u00e9fice des citoyens.\u00a0Parmi ces mesures, l&rsquo;augmentation du salaire minimum est d&rsquo;au moins 3,2%.\u00a0L&rsquo;application de l&rsquo;augmentation de l&rsquo;IPC de l&rsquo;ann\u00e9e pr\u00e9c\u00e9dente est \u00e9galement observ\u00e9e pour les travailleurs dont le revenu [&hellip;]<\/p>\n","protected":false},"author":1,"featured_media":941,"comment_status":"open","ping_status":"open","sticky":false,"template":"","format":"standard","meta":{"_acf_changed":false,"footnotes":""},"categories":[154],"tags":[181,148,182,183,184,167,185,186,187,188,189,190],"class_list":["post-952","post","type-post","status-publish","format-standard","has-post-thumbnail","hentry","category-entreprise","tag-accords","tag-andorre","tag-augmentation","tag-contrats","tag-encheres","tag-finances","tag-immobilier","tag-ipc","tag-louer","tag-personnes-vulnerables","tag-revenu","tag-salaire"],"acf":[],"yoast_head":"<!-- This site is optimized with the Yoast SEO plugin v24.6 - https:\/\/yoast.com\/wordpress\/plugins\/seo\/ -->\n<title>Le salaire minimum d&#039;Andorre augmente d&#039;un minimum de 3,2%<\/title>\n<meta name=\"description\" content=\"Augmentation du salaire minimum d&#039;au moins 3,2% et augmentation de l&#039;IPC de l&#039;ann\u00e9e pr\u00e9c\u00e9dente pour les travailleurs dont le revenu est inf\u00e9rieur \u00e0 24 000 \u20ac par an.\" \/>\n<meta name=\"robots\" content=\"index, follow, max-snippet:-1, max-image-preview:large, max-video-preview:-1\" \/>\n<link rel=\"canonical\" href=\"https:\/\/www.andorra-advisors.com\/fr\/blog\/salaire-minimum-andorre-augmente\/\" \/>\n<meta property=\"og:locale\" content=\"fr_FR\" \/>\n<meta property=\"og:type\" content=\"article\" \/>\n<meta property=\"og:title\" content=\"Le salaire minimum d&#039;Andorre augmente d&#039;un minimum de 3,2%\" \/>\n<meta property=\"og:description\" content=\"Augmentation du salaire minimum d&#039;au moins 3,2% et augmentation de l&#039;IPC de l&#039;ann\u00e9e pr\u00e9c\u00e9dente pour les travailleurs dont le revenu est inf\u00e9rieur \u00e0 24 000 \u20ac par an.\" \/>\n<meta property=\"og:url\" content=\"https:\/\/www.andorra-advisors.com\/fr\/blog\/salaire-minimum-andorre-augmente\/\" \/>\n<meta property=\"og:site_name\" content=\"Andorra Advisors\" \/>\n<meta property=\"article:published_time\" content=\"2019-03-27T08:16:05+00:00\" \/>\n<meta property=\"og:image\" content=\"https:\/\/www.andorra-advisors.com\/fr\/wp-content\/uploads\/2019\/03\/4-incremento-salario.jpg\" \/>\n\t<meta property=\"og:image:width\" content=\"461\" \/>\n\t<meta property=\"og:image:height\" content=\"309\" \/>\n\t<meta property=\"og:image:type\" content=\"image\/jpeg\" \/>\n<meta name=\"author\" content=\"Cristina L\u00f3pez Morales\" \/>\n<meta name=\"twitter:card\" content=\"summary_large_image\" \/>\n<meta name=\"twitter:label1\" content=\"\u00c9crit par\" \/>\n\t<meta name=\"twitter:data1\" content=\"Cristina L\u00f3pez Morales\" \/>\n\t<meta name=\"twitter:label2\" content=\"Dur\u00e9e de lecture estim\u00e9e\" \/>\n\t<meta name=\"twitter:data2\" content=\"2 minutes\" \/>\n<script type=\"application\/ld+json\" class=\"yoast-schema-graph\">{\"@context\":\"https:\/\/schema.org\",\"@graph\":[{\"@type\":\"WebPage\",\"@id\":\"https:\/\/www.andorra-advisors.com\/fr\/blog\/salaire-minimum-andorre-augmente\/\",\"url\":\"https:\/\/www.andorra-advisors.com\/fr\/blog\/salaire-minimum-andorre-augmente\/\",\"name\":\"Le salaire minimum d'Andorre augmente d'un minimum de 3,2%\",\"isPartOf\":{\"@id\":\"https:\/\/www.andorra-advisors.com\/fr\/#website\"},\"primaryImageOfPage\":{\"@id\":\"https:\/\/www.andorra-advisors.com\/fr\/blog\/salaire-minimum-andorre-augmente\/#primaryimage\"},\"image\":{\"@id\":\"https:\/\/www.andorra-advisors.com\/fr\/blog\/salaire-minimum-andorre-augmente\/#primaryimage\"},\"thumbnailUrl\":\"https:\/\/www.andorra-advisors.com\/fr\/wp-content\/uploads\/2019\/03\/4-incremento-salario.jpg\",\"datePublished\":\"2019-03-27T08:16:05+00:00\",\"author\":{\"@id\":\"https:\/\/www.andorra-advisors.com\/fr\/#\/schema\/person\/de736d5ace974a427a41d6034f082942\"},\"description\":\"Augmentation du salaire minimum d'au moins 3,2% et augmentation de l'IPC de l'ann\u00e9e pr\u00e9c\u00e9dente pour les travailleurs dont le revenu est inf\u00e9rieur \u00e0 24 000 \u20ac par an.\",\"breadcrumb\":{\"@id\":\"https:\/\/www.andorra-advisors.com\/fr\/blog\/salaire-minimum-andorre-augmente\/#breadcrumb\"},\"inLanguage\":\"fr\",\"potentialAction\":[{\"@type\":\"ReadAction\",\"target\":[\"https:\/\/www.andorra-advisors.com\/fr\/blog\/salaire-minimum-andorre-augmente\/\"]}]},{\"@type\":\"ImageObject\",\"inLanguage\":\"fr-FR\",\"@id\":\"https:\/\/www.andorra-advisors.com\/fr\/blog\/salaire-minimum-andorre-augmente\/#primaryimage\",\"url\":\"https:\/\/www.andorra-advisors.com\/fr\/wp-content\/uploads\/2019\/03\/4-incremento-salario.jpg\",\"contentUrl\":\"https:\/\/www.andorra-advisors.com\/fr\/wp-content\/uploads\/2019\/03\/4-incremento-salario.jpg\",\"width\":461,\"height\":309,\"caption\":\"incremento salario minimo andorra\"},{\"@type\":\"BreadcrumbList\",\"@id\":\"https:\/\/www.andorra-advisors.com\/fr\/blog\/salaire-minimum-andorre-augmente\/#breadcrumb\",\"itemListElement\":[{\"@type\":\"ListItem\",\"position\":1,\"name\":\"Accueil\",\"item\":\"https:\/\/www.andorra-advisors.com\/fr\/\"},{\"@type\":\"ListItem\",\"position\":2,\"name\":\"Le salaire minimum d&rsquo;Andorre augmente d&rsquo;un minimum de 3,2%\"}]},{\"@type\":\"WebSite\",\"@id\":\"https:\/\/www.andorra-advisors.com\/fr\/#website\",\"url\":\"https:\/\/www.andorra-advisors.com\/fr\/\",\"name\":\"Andorra Advisors\",\"description\":\"\",\"potentialAction\":[{\"@type\":\"SearchAction\",\"target\":{\"@type\":\"EntryPoint\",\"urlTemplate\":\"https:\/\/www.andorra-advisors.com\/fr\/?s={search_term_string}\"},\"query-input\":{\"@type\":\"PropertyValueSpecification\",\"valueRequired\":true,\"valueName\":\"search_term_string\"}}],\"inLanguage\":\"fr-FR\"},{\"@type\":\"Person\",\"@id\":\"https:\/\/www.andorra-advisors.com\/fr\/#\/schema\/person\/de736d5ace974a427a41d6034f082942\",\"name\":\"Cristina L\u00f3pez Morales\",\"image\":{\"@type\":\"ImageObject\",\"inLanguage\":\"fr-FR\",\"@id\":\"https:\/\/www.andorra-advisors.com\/fr\/#\/schema\/person\/image\/\",\"url\":\"https:\/\/secure.gravatar.com\/avatar\/fedd1bd1f5793d622244afd8f03c6ec9?s=96&d=mm&r=g\",\"contentUrl\":\"https:\/\/secure.gravatar.com\/avatar\/fedd1bd1f5793d622244afd8f03c6ec9?s=96&d=mm&r=g\",\"caption\":\"Cristina L\u00f3pez Morales\"},\"description\":\"Baccalaur\u00e9at en administration et gestion des entreprises. Passion pour la finance et la communication. Apprentissage et formation dans le monde des affaires au quotidien. Je collabore avec Andorra Advisors by Aug\u00e9 Grup dans la cr\u00e9ation de contenus li\u00e9s \u00e0 la cr\u00e9ation d'entreprise et \u00e0 la fiscalit\u00e9 en Andorre.\",\"sameAs\":[\"admin\"],\"url\":\"https:\/\/www.andorra-advisors.com\/fr\/author\/cristina-lopez\/\"}]}<\/script>\n<!-- \/ Yoast SEO plugin. -->","yoast_head_json":{"title":"Le salaire minimum d'Andorre augmente d'un minimum de 3,2%","description":"Augmentation du salaire minimum d'au moins 3,2% et augmentation de l'IPC de l'ann\u00e9e pr\u00e9c\u00e9dente pour les travailleurs dont le revenu est inf\u00e9rieur \u00e0 24 000 \u20ac par an.","robots":{"index":"index","follow":"follow","max-snippet":"max-snippet:-1","max-image-preview":"max-image-preview:large","max-video-preview":"max-video-preview:-1"},"canonical":"https:\/\/www.andorra-advisors.com\/fr\/blog\/salaire-minimum-andorre-augmente\/","og_locale":"fr_FR","og_type":"article","og_title":"Le salaire minimum d'Andorre augmente d'un minimum de 3,2%","og_description":"Augmentation du salaire minimum d'au moins 3,2% et augmentation de l'IPC de l'ann\u00e9e pr\u00e9c\u00e9dente pour les travailleurs dont le revenu est inf\u00e9rieur \u00e0 24 000 \u20ac par an.","og_url":"https:\/\/www.andorra-advisors.com\/fr\/blog\/salaire-minimum-andorre-augmente\/","og_site_name":"Andorra Advisors","article_published_time":"2019-03-27T08:16:05+00:00","og_image":[{"width":461,"height":309,"url":"https:\/\/www.andorra-advisors.com\/fr\/wp-content\/uploads\/2019\/03\/4-incremento-salario.jpg","type":"image\/jpeg"}],"author":"Cristina L\u00f3pez Morales","twitter_card":"summary_large_image","twitter_misc":{"\u00c9crit par":"Cristina L\u00f3pez Morales","Dur\u00e9e de lecture estim\u00e9e":"2 minutes"},"schema":{"@context":"https:\/\/schema.org","@graph":[{"@type":"WebPage","@id":"https:\/\/www.andorra-advisors.com\/fr\/blog\/salaire-minimum-andorre-augmente\/","url":"https:\/\/www.andorra-advisors.com\/fr\/blog\/salaire-minimum-andorre-augmente\/","name":"Le salaire minimum d'Andorre augmente d'un minimum de 3,2%","isPartOf":{"@id":"https:\/\/www.andorra-advisors.com\/fr\/#website"},"primaryImageOfPage":{"@id":"https:\/\/www.andorra-advisors.com\/fr\/blog\/salaire-minimum-andorre-augmente\/#primaryimage"},"image":{"@id":"https:\/\/www.andorra-advisors.com\/fr\/blog\/salaire-minimum-andorre-augmente\/#primaryimage"},"thumbnailUrl":"https:\/\/www.andorra-advisors.com\/fr\/wp-content\/uploads\/2019\/03\/4-incremento-salario.jpg","datePublished":"2019-03-27T08:16:05+00:00","author":{"@id":"https:\/\/www.andorra-advisors.com\/fr\/#\/schema\/person\/de736d5ace974a427a41d6034f082942"},"description":"Augmentation du salaire minimum d'au moins 3,2% et augmentation de l'IPC de l'ann\u00e9e pr\u00e9c\u00e9dente pour les travailleurs dont le revenu est inf\u00e9rieur \u00e0 24 000 \u20ac par an.","breadcrumb":{"@id":"https:\/\/www.andorra-advisors.com\/fr\/blog\/salaire-minimum-andorre-augmente\/#breadcrumb"},"inLanguage":"fr","potentialAction":[{"@type":"ReadAction","target":["https:\/\/www.andorra-advisors.com\/fr\/blog\/salaire-minimum-andorre-augmente\/"]}]},{"@type":"ImageObject","inLanguage":"fr-FR","@id":"https:\/\/www.andorra-advisors.com\/fr\/blog\/salaire-minimum-andorre-augmente\/#primaryimage","url":"https:\/\/www.andorra-advisors.com\/fr\/wp-content\/uploads\/2019\/03\/4-incremento-salario.jpg","contentUrl":"https:\/\/www.andorra-advisors.com\/fr\/wp-content\/uploads\/2019\/03\/4-incremento-salario.jpg","width":461,"height":309,"caption":"incremento salario minimo andorra"},{"@type":"BreadcrumbList","@id":"https:\/\/www.andorra-advisors.com\/fr\/blog\/salaire-minimum-andorre-augmente\/#breadcrumb","itemListElement":[{"@type":"ListItem","position":1,"name":"Accueil","item":"https:\/\/www.andorra-advisors.com\/fr\/"},{"@type":"ListItem","position":2,"name":"Le salaire minimum d&rsquo;Andorre augmente d&rsquo;un minimum de 3,2%"}]},{"@type":"WebSite","@id":"https:\/\/www.andorra-advisors.com\/fr\/#website","url":"https:\/\/www.andorra-advisors.com\/fr\/","name":"Andorra Advisors","description":"","potentialAction":[{"@type":"SearchAction","target":{"@type":"EntryPoint","urlTemplate":"https:\/\/www.andorra-advisors.com\/fr\/?s={search_term_string}"},"query-input":{"@type":"PropertyValueSpecification","valueRequired":true,"valueName":"search_term_string"}}],"inLanguage":"fr-FR"},{"@type":"Person","@id":"https:\/\/www.andorra-advisors.com\/fr\/#\/schema\/person\/de736d5ace974a427a41d6034f082942","name":"Cristina L\u00f3pez Morales","image":{"@type":"ImageObject","inLanguage":"fr-FR","@id":"https:\/\/www.andorra-advisors.com\/fr\/#\/schema\/person\/image\/","url":"https:\/\/secure.gravatar.com\/avatar\/fedd1bd1f5793d622244afd8f03c6ec9?s=96&d=mm&r=g","contentUrl":"https:\/\/secure.gravatar.com\/avatar\/fedd1bd1f5793d622244afd8f03c6ec9?s=96&d=mm&r=g","caption":"Cristina L\u00f3pez Morales"},"description":"Baccalaur\u00e9at en administration et gestion des entreprises. Passion pour la finance et la communication. Apprentissage et formation dans le monde des affaires au quotidien. Je collabore avec Andorra Advisors by Aug\u00e9 Grup dans la cr\u00e9ation de contenus li\u00e9s \u00e0 la cr\u00e9ation d'entreprise et \u00e0 la fiscalit\u00e9 en Andorre.","sameAs":["admin"],"url":"https:\/\/www.andorra-advisors.com\/fr\/author\/cristina-lopez\/"}]}},"_links":{"self":[{"href":"https:\/\/www.andorra-advisors.com\/fr\/wp-json\/wp\/v2\/posts\/952","targetHints":{"allow":["GET"]}}],"collection":[{"href":"https:\/\/www.andorra-advisors.com\/fr\/wp-json\/wp\/v2\/posts"}],"about":[{"href":"https:\/\/www.andorra-advisors.com\/fr\/wp-json\/wp\/v2\/types\/post"}],"author":[{"embeddable":true,"href":"https:\/\/www.andorra-advisors.com\/fr\/wp-json\/wp\/v2\/users\/1"}],"replies":[{"embeddable":true,"href":"https:\/\/www.andorra-advisors.com\/fr\/wp-json\/wp\/v2\/comments?post=952"}],"version-history":[{"count":0,"href":"https:\/\/www.andorra-advisors.com\/fr\/wp-json\/wp\/v2\/posts\/952\/revisions"}],"wp:featuredmedia":[{"embeddable":true,"href":"https:\/\/www.andorra-advisors.com\/fr\/wp-json\/wp\/v2\/media\/941"}],"wp:attachment":[{"href":"https:\/\/www.andorra-advisors.com\/fr\/wp-json\/wp\/v2\/media?parent=952"}],"wp:term":[{"taxonomy":"category","embeddable":true,"href":"https:\/\/www.andorra-advisors.com\/fr\/wp-json\/wp\/v2\/categories?post=952"},{"taxonomy":"post_tag","embeddable":true,"href":"https:\/\/www.andorra-advisors.com\/fr\/wp-json\/wp\/v2\/tags?post=952"}],"curies":[{"name":"wp","href":"https:\/\/api.w.org\/{rel}","templated":true}]}}